{"id":2249,"date":"2024-05-18T19:18:00","date_gmt":"2024-05-18T17:18:00","guid":{"rendered":"https:\/\/www.gymplka.cz\/?p=2249"},"modified":"2024-07-17T16:23:02","modified_gmt":"2024-07-17T14:23:02","slug":"test-2","status":"publish","type":"post","link":"https:\/\/www.gym-karvina.cz\/?p=2249","title":{"rendered":"Slavnostn\u00ed vy\u0159azen\u00ed maturant\u016f + video"},"content":{"rendered":"\n<p>Dne 5. \u010dervna 2024 se leto\u0161n\u00ed maturanti naposledy rozlou\u010dili s na\u0161im gymn\u00e1ziem ve zcela zapln\u011bn\u00e9m s\u00e1le Obchodn\u011b podnikatelsk\u00e9 fakulty Slezsk\u00e9 univerzity v Karvin\u00e9.<\/p>\n\n\n\n<p>Bylo jim slavnostn\u011b p\u0159ed\u00e1no maturitn\u00ed vysv\u011bd\u010den\u00ed z rukou \u0159editele \u0161koly Milo\u0161e Ku\u010dery. Slavnostn\u00edho vy\u0159azen\u00ed na\u0161ich maturant\u016f se z\u00fa\u010dastnil i n\u00e1m\u011bstek prim\u00e1tora m\u011bsta Andrzej Bizo\u0144. O kr\u00e1sn\u00fd doprovodn\u00fd program se postarali \u017e\u00e1ci ni\u017e\u0161\u00edch ro\u010dn\u00edk\u016f&nbsp; na\u0161eho gymn\u00e1zia. Cel\u00fdm podve\u010derem n\u00e1s prov\u00e1zela \u017e\u00e1kyn\u011b septimy J\u00falia Strako\u0161ov\u00e1. Maturant\u016fm p\u0159ejeme mnoho \u0161t\u011bst\u00ed a \u00fasp\u011bch\u016f na dal\u0161\u00ed cest\u011b \u017eivotem.<\/p>\n\n\n\n<p class=\"has-text-align-center\"><a href=\"https:\/\/photos.app.goo.gl\/jwBTg4oYcuiw5Fbv8\" target=\"_blank\" rel=\"noreferrer noopener\">FOTOalbum<\/a><\/p>\n\n\n\n<p style=\"text-align: center;\"><iframe loading=\"lazy\" title=\"YouTube video player\" src=\"https:\/\/www.youtube.com\/embed\/GHcHbgbLcMs?si=vre4jLiVlKy3c7oC\" width=\"560\" height=\"315\" frameborder=\"0\" allowfullscreen=\"allowfullscreen\"><\/iframe><\/p>\n\n\n\n<blockquote class=\"wp-block-quote is-layout-flow wp-block-quote-is-layout-flow\">\n<p class=\"has-text-align-right\">Mgr. Monika Brz\u00e1<\/p>\n<\/blockquote>\n","protected":false},"excerpt":{"rendered":"<p>Dne 5. \u010dervna 2024 se leto\u0161n\u00ed maturanti naposledy rozlou\u010dili s na\u0161im gymn\u00e1ziem ve zcela zapln\u011bn\u00e9m s\u00e1le Obchodn\u011b podnikatelsk\u00e9 fakulty Slezsk\u00e9 univerzity v Karvin\u00e9. Bylo jim slavnostn\u011b p\u0159ed\u00e1no maturitn\u00ed vysv\u011bd\u010den\u00ed z rukou \u0159editele \u0161koly Milo\u0161e Ku\u010dery.&#46;&#46;&#46;<\/p>\n","protected":false},"author":1,"featured_media":2361,"comment_status":"open","ping_status":"open","sticky":false,"template":"","format":"standard","meta":{"footnotes":""},"categories":[33],"tags":[],"class_list":["post-2249","post","type-post","status-publish","format-standard","has-post-thumbnail","hentry","category-homepage"],"_links":{"self":[{"href":"https:\/\/www.gym-karvina.cz\/index.php?rest_route=\/wp\/v2\/posts\/2249","targetHints":{"allow":["GET"]}}],"collection":[{"href":"https:\/\/www.gym-karvina.cz\/index.php?rest_route=\/wp\/v2\/posts"}],"about":[{"href":"https:\/\/www.gym-karvina.cz\/index.php?rest_route=\/wp\/v2\/types\/post"}],"author":[{"embeddable":true,"href":"https:\/\/www.gym-karvina.cz\/index.php?rest_route=\/wp\/v2\/users\/1"}],"replies":[{"embeddable":true,"href":"https:\/\/www.gym-karvina.cz\/index.php?rest_route=%2Fwp%2Fv2%2Fcomments&post=2249"}],"version-history":[{"count":7,"href":"https:\/\/www.gym-karvina.cz\/index.php?rest_route=\/wp\/v2\/posts\/2249\/revisions"}],"predecessor-version":[{"id":2372,"href":"https:\/\/www.gym-karvina.cz\/index.php?rest_route=\/wp\/v2\/posts\/2249\/revisions\/2372"}],"wp:featuredmedia":[{"embeddable":true,"href":"https:\/\/www.gym-karvina.cz\/index.php?rest_route=\/wp\/v2\/media\/2361"}],"wp:attachment":[{"href":"https:\/\/www.gym-karvina.cz\/index.php?rest_route=%2Fwp%2Fv2%2Fmedia&parent=2249"}],"wp:term":[{"taxonomy":"category","embeddable":true,"href":"https:\/\/www.gym-karvina.cz\/index.php?rest_route=%2Fwp%2Fv2%2Fcategories&post=2249"},{"taxonomy":"post_tag","embeddable":true,"href":"https:\/\/www.gym-karvina.cz\/index.php?rest_route=%2Fwp%2Fv2%2Ftags&post=2249"}],"curies":[{"name":"wp","href":"https:\/\/api.w.org\/{rel}","templated":true}]}}