{"id":2905,"date":"2024-08-27T17:49:39","date_gmt":"2024-08-27T15:49:39","guid":{"rendered":"https:\/\/www.gym-karvina.cz\/?p=2905"},"modified":"2024-08-28T09:39:19","modified_gmt":"2024-08-28T07:39:19","slug":"testovaci-aktualita","status":"publish","type":"post","link":"https:\/\/www.gym-karvina.cz\/?p=2905","title":{"rendered":"Testovac\u00ed aktualita"},"content":{"rendered":"\n<h1 class=\"wp-block-heading\">Test p\u0159\u00edsp\u011bvku<\/h1>\n\n\n\n<p>1. 9. 1953 byla zah\u00e1jena v\u00fduka na tehdej\u0161\u00ed Jeden\u00e1ctilet\u00e9 st\u0159edn\u00ed \u0161kole v&nbsp;Karvin\u00e9 \u2013 Dolech. V&nbsp;dal\u0161\u00edm obdob\u00ed \u0161kola 3kr\u00e1t zm\u011bnila jm\u00e9no (1953-1960 Jeden\u00e1ctilet\u00e1 st\u0159edn\u00ed \u0161kola, 1960-1970 St\u0159edn\u00ed v\u0161eobecn\u011b vzd\u011bl\u00e1vac\u00ed \u0161kola, 1970-2005 Gymn\u00e1zium, od 1. 1. 2006 Gymn\u00e1zium, Karvin\u00e1, p\u0159\u00edsp\u011bvkov\u00e1 organizace) a celkem p\u016fsobila na 4 m\u00edstech (1953-1954 Karvin\u00e1 \u2013 Doly, 1954-1969 Karvin\u00e1 \u2013 Fry\u0161t\u00e1t, ulice Jir\u00e1skova, 1969-1976 Karvin\u00e1 \u2013 Hranice, ulice Rud\u00e9 arm\u00e1dy, od roku 1976 gymn\u00e1zium z\u00edskalo budovu b\u00fdval\u00e9 z\u00e1kladn\u00ed \u0161koly v&nbsp;Karvin\u00e9 \u2013 Nov\u00e9m M\u011bst\u011b, ulice M\u00edrov\u00e1, kde p\u016fsob\u00ed do dne\u0161n\u00edch dn\u016f).<\/p>\n\n\n\n<p>V&nbsp;pr\u016fb\u011bhu \u010dasu vykon\u00e1vali funkci \u0159editele \u0161koly :<\/p>\n\n\n\n<p>Ji\u0159\u00ed Kraus (1953-1967)<br>Franti\u0161ek Escher (1967-1970)<br>Jaroslav \u0160rom (1970-1990)<br>RNDr. Bohumil V\u00e9voda (1990-2017)<br>Mgr. Milo\u0161 Ku\u010dera (2017- dosud)<\/p>\n\n\n\n<p>Pr\u00e1vn\u00ed subjektivitu \u0161kola z\u00edskala 1. 1. 1992, od 1. 1. 1995 se stala p\u0159\u00edsp\u011bvkovou organizac\u00ed za\u0159azenou do s\u00edt\u011b \u0161kol M\u0160MT \u010cR (s&nbsp;\u00fa\u010dinnost\u00ed od 1. 1. 1996). Z\u0159izovatelem \u0161koly je od 1. 7. 2001 Moravskoslezsk\u00fd kraj. Velk\u00e1 zm\u011bna v&nbsp;syst\u00e9mu v\u00fduky nastala v&nbsp;roce 1991, kdy bylo zah\u00e1jeno studium&nbsp; v&nbsp;prim\u011b tehdy je\u0161t\u011b sedmilet\u00e9ho dnes u\u017e osmilet\u00e9ho gymn\u00e1zia. Nav\u00e1zalo se tak na ov\u011b\u0159en\u00e9 tradice prvorepublikov\u00e9ho \u0161kolstv\u00ed.<\/p>\n","protected":false},"excerpt":{"rendered":"<p>Test p\u0159\u00edsp\u011bvku 1. 9. 1953 byla zah\u00e1jena v\u00fduka na tehdej\u0161\u00ed Jeden\u00e1ctilet\u00e9 st\u0159edn\u00ed \u0161kole v&nbsp;Karvin\u00e9 \u2013 Dolech. V&nbsp;dal\u0161\u00edm obdob\u00ed \u0161kola 3kr\u00e1t zm\u011bnila jm\u00e9no (1953-1960 Jeden\u00e1ctilet\u00e1 st\u0159edn\u00ed \u0161kola, 1960-1970 St\u0159edn\u00ed v\u0161eobecn\u011b vzd\u011bl\u00e1vac\u00ed \u0161kola, 1970-2005 Gymn\u00e1zium, od 1.&#46;&#46;&#46;<\/p>\n","protected":false},"author":1,"featured_media":2377,"comment_status":"open","ping_status":"open","sticky":false,"template":"","format":"standard","meta":{"footnotes":""},"categories":[25],"tags":[],"class_list":["post-2905","post","type-post","status-publish","format-standard","has-post-thumbnail","hentry","category-ivt"],"_links":{"self":[{"href":"https:\/\/www.gym-karvina.cz\/index.php?rest_route=\/wp\/v2\/posts\/2905","targetHints":{"allow":["GET"]}}],"collection":[{"href":"https:\/\/www.gym-karvina.cz\/index.php?rest_route=\/wp\/v2\/posts"}],"about":[{"href":"https:\/\/www.gym-karvina.cz\/index.php?rest_route=\/wp\/v2\/types\/post"}],"author":[{"embeddable":true,"href":"https:\/\/www.gym-karvina.cz\/index.php?rest_route=\/wp\/v2\/users\/1"}],"replies":[{"embeddable":true,"href":"https:\/\/www.gym-karvina.cz\/index.php?rest_route=%2Fwp%2Fv2%2Fcomments&post=2905"}],"version-history":[{"count":2,"href":"https:\/\/www.gym-karvina.cz\/index.php?rest_route=\/wp\/v2\/posts\/2905\/revisions"}],"predecessor-version":[{"id":2914,"href":"https:\/\/www.gym-karvina.cz\/index.php?rest_route=\/wp\/v2\/posts\/2905\/revisions\/2914"}],"wp:featuredmedia":[{"embeddable":true,"href":"https:\/\/www.gym-karvina.cz\/index.php?rest_route=\/wp\/v2\/media\/2377"}],"wp:attachment":[{"href":"https:\/\/www.gym-karvina.cz\/index.php?rest_route=%2Fwp%2Fv2%2Fmedia&parent=2905"}],"wp:term":[{"taxonomy":"category","embeddable":true,"href":"https:\/\/www.gym-karvina.cz\/index.php?rest_route=%2Fwp%2Fv2%2Fcategories&post=2905"},{"taxonomy":"post_tag","embeddable":true,"href":"https:\/\/www.gym-karvina.cz\/index.php?rest_route=%2Fwp%2Fv2%2Ftags&post=2905"}],"curies":[{"name":"wp","href":"https:\/\/api.w.org\/{rel}","templated":true}]}}