{"id":3354,"date":"2024-09-26T12:29:52","date_gmt":"2024-09-26T10:29:52","guid":{"rendered":"https:\/\/www.gym-karvina.cz\/?p=3354"},"modified":"2024-10-18T11:53:44","modified_gmt":"2024-10-18T09:53:44","slug":"s-programem-erasmus-do-vidne","status":"publish","type":"post","link":"https:\/\/www.gym-karvina.cz\/?p=3354","title":{"rendered":"S programem Erasmus+ do V\u00eddn\u011b"},"content":{"rendered":"\n<p>Skupina na\u0161ich \u017e\u00e1k\u016f se p\u0159ipravuje na t\u00fddenn\u00ed pobyt ve V\u00eddni, kter\u00fd se kon\u00e1 v\u00a0r\u00e1mci programu<br>Erasmus+. K\u00a0hlavn\u00edm c\u00edl\u016fm akce pat\u0159\u00ed rozvoj digit\u00e1ln\u00edch kompetenc\u00ed (pr\u00e1ce s\u00a0br\u00fdlemi pro virtu\u00e1ln\u00ed realitu), d\u00e1le pak pozn\u00e1v\u00e1n\u00ed jin\u00e9 kultury a zp\u016fsobu \u017eivota v\u00a0rakousk\u00e9 metropoli. Sadu br\u00fdl\u00ed pro virtu\u00e1ln\u00ed realitu a GoPro kameru \u0161kola zakoupila pr\u00e1v\u011b v\u00a0r\u00e1mci akreditace, resp. grantu programu Erasmus+. Technika bude slou\u017eit po n\u00e1vratu z\u00a0v\u00fdm\u011bnn\u00e9ho pobytu v\u0161em \u017e\u00e1k\u016fm \u0161koly. Sna\u017e\u00edme se dr\u017eet krok s\u00a0dobou a nab\u00edzet studuj\u00edc\u00edm na Gymn\u00e1ziu Karvin\u00e1 nov\u00fd sv\u011bt vzd\u011bl\u00e1vac\u00edch p\u0159\u00edle\u017eitost\u00ed.<\/p>\n\n\n\n<p class=\"has-text-align-center\">A\u0165 se jim pobyt vyda\u0159\u00ed!<\/p>\n\n\n\n<p class=\"has-text-align-right\"><em>Milo\u0161 Ku\u010dera<br>Julie Jankov\u00e1<\/em><\/p>\n\n\n\n<p class=\"has-text-align-center\"><a href=\"https:\/\/photos.app.goo.gl\/B1RVtpEsexDonBB5A\" target=\"_blank\" rel=\"noreferrer noopener\">FOTOgalerie<\/a><\/p>\n\n\n<div class=\"wp-block-image is-style-rounded\">\n<figure class=\"aligncenter size-full\"><a href=\"https:\/\/photos.app.goo.gl\/B1RVtpEsexDonBB5A \" target=\"_blank\" rel=\"noreferrer noopener\"><img loading=\"lazy\" decoding=\"async\" width=\"642\" height=\"250\" src=\"https:\/\/www.gym-karvina.cz\/wp-content\/uploads\/2024\/09\/virtualka.jpg\" alt=\"\" class=\"wp-image-3353\" srcset=\"https:\/\/www.gym-karvina.cz\/wp-content\/uploads\/2024\/09\/virtualka.jpg 642w, https:\/\/www.gym-karvina.cz\/wp-content\/uploads\/2024\/09\/virtualka-300x117.jpg 300w, https:\/\/www.gym-karvina.cz\/wp-content\/uploads\/2024\/09\/virtualka-24x9.jpg 24w, https:\/\/www.gym-karvina.cz\/wp-content\/uploads\/2024\/09\/virtualka-36x14.jpg 36w, https:\/\/www.gym-karvina.cz\/wp-content\/uploads\/2024\/09\/virtualka-48x19.jpg 48w\" sizes=\"auto, (max-width: 642px) 100vw, 642px\" \/><\/a><\/figure>\n<\/div>","protected":false},"excerpt":{"rendered":"<p>Skupina na\u0161ich \u017e\u00e1k\u016f se p\u0159ipravuje na t\u00fddenn\u00ed pobyt ve V\u00eddni, kter\u00fd se kon\u00e1 v\u00a0r\u00e1mci programuErasmus+. K\u00a0hlavn\u00edm c\u00edl\u016fm akce pat\u0159\u00ed rozvoj digit\u00e1ln\u00edch kompetenc\u00ed (pr\u00e1ce s\u00a0br\u00fdlemi pro virtu\u00e1ln\u00ed realitu), d\u00e1le pak pozn\u00e1v\u00e1n\u00ed jin\u00e9 kultury a zp\u016fsobu \u017eivota&#46;&#46;&#46;<\/p>\n","protected":false},"author":3,"featured_media":3353,"comment_status":"closed","ping_status":"closed","sticky":false,"template":"","format":"standard","meta":{"footnotes":""},"categories":[41,33],"tags":[],"class_list":["post-3354","post","type-post","status-publish","format-standard","has-post-thumbnail","hentry","category-akreditace-a2","category-homepage"],"_links":{"self":[{"href":"https:\/\/www.gym-karvina.cz\/index.php?rest_route=\/wp\/v2\/posts\/3354","targetHints":{"allow":["GET"]}}],"collection":[{"href":"https:\/\/www.gym-karvina.cz\/index.php?rest_route=\/wp\/v2\/posts"}],"about":[{"href":"https:\/\/www.gym-karvina.cz\/index.php?rest_route=\/wp\/v2\/types\/post"}],"author":[{"embeddable":true,"href":"https:\/\/www.gym-karvina.cz\/index.php?rest_route=\/wp\/v2\/users\/3"}],"replies":[{"embeddable":true,"href":"https:\/\/www.gym-karvina.cz\/index.php?rest_route=%2Fwp%2Fv2%2Fcomments&post=3354"}],"version-history":[{"count":4,"href":"https:\/\/www.gym-karvina.cz\/index.php?rest_route=\/wp\/v2\/posts\/3354\/revisions"}],"predecessor-version":[{"id":3821,"href":"https:\/\/www.gym-karvina.cz\/index.php?rest_route=\/wp\/v2\/posts\/3354\/revisions\/3821"}],"wp:featuredmedia":[{"embeddable":true,"href":"https:\/\/www.gym-karvina.cz\/index.php?rest_route=\/wp\/v2\/media\/3353"}],"wp:attachment":[{"href":"https:\/\/www.gym-karvina.cz\/index.php?rest_route=%2Fwp%2Fv2%2Fmedia&parent=3354"}],"wp:term":[{"taxonomy":"category","embeddable":true,"href":"https:\/\/www.gym-karvina.cz\/index.php?rest_route=%2Fwp%2Fv2%2Fcategories&post=3354"},{"taxonomy":"post_tag","embeddable":true,"href":"https:\/\/www.gym-karvina.cz\/index.php?rest_route=%2Fwp%2Fv2%2Ftags&post=3354"}],"curies":[{"name":"wp","href":"https:\/\/api.w.org\/{rel}","templated":true}]}}