{"id":3586,"date":"2024-10-11T16:05:22","date_gmt":"2024-10-11T14:05:22","guid":{"rendered":"https:\/\/www.gym-karvina.cz\/?p=3586"},"modified":"2024-10-18T11:58:38","modified_gmt":"2024-10-18T09:58:38","slug":"echange-francie-2024-nic-neni-nemozne","status":"publish","type":"post","link":"https:\/\/www.gym-karvina.cz\/?p=3586","title":{"rendered":"ERASMUS+ \u00c9CHANGE FRANCIE 2024 &#8211; NIC NEN\u00cd NEMO\u017dN\u00c9"},"content":{"rendered":"\n<h6 class=\"wp-block-heading\">29. 9. 2024 \u2013 6. 10. 2024<\/h6>\n\n\n\n<h6 class=\"wp-block-heading\">Skupinov\u00e1 mobilita \u017e\u00e1k\u016f, Lyc\u00e9e Sacr\u00e9 Coeur: Accueil, Tourcoing<\/h6>\n\n\n\n<p>T\u00fdden na p\u0159elomu z\u00e1\u0159\u00ed a \u0159\u00edjna byl t\u00fddnem Erasmus+ aktivit na\u0161eho gymn\u00e1zia. Ke skupin\u011b student\u016f, kter\u00e1 vyrazila do Rakouska zkou\u0161et se sv\u00fdmi m\u00edstn\u00edmi kolegy digit\u00e1ln\u00ed br\u00fdle, a t\u011bm, kte\u0159\u00ed vyjeli do Bratislavy s&nbsp;jasn\u00fdm posl\u00e1n\u00edm \u2013 mise v\u011bda, se p\u0159idali i \u00fa\u010dastn\u00edci v\u00fdm\u011bnn\u00e9ho pobytu, tzv. \u00e9change, kte\u0159\u00ed zam\u00ed\u0159ili do Francie.<\/p>\n\n\n\n<p>Ji\u017e jeden\u00e1ct let jsme v&nbsp;tomto projektu spole\u010dn\u011b s&nbsp;partnerskou \u0161kolou Lyc\u00e9e Sacr\u00e9 Coeur v&nbsp;Tourcoing a Lyceem Jana Sobieskeho z&nbsp;Jastrz\u0119bie-Zdroj. S&nbsp;dvouletou covidovou p\u0159est\u00e1vkou na\u0161i \u017e\u00e1ci ka\u017edoro\u010dn\u011b vyr\u00e1\u017eej\u00ed na sever Francie, aby zde str\u00e1vili t\u00fdden nabit\u00fd r\u016fzn\u00fdmi aktivitami \u2013 dva dny v&nbsp;Pa\u0159\u00ed\u017ei, den v&nbsp;Bruselu, \u00fa\u010dast v&nbsp;hodin\u00e1ch na lyceu, sportovn\u00ed i kulturn\u00ed aktivity, j\u00edzda TGV, slavnostn\u00ed p\u0159ijet\u00ed p\u0159edstaviteli m\u011bsta a \u0161koly na radnici v&nbsp;Tourcoing, v\u00edkend v&nbsp;rodin\u00e1ch, objevov\u00e1n\u00ed, zkou\u0161en\u00ed, ochutn\u00e1v\u00e1n\u00ed\u2026<strong><a href=\"https:\/\/photos.google.com\/share\/AF1QipNPvb_-wHMIySRZrP_yj44U85vzDBFjDEs4zHCcD6NSMvmM_8WVljWOmmxwqFgDbg?key=dkFJNHNJWmxnVW9wWk5YUmdmMkpBWVRfYUNSVU93\" target=\"_blank\" rel=\"noreferrer noopener\">srde\u010dn\u011b zveme do fotoalba!<\/a><\/strong><\/p>\n\n\n\n<p>Je tu v\u0161ak n\u011bco v\u00edc. Ka\u017ed\u00fd ro\u010dn\u00edk v\u00fdm\u011bnn\u00e9ho pobytu m\u00e1 n\u011bjak\u00fd sv\u016fj p\u0159\u00edb\u011bh. Ten leto\u0161n\u00ed se jmenuje \u2013 Thais.<\/p>\n\n\n\n<p>Thais je sedmn\u00e1ctilet\u00e1 usm\u011bvav\u00e1 d\u00edvka s&nbsp;touhou cestovat a \u017e\u00edt stejn\u011b jako v\u0161ichni jej\u00ed vrstevn\u00edci. N\u011bkolik posledn\u00edch let je v\u0161ak upoutan\u00e1 na invalidn\u00ed voz\u00edk. P\u0159esto snila o tom, \u017ee pojede se svou kamar\u00e1dkou na v\u00fdm\u011bnn\u00fd pobyt do Polska a \u010cesk\u00e9 republiky. K&nbsp;tomu v\u0161ak pot\u0159ebuje korespondenta, kter\u00fd by byl schopen ji ubytovat a zajistit j\u00ed v\u0161e pot\u0159ebn\u00e9. Velmi t\u011b\u017ek\u00fd \u00fakol. Kdy\u017e jsme od na\u0161ich francouzsk\u00fdch koleg\u016f dostali nesm\u011bl\u00fd dotaz, zda by to bylo mo\u017en\u00e9, ned\u00e1vali jsme kladn\u00e9 odpov\u011bdi t\u00e9m\u011b\u0159 \u017e\u00e1dnou \u0161anci. A p\u0159ece. \u201eTo nen\u00ed f\u00e9r, to je tak nespravedliv\u00e9, \u017ee ostatn\u00ed m\u016f\u017eou a ona ne\u2026.j\u00e1 si ji vezmu.\u201c Marie, studentka \u010dtvrt\u00e9ho ro\u010dn\u00edku, zvedla hozenou rukavici.<\/p>\n\n\n\n<p>Co dodat? Mo\u017en\u00e1 n\u011bkdy p\u0159ijdeme na to, jak cestovat v \u010dase, a na sv\u011bt se nau\u010d\u00edme d\u00edvat digit\u00e1ln\u00edmi br\u00fdlemi. Co v\u0161ak m\u016f\u017eeme ud\u011blat tady a te\u010f? \u010celit v\u00fdzv\u00e1m, podat pomocnou ruku, projevit odvahu, empatii a pochopen\u00ed. D\u00edky Marii se Thais spln\u00ed velk\u00fd sen, ve kter\u00fd u\u017e ani nedoufala. T\u011b\u0161\u00edme se na tebe na ja\u0159e v&nbsp;Karvin\u00e9, Thais. D\u011bkujeme, Maru\u0161ko.<\/p>\n\n\n\n<p class=\"has-text-align-right\">Za realiza\u010dn\u00ed t\u00fdm \u00e9change<\/p>\n\n\n\n<p class=\"has-text-align-right\"><em>Mgr. Radka Dr\u00e1bov\u00e1<\/em><\/p>\n\n\n\n<p class=\"has-text-align-center has-medium-font-size\"><a href=\"https:\/\/photos.google.com\/share\/AF1QipNPvb_-wHMIySRZrP_yj44U85vzDBFjDEs4zHCcD6NSMvmM_8WVljWOmmxwqFgDbg?key=dkFJNHNJWmxnVW9wWk5YUmdmMkpBWVRfYUNSVU93\" data-type=\"link\" data-id=\"https:\/\/photos.google.com\/share\/AF1QipNPvb_-wHMIySRZrP_yj44U85vzDBFjDEs4zHCcD6NSMvmM_8WVljWOmmxwqFgDbg?key=dkFJNHNJWmxnVW9wWk5YUmdmMkpBWVRfYUNSVU93\">FOTOalbum<\/a><\/p>\n\n\n<div class=\"wp-block-image is-style-rounded\">\n<figure class=\"aligncenter size-full\"><a href=\"https:\/\/www.gym-karvina.cz\/wp-content\/uploads\/2024\/10\/grupa2.jpg\" target=\"_blank\" rel=\"noreferrer noopener\"><img loading=\"lazy\" decoding=\"async\" width=\"850\" height=\"478\" src=\"https:\/\/www.gym-karvina.cz\/wp-content\/uploads\/2024\/10\/grupa2.jpg\" alt=\"\" class=\"wp-image-3588\" srcset=\"https:\/\/www.gym-karvina.cz\/wp-content\/uploads\/2024\/10\/grupa2.jpg 850w, https:\/\/www.gym-karvina.cz\/wp-content\/uploads\/2024\/10\/grupa2-300x169.jpg 300w, https:\/\/www.gym-karvina.cz\/wp-content\/uploads\/2024\/10\/grupa2-768x432.jpg 768w, https:\/\/www.gym-karvina.cz\/wp-content\/uploads\/2024\/10\/grupa2-24x13.jpg 24w, https:\/\/www.gym-karvina.cz\/wp-content\/uploads\/2024\/10\/grupa2-36x20.jpg 36w, https:\/\/www.gym-karvina.cz\/wp-content\/uploads\/2024\/10\/grupa2-48x27.jpg 48w\" sizes=\"auto, (max-width: 850px) 100vw, 850px\" \/><\/a><\/figure>\n<\/div>","protected":false},"excerpt":{"rendered":"<p>29. 9. 2024 \u2013 6. 10. 2024 Skupinov\u00e1 mobilita \u017e\u00e1k\u016f, Lyc\u00e9e Sacr\u00e9 Coeur: Accueil, Tourcoing T\u00fdden na p\u0159elomu z\u00e1\u0159\u00ed a \u0159\u00edjna byl t\u00fddnem Erasmus+ aktivit na\u0161eho gymn\u00e1zia. Ke skupin\u011b student\u016f, kter\u00e1 vyrazila do Rakouska zkou\u0161et&#46;&#46;&#46;<\/p>\n","protected":false},"author":7,"featured_media":3587,"comment_status":"closed","ping_status":"closed","sticky":false,"template":"","format":"standard","meta":{"footnotes":""},"categories":[41,33],"tags":[],"class_list":["post-3586","post","type-post","status-publish","format-standard","has-post-thumbnail","hentry","category-akreditace-a2","category-homepage"],"_links":{"self":[{"href":"https:\/\/www.gym-karvina.cz\/index.php?rest_route=\/wp\/v2\/posts\/3586","targetHints":{"allow":["GET"]}}],"collection":[{"href":"https:\/\/www.gym-karvina.cz\/index.php?rest_route=\/wp\/v2\/posts"}],"about":[{"href":"https:\/\/www.gym-karvina.cz\/index.php?rest_route=\/wp\/v2\/types\/post"}],"author":[{"embeddable":true,"href":"https:\/\/www.gym-karvina.cz\/index.php?rest_route=\/wp\/v2\/users\/7"}],"replies":[{"embeddable":true,"href":"https:\/\/www.gym-karvina.cz\/index.php?rest_route=%2Fwp%2Fv2%2Fcomments&post=3586"}],"version-history":[{"count":7,"href":"https:\/\/www.gym-karvina.cz\/index.php?rest_route=\/wp\/v2\/posts\/3586\/revisions"}],"predecessor-version":[{"id":3819,"href":"https:\/\/www.gym-karvina.cz\/index.php?rest_route=\/wp\/v2\/posts\/3586\/revisions\/3819"}],"wp:featuredmedia":[{"embeddable":true,"href":"https:\/\/www.gym-karvina.cz\/index.php?rest_route=\/wp\/v2\/media\/3587"}],"wp:attachment":[{"href":"https:\/\/www.gym-karvina.cz\/index.php?rest_route=%2Fwp%2Fv2%2Fmedia&parent=3586"}],"wp:term":[{"taxonomy":"category","embeddable":true,"href":"https:\/\/www.gym-karvina.cz\/index.php?rest_route=%2Fwp%2Fv2%2Fcategories&post=3586"},{"taxonomy":"post_tag","embeddable":true,"href":"https:\/\/www.gym-karvina.cz\/index.php?rest_route=%2Fwp%2Fv2%2Ftags&post=3586"}],"curies":[{"name":"wp","href":"https:\/\/api.w.org\/{rel}","templated":true}]}}