{"id":3591,"date":"2024-10-11T19:37:48","date_gmt":"2024-10-11T17:37:48","guid":{"rendered":"https:\/\/www.gym-karvina.cz\/?p=3591"},"modified":"2024-10-11T19:43:40","modified_gmt":"2024-10-11T17:43:40","slug":"michal-sevcik-mezi-nejlepsimi-zaky-moravskoslezskeho-kraje","status":"publish","type":"post","link":"https:\/\/www.gym-karvina.cz\/?p=3591","title":{"rendered":"Michal \u0160ev\u010d\u00edk mezi nejlep\u0161\u00edmi \u017e\u00e1ky Moravskoslezsk\u00e9ho kraje"},"content":{"rendered":"\n<p>N\u00e1\u0161 \u017e\u00e1k Michal \u0160ev\u010d\u00edk ze septimy p\u0159evzal v\u00a0Ryt\u00ed\u0159sk\u00e9m s\u00e1le fr\u00fddeck\u00e9ho z\u00e1mku ocen\u011bn\u00ed <strong>Nejlep\u0161\u00ed \u017e\u00e1k st\u0159edn\u00edch \u0161kol Moravskoslezsk\u00e9ho kraje ve \u0161koln\u00edm roce 2023\/24<\/strong>. Michal reprezentuje \u0161kolu v\u00a0mnoha sout\u011b\u017e\u00edch, jeho nejv\u011bt\u0161\u00edm \u00fasp\u011bchem je \u00fa\u010dast v\u00a0celost\u00e1tn\u00edm fin\u00e1le St\u0159edo\u0161kolsk\u00e9 odborn\u00e9 \u010dinnosti na Univerzit\u011b Pardubice, kde se svou prac\u00ed v\u00a0kategorii tvorba a ochrana \u017eivotn\u00edho prost\u0159ed\u00ed obsadil 7. m\u00edsto. M\u00e1 zku\u0161enosti i s publika\u010dn\u00ed \u010dinnost\u00ed, ve vydavatelstv\u00ed TAKTIK se stal spoluautorem Badatelsk\u00e9ho z\u00e1pisn\u00edku z p\u0159\u00edrodopisu pro 2. stupe\u0148 z\u00e1kladn\u00ed \u0161koly. Ve sv\u00e9m voln\u00e9m \u010dase se v\u011bnuje tak\u00e9 dobrovolnick\u00e9 \u010dinnosti. Na sn\u00edmku je se svou u\u010ditelkou Ji\u0159inou Machancovou, kter\u00e1 je na jeho \u00fasp\u011bchy n\u00e1le\u017eit\u011b py\u0161n\u00e1.<\/p>\n\n\n\n<p class=\"has-text-align-right\"><em>Milo\u0161 Ku\u010dera<\/em><\/p>\n\n\n\n<div class=\"wp-block-columns is-layout-flex wp-container-core-columns-is-layout-9d6595d7 wp-block-columns-is-layout-flex\">\n<div class=\"wp-block-column is-layout-flow wp-block-column-is-layout-flow\">\n<figure class=\"wp-block-image size-full is-resized\"><a href=\"https:\/\/www.gym-karvina.cz\/wp-content\/uploads\/2024\/10\/Certifikat_w850.jpg\" target=\"_blank\" rel=\"noreferrer noopener\"><img loading=\"lazy\" decoding=\"async\" width=\"850\" height=\"601\" src=\"https:\/\/www.gym-karvina.cz\/wp-content\/uploads\/2024\/10\/Certifikat_w850.jpg\" alt=\"\" class=\"wp-image-3595\" style=\"width:302px\" srcset=\"https:\/\/www.gym-karvina.cz\/wp-content\/uploads\/2024\/10\/Certifikat_w850.jpg 850w, https:\/\/www.gym-karvina.cz\/wp-content\/uploads\/2024\/10\/Certifikat_w850-300x212.jpg 300w, https:\/\/www.gym-karvina.cz\/wp-content\/uploads\/2024\/10\/Certifikat_w850-768x543.jpg 768w, https:\/\/www.gym-karvina.cz\/wp-content\/uploads\/2024\/10\/Certifikat_w850-24x17.jpg 24w, https:\/\/www.gym-karvina.cz\/wp-content\/uploads\/2024\/10\/Certifikat_w850-36x25.jpg 36w, https:\/\/www.gym-karvina.cz\/wp-content\/uploads\/2024\/10\/Certifikat_w850-48x34.jpg 48w\" sizes=\"auto, (max-width: 850px) 100vw, 850px\" \/><\/a><\/figure>\n<\/div>\n\n\n\n<div class=\"wp-block-column is-layout-flow wp-block-column-is-layout-flow\">\n<figure class=\"wp-block-image size-full\"><a href=\"https:\/\/www.gym-karvina.cz\/wp-content\/uploads\/2024\/10\/Michal02_w461.jpg\" target=\"_blank\" rel=\"noreferrer noopener\"><img loading=\"lazy\" decoding=\"async\" width=\"461\" height=\"623\" src=\"https:\/\/www.gym-karvina.cz\/wp-content\/uploads\/2024\/10\/Michal02_w461.jpg\" alt=\"\" class=\"wp-image-3593\" srcset=\"https:\/\/www.gym-karvina.cz\/wp-content\/uploads\/2024\/10\/Michal02_w461.jpg 461w, https:\/\/www.gym-karvina.cz\/wp-content\/uploads\/2024\/10\/Michal02_w461-222x300.jpg 222w, https:\/\/www.gym-karvina.cz\/wp-content\/uploads\/2024\/10\/Michal02_w461-18x24.jpg 18w, https:\/\/www.gym-karvina.cz\/wp-content\/uploads\/2024\/10\/Michal02_w461-27x36.jpg 27w, https:\/\/www.gym-karvina.cz\/wp-content\/uploads\/2024\/10\/Michal02_w461-36x48.jpg 36w\" sizes=\"auto, (max-width: 461px) 100vw, 461px\" \/><\/a><\/figure>\n<\/div>\n\n\n\n<div class=\"wp-block-column is-layout-flow wp-block-column-is-layout-flow\">\n<figure class=\"wp-block-image size-full is-resized\"><a href=\"https:\/\/www.gym-karvina.cz\/wp-content\/uploads\/2024\/10\/Michal01_w850.jpg\" target=\"_blank\" rel=\"noreferrer noopener\"><img loading=\"lazy\" decoding=\"async\" width=\"850\" height=\"623\" src=\"https:\/\/www.gym-karvina.cz\/wp-content\/uploads\/2024\/10\/Michal01_w850.jpg\" alt=\"\" class=\"wp-image-3592\" style=\"width:302px;height:auto\" srcset=\"https:\/\/www.gym-karvina.cz\/wp-content\/uploads\/2024\/10\/Michal01_w850.jpg 850w, https:\/\/www.gym-karvina.cz\/wp-content\/uploads\/2024\/10\/Michal01_w850-300x220.jpg 300w, https:\/\/www.gym-karvina.cz\/wp-content\/uploads\/2024\/10\/Michal01_w850-768x563.jpg 768w, https:\/\/www.gym-karvina.cz\/wp-content\/uploads\/2024\/10\/Michal01_w850-24x18.jpg 24w, https:\/\/www.gym-karvina.cz\/wp-content\/uploads\/2024\/10\/Michal01_w850-36x26.jpg 36w, https:\/\/www.gym-karvina.cz\/wp-content\/uploads\/2024\/10\/Michal01_w850-48x35.jpg 48w\" sizes=\"auto, (max-width: 850px) 100vw, 850px\" \/><\/a><\/figure>\n<\/div>\n<\/div>\n\n\n\n<p><\/p>\n","protected":false},"excerpt":{"rendered":"<p>N\u00e1\u0161 \u017e\u00e1k Michal \u0160ev\u010d\u00edk ze septimy p\u0159evzal v\u00a0Ryt\u00ed\u0159sk\u00e9m s\u00e1le fr\u00fddeck\u00e9ho z\u00e1mku ocen\u011bn\u00ed Nejlep\u0161\u00ed \u017e\u00e1k st\u0159edn\u00edch \u0161kol Moravskoslezsk\u00e9ho kraje ve \u0161koln\u00edm roce 2023\/24. Michal reprezentuje \u0161kolu v\u00a0mnoha sout\u011b\u017e\u00edch, jeho nejv\u011bt\u0161\u00edm \u00fasp\u011bchem je \u00fa\u010dast v\u00a0celost\u00e1tn\u00edm fin\u00e1le St\u0159edo\u0161kolsk\u00e9&#46;&#46;&#46;<\/p>\n","protected":false},"author":8,"featured_media":3594,"comment_status":"closed","ping_status":"closed","sticky":false,"template":"","format":"standard","meta":{"footnotes":""},"categories":[33],"tags":[],"class_list":["post-3591","post","type-post","status-publish","format-standard","has-post-thumbnail","hentry","category-homepage"],"_links":{"self":[{"href":"https:\/\/www.gym-karvina.cz\/index.php?rest_route=\/wp\/v2\/posts\/3591","targetHints":{"allow":["GET"]}}],"collection":[{"href":"https:\/\/www.gym-karvina.cz\/index.php?rest_route=\/wp\/v2\/posts"}],"about":[{"href":"https:\/\/www.gym-karvina.cz\/index.php?rest_route=\/wp\/v2\/types\/post"}],"author":[{"embeddable":true,"href":"https:\/\/www.gym-karvina.cz\/index.php?rest_route=\/wp\/v2\/users\/8"}],"replies":[{"embeddable":true,"href":"https:\/\/www.gym-karvina.cz\/index.php?rest_route=%2Fwp%2Fv2%2Fcomments&post=3591"}],"version-history":[{"count":8,"href":"https:\/\/www.gym-karvina.cz\/index.php?rest_route=\/wp\/v2\/posts\/3591\/revisions"}],"predecessor-version":[{"id":3605,"href":"https:\/\/www.gym-karvina.cz\/index.php?rest_route=\/wp\/v2\/posts\/3591\/revisions\/3605"}],"wp:featuredmedia":[{"embeddable":true,"href":"https:\/\/www.gym-karvina.cz\/index.php?rest_route=\/wp\/v2\/media\/3594"}],"wp:attachment":[{"href":"https:\/\/www.gym-karvina.cz\/index.php?rest_route=%2Fwp%2Fv2%2Fmedia&parent=3591"}],"wp:term":[{"taxonomy":"category","embeddable":true,"href":"https:\/\/www.gym-karvina.cz\/index.php?rest_route=%2Fwp%2Fv2%2Fcategories&post=3591"},{"taxonomy":"post_tag","embeddable":true,"href":"https:\/\/www.gym-karvina.cz\/index.php?rest_route=%2Fwp%2Fv2%2Ftags&post=3591"}],"curies":[{"name":"wp","href":"https:\/\/api.w.org\/{rel}","templated":true}]}}