{"id":3638,"date":"2023-10-10T13:46:51","date_gmt":"2023-10-10T11:46:51","guid":{"rendered":"https:\/\/www.gym-karvina.cz\/?p=3638"},"modified":"2024-10-17T14:54:49","modified_gmt":"2024-10-17T12:54:49","slug":"vymenny-pobyt-ve-francii-2023","status":"publish","type":"post","link":"https:\/\/www.gym-karvina.cz\/?p=3638","title":{"rendered":"V\u00fdm\u011bnn\u00fd pobyt Erasmus+ ve Francii 2023"},"content":{"rendered":"\n<h6 class=\"wp-block-heading\">24. 9. 2023 &#8211; 1. 10. 2023<\/h6>\n\n\n\n<h6 class=\"wp-block-heading\">Skupinov\u00e1 mobilita \u017e\u00e1k\u016f, Lyc\u00e9e Sacr\u00e9 Coeur: Accueil, Tourcoing<\/h6>\n\n\n\n<p><img loading=\"lazy\" decoding=\"async\" width=\"261\" height=\"200\" class=\"wp-image-3649\" style=\"width: 150px;float: left; margin-right: 10px\" src=\"https:\/\/www.gym-karvina.cz\/wp-content\/uploads\/2024\/10\/france2023.jpg\" alt=\"\" srcset=\"https:\/\/www.gym-karvina.cz\/wp-content\/uploads\/2024\/10\/france2023.jpg 261w, https:\/\/www.gym-karvina.cz\/wp-content\/uploads\/2024\/10\/france2023-24x18.jpg 24w, https:\/\/www.gym-karvina.cz\/wp-content\/uploads\/2024\/10\/france2023-36x28.jpg 36w, https:\/\/www.gym-karvina.cz\/wp-content\/uploads\/2024\/10\/france2023-48x37.jpg 48w\" sizes=\"auto, (max-width: 261px) 100vw, 261px\" \/>Na p\u0159elomu z\u00e1\u0159\u00ed a \u0159\u00edjna se vydala skupina na\u0161ich \u017e\u00e1k\u016f na v\u00fdm\u011bnn\u00fd pobyt do Francie.<\/p>\n\n\n\n<p>Na n\u00e1dra\u017e\u00ed v&nbsp;Tourcoing je \u010dekaly rodiny jejich francouzsk\u00fdch korespondent\u016f, kter\u00e9 jim na t\u00fdden otev\u0159ely sv\u00e9 domovy a svou n\u00e1ru\u010d. D\u011bti \u010dekala spousta r\u016fzn\u00fdch aktivit, cestov\u00e1n\u00ed a hlavn\u011b mluven\u00ed v&nbsp;ciz\u00edch jazyc\u00edch \u2013 angli\u010dtin\u011b a \u2013 kdo cht\u011bl \u2013 i francouz\u0161tin\u011b. Za\u017eili jsme toho opravdu hodn\u011b. N\u00e1v\u0161t\u011bva Lille, belgick\u00fdch Brugg, dvakr\u00e1t v\u00fdjezd do Pa\u0159\u00ed\u017ee rychlovlakem TGV, \u00fa\u010dast ve v\u00fduce na lyceu, sportovn\u00ed a kulturn\u00ed program, slavnostn\u00ed recepce na radnici. A hlavn\u011b \u2013 pobyt nejen v&nbsp;rodin\u00e1ch se sv\u00fdmi m\u00edstn\u00edmi vrstevn\u00edky. Spole\u010dn\u00e9 akce, sd\u00edlen\u00ed zku\u0161enost\u00ed, n\u00e1zor\u016f, z\u00e1bava. Navazov\u00e1n\u00ed kontakt\u016f a p\u0159\u00e1telstv\u00ed, spousta z\u00e1\u017eitk\u016f. Ptejte se t\u011bch, kte\u0159\u00ed za\u017eili.<\/p>\n\n\n\n<p>Chceme pod\u011bkovat v\u0161em z\u00fa\u010dastn\u011bn\u00fdm za skv\u011blou reprezentaci na\u0161\u00ed \u0161koly v&nbsp;zahrani\u010dn\u00ed, za zodpov\u011bdn\u00fd a \u010dasto vtipn\u00fd p\u0159\u00edstup k&nbsp;pln\u011bn\u00ed pokyn\u016f a \u00fakol\u016f. D\u00e1le tak\u00e9 statut\u00e1rn\u00edmu m\u011bstu Karvin\u00e1, kter\u00e9 je na\u0161\u00edm dlouhodob\u00fdm podporovatelem, a Gymn\u00e1ziu Karvin\u00e1, jmenovit\u011b pan\u00ed Iv\u011b Vrbov\u00e9, za mo\u017enost p\u0159ipojit na\u0161i aktivitu k&nbsp;projekt\u016fm Erasmus +.<\/p>\n\n\n\n<p>P\u0159\u00ed\u0161t\u00ed rok jedeme zase, akce je ur\u010dena pro V\u0160ECHNY studenty vy\u0161\u0161\u00edho gymn\u00e1zia, komunika\u010dn\u00ed jazyk \u2013 ANGLI\u010cTINA.<\/p>\n\n\n\n<p class=\"has-text-align-center\"><a href=\"https:\/\/photos.app.goo.gl\/DXt2Zgx9tGipZcWs9\" target=\"_blank\" rel=\"noreferrer noopener\">FOTOalbum<\/a><\/p>\n\n\n\n<p class=\"has-text-align-right\"><em>Za realiza\u010dn\u00ed t\u00fdm Mgr. Radka Dr\u00e1bov\u00e1<\/em><\/p>\n","protected":false},"excerpt":{"rendered":"<p>24. 9. 2023 &#8211; 1. 10. 2023 Skupinov\u00e1 mobilita \u017e\u00e1k\u016f, Lyc\u00e9e Sacr\u00e9 Coeur: Accueil, Tourcoing Na p\u0159elomu z\u00e1\u0159\u00ed a \u0159\u00edjna se vydala skupina na\u0161ich \u017e\u00e1k\u016f na v\u00fdm\u011bnn\u00fd pobyt do Francie. Na n\u00e1dra\u017e\u00ed v&nbsp;Tourcoing je \u010dekaly&#46;&#46;&#46;<\/p>\n","protected":false},"author":3,"featured_media":3639,"comment_status":"closed","ping_status":"closed","sticky":false,"template":"","format":"standard","meta":{"footnotes":""},"categories":[40],"tags":[],"class_list":["post-3638","post","type-post","status-publish","format-standard","has-post-thumbnail","hentry","category-akreditace"],"_links":{"self":[{"href":"https:\/\/www.gym-karvina.cz\/index.php?rest_route=\/wp\/v2\/posts\/3638","targetHints":{"allow":["GET"]}}],"collection":[{"href":"https:\/\/www.gym-karvina.cz\/index.php?rest_route=\/wp\/v2\/posts"}],"about":[{"href":"https:\/\/www.gym-karvina.cz\/index.php?rest_route=\/wp\/v2\/types\/post"}],"author":[{"embeddable":true,"href":"https:\/\/www.gym-karvina.cz\/index.php?rest_route=\/wp\/v2\/users\/3"}],"replies":[{"embeddable":true,"href":"https:\/\/www.gym-karvina.cz\/index.php?rest_route=%2Fwp%2Fv2%2Fcomments&post=3638"}],"version-history":[{"count":3,"href":"https:\/\/www.gym-karvina.cz\/index.php?rest_route=\/wp\/v2\/posts\/3638\/revisions"}],"predecessor-version":[{"id":3759,"href":"https:\/\/www.gym-karvina.cz\/index.php?rest_route=\/wp\/v2\/posts\/3638\/revisions\/3759"}],"wp:featuredmedia":[{"embeddable":true,"href":"https:\/\/www.gym-karvina.cz\/index.php?rest_route=\/wp\/v2\/media\/3639"}],"wp:attachment":[{"href":"https:\/\/www.gym-karvina.cz\/index.php?rest_route=%2Fwp%2Fv2%2Fmedia&parent=3638"}],"wp:term":[{"taxonomy":"category","embeddable":true,"href":"https:\/\/www.gym-karvina.cz\/index.php?rest_route=%2Fwp%2Fv2%2Fcategories&post=3638"},{"taxonomy":"post_tag","embeddable":true,"href":"https:\/\/www.gym-karvina.cz\/index.php?rest_route=%2Fwp%2Fv2%2Ftags&post=3638"}],"curies":[{"name":"wp","href":"https:\/\/api.w.org\/{rel}","templated":true}]}}