{"id":3644,"date":"2023-11-27T13:52:49","date_gmt":"2023-11-27T12:52:49","guid":{"rendered":"https:\/\/www.gym-karvina.cz\/?p=3644"},"modified":"2024-10-19T08:04:55","modified_gmt":"2024-10-19T06:04:55","slug":"pobyt-v-dansku-v-ramci-programu-erasmus","status":"publish","type":"post","link":"https:\/\/www.gym-karvina.cz\/?p=3644","title":{"rendered":"V\u00fdm\u011bnn\u00fd pobyt Erasmus+ v D\u00e1nsku 2023"},"content":{"rendered":"\n<h6 class=\"wp-block-heading\">5. 11. 2023 &#8211; 12. 11. 2023<\/h6>\n\n\n\n<h6 class=\"wp-block-heading\">Skupinov\u00e1 mobilita \u017e\u00e1k\u016f, Rejsby Europ\u00e6iske Efterskole, Rejsby<\/h6>\n\n\n\n<p id=\"m_-7748419794671608500gmail-docs-internal-guid-0cf87d9d-7fff-9ebc-9ff4-40a29f5f900d\"><img loading=\"lazy\" decoding=\"async\" width=\"261\" height=\"200\" class=\"wp-image-3645\" style=\"width: 150px;float: left; margin-right: 10px\" src=\"https:\/\/www.gym-karvina.cz\/wp-content\/uploads\/2024\/10\/dansko23.jpg\" alt=\"\" srcset=\"https:\/\/www.gym-karvina.cz\/wp-content\/uploads\/2024\/10\/dansko23.jpg 261w, https:\/\/www.gym-karvina.cz\/wp-content\/uploads\/2024\/10\/dansko23-24x18.jpg 24w, https:\/\/www.gym-karvina.cz\/wp-content\/uploads\/2024\/10\/dansko23-36x28.jpg 36w, https:\/\/www.gym-karvina.cz\/wp-content\/uploads\/2024\/10\/dansko23-48x37.jpg 48w\" sizes=\"auto, (max-width: 261px) 100vw, 261px\" \/>4. listopadu vyrazil t\u00fdm 26 \u017e\u00e1k\u016f a t\u0159\u00ed u\u010ditel\u016f na v\u00fdm\u011bnn\u00fd pobyt do D\u00e1nska v r\u00e1mci programu Erasmus+. C\u00edlem pobytu bylo vz\u00e1jemn\u00e9 sezn\u00e1men\u00ed \u010desk\u00fdch a d\u00e1nsk\u00fdch \u017e\u00e1k\u016f s kulturou a vzd\u011bl\u00e1vac\u00edm syst\u00e9mem druh\u00e9 zem\u011b, a p\u0159edev\u0161\u00edm pak sd\u00edlen\u00ed dobr\u00e9 praxe v oblastech ekologick\u00fdch \u0159e\u0161en\u00ed a ob\u010dansk\u00e9m vzd\u011bl\u00e1v\u00e1n\u00ed. Na\u0161\u00ed partnerskou \u0161kolou byla Rejsby Europ\u00e6iske Efterskole.<\/p>\n\n\n\n<p>Na\u0161\u00ed prvn\u00ed zast\u00e1vkou byla Koda\u0148, kde pro n\u00e1s d\u00e1n\u0161t\u00ed \u017e\u00e1ci p\u0159ipravili n\u011bkolik kulturn\u011b-vzd\u011bl\u00e1vac\u00edch aktivit navazuj\u00edc\u00edch na p\u0159\u00edpravn\u00e9 aktivity a t\u00fdkaj\u00edc\u00edch se v\u00fdznamn\u00fdch m\u00edst (s\u00eddlo parlamentu Rosenborg, pevnost Kastellet, socha Mal\u00e9 mo\u0159sk\u00e9 v\u00edly, kr\u00e1lovsk\u00fd pal\u00e1c Amalienborg, n\u00e1m\u011bst\u00ed Kongens Nytorv s&nbsp;v\u00e1no\u010dn\u00edmi trhy). Po noclehu v hostelu a dopoledn\u00ed prohl\u00eddce \u010dtvrti N\u00f8rrebro s&nbsp;debatou o multikulturalismu a d\u00e1nsk\u00e9 literatu\u0159e (hroby Andersena a Kierkegaarda na m\u00edstn\u00edm h\u0159bitov\u011b) jsme se vydali p\u0159es cel\u00e9 D\u00e1nsko do Rejsby, vesni\u010dky na z\u00e1pad\u011b Jutsk\u00e9ho poloostrova, kde s\u00eddl\u00ed na\u0161e partnersk\u00e1 \u0161kola.<\/p>\n\n\n\n<p>Rejsby Europ\u00e6iske Efterskole je jednoro\u010dn\u00ed intern\u00e1tn\u00ed st\u0159edn\u00ed \u0161kolou, kde \u017e\u00e1ci tr\u00e1v\u00ed ve\u0161ker\u00fd \u010das a kter\u00e1 se zam\u011b\u0159uje na spole\u010densk\u00e9 v\u011bdy v evropsk\u00e9m rozm\u011bru. B\u011bhem de\u0161tiv\u00e9ho pracovn\u00edho t\u00fddne jsme se stravovali v m\u00edstn\u00ed \u0161koln\u00ed j\u00eddeln\u011b, kde j\u00eddlo p\u0159ipravuj\u00ed sami \u017e\u00e1ci. Velice n\u00e1s zaujalo \u0159e\u0161en\u00ed ekologick\u00e9ho stravov\u00e1n\u00ed a prevence pl\u00fdtv\u00e1n\u00ed j\u00eddlem, kter\u00e9 \u0161kola zavedla, a r\u00e1di bychom podobn\u00e9 prvky p\u0159evzali i na sv\u00e9 \u0161kole. Spali jsme v \u017e\u00e1kovsk\u00fdch ubikac\u00edch, leckdy ve st\u00edsn\u011bn\u00fdch pokoj\u00edch, se sv\u00fdmi d\u00e1nsk\u00fdmi prot\u011bj\u0161ky.<\/p>\n\n\n\n<p>Uspo\u0159\u00e1dali jsme n\u011bkolik aktivit, b\u011bhem kter\u00fdch n\u00e1s D\u00e1nov\u00e9 sezn\u00e1mili se z\u00e1kladn\u00edmi fr\u00e1zemi v&nbsp;d\u00e1n\u0161tin\u011b, se kter\u00fdmi se na\u0161i \u017e\u00e1ci vypo\u0159\u00e1dali velice dob\u0159e, a p\u0159izvali n\u00e1s ke sportovn\u00edm aktivit\u00e1m. P\u0159\u00edmo na m\u00edst\u011b jsme pro D\u00e1ny p\u0159ipravili ve\u010der \u010desk\u00e9 kuchyn\u011b a ve\u010der \u010desk\u00e9 kultury, b\u011bhem kter\u00e9ho si D\u00e1nov\u00e9 ov\u011b\u0159ili sv\u00e9 znalosti o \u010cesku v kv\u00edzu, zatan\u010dili si s n\u00e1mi polku, procvi\u010dili si \u010desk\u00e9 jazykolamy a sezn\u00e1mili se s na\u0161imi idiomy. D\u00e1nov\u00e9 pro n\u00e1s tak\u00e9 p\u0159ipravili aktivitu, p\u0159i n\u00ed\u017e jsme si vyzkou\u0161eli sv\u00e9 programovac\u00ed schopnosti \u2013 museli jsme sestavit a naprogramovat roboty z Lega tak, aby se mohli utkat v souboji. Krom\u011b toho jsme tak\u00e9 nav\u0161t\u00edvili hodiny a sledovali, jak se d\u00e1n\u0161t\u00ed \u017e\u00e1ci vzd\u011bl\u00e1vaj\u00ed o t\u00e9matech souvisej\u00edc\u00edch s \u017eivotem v sou\u010dasn\u00e9 Evrop\u011b (\u00fa\u010dast v demokratick\u00fdch procesech, EU) a n\u00e1sledn\u011b s nimi na tato t\u00e9mata diskutovali.<\/p>\n\n\n\n<p>Vyrazili jsme tak\u00e9 na exkurze \u2013 do v\u00e1le\u010dn\u00e9ho muzea Tirpitz, do Bl\u00e5vandu a na nedalek\u00fd maj\u00e1k a do vikingsk\u00e9ho muzea ve starobyl\u00e9m m\u011bste\u010dku Ribe. Jak v Kodani, tak b\u011bhem t\u011bchto exkurz\u00ed museli \u017e\u00e1ci \u0159e\u0161it \u0159adu probl\u00e9mov\u00fdch \u00faloh, dopravit se na zadan\u00e1 m\u00edsta, sb\u00edrat informace o d\u00e1nsk\u00e9 kultu\u0159e a ps\u00e1t recenze na restaurace.<\/p>\n\n\n\n<p>B\u011bhem v\u00edkendu se na\u0161i \u017e\u00e1ci odebrali do rodin sv\u00fdch partner\u016f, kter\u00e9 \u017eij\u00ed rozeset\u00e9 po cel\u00e9m D\u00e1nsku i mimo n\u011bj. Zde str\u00e1vili dv\u011b noci a \u00fa\u010dastnili se programu, kter\u00fd jim d\u00e1nsk\u00e9 rodiny p\u0159ipravily.<\/p>\n\n\n\n<p>Z Rejsby jsme vyrazili po zhodnocen\u00ed setk\u00e1n\u00ed r\u00e1no 13. listopadu plni dojm\u016f, obohaceni o srovn\u00e1n\u00ed studentsk\u00e9ho \u017eivota v \u010cesku a D\u00e1nsku a nov\u00e9 kompetence \u2013 jak jazykov\u00e9, individu\u00e1ln\u00ed a spole\u010densk\u00e9, tak k \u0159e\u0161en\u00ed probl\u00e9m\u016f v&nbsp;kl\u00ed\u010dov\u00fdch oblastech. U\u017e te\u010f se t\u011b\u0161\u00edme na n\u00e1v\u0161t\u011bvu d\u00e1nsk\u00fdch partner\u016f v Karvin\u00e9, kter\u00e1 prob\u011bhne v&nbsp;dubnu 2024 a kterou za\u010d\u00edn\u00e1me pomalu dola\u010fovat.<\/p>\n\n\n\n<p>Tato aktivita byla spolufinancov\u00e1na programem Evropsk\u00e9 unie Erasmus+.<\/p>\n\n\n\n<p class=\"has-text-align-center\"><a href=\"https:\/\/photos.app.goo.gl\/ATuhxJL7L9FWt7vJ8\" target=\"_blank\" rel=\"noreferrer noopener\">FOTOalbum<\/a><\/p>\n\n\n\n<p class=\"has-text-align-right\"><em>Za realiza\u010dn\u00ed t\u00fdm<\/em>\u00a0<em>Mgr. Michal Ledwo\u0144<\/em><\/p>\n","protected":false},"excerpt":{"rendered":"<p>5. 11. 2023 &#8211; 12. 11. 2023 Skupinov\u00e1 mobilita \u017e\u00e1k\u016f, Rejsby Europ\u00e6iske Efterskole, Rejsby 4. listopadu vyrazil t\u00fdm 26 \u017e\u00e1k\u016f a t\u0159\u00ed u\u010ditel\u016f na v\u00fdm\u011bnn\u00fd pobyt do D\u00e1nska v r\u00e1mci programu Erasmus+. C\u00edlem pobytu bylo&#46;&#46;&#46;<\/p>\n","protected":false},"author":3,"featured_media":3639,"comment_status":"closed","ping_status":"closed","sticky":false,"template":"","format":"standard","meta":{"footnotes":""},"categories":[40],"tags":[],"class_list":["post-3644","post","type-post","status-publish","format-standard","has-post-thumbnail","hentry","category-akreditace"],"_links":{"self":[{"href":"https:\/\/www.gym-karvina.cz\/index.php?rest_route=\/wp\/v2\/posts\/3644","targetHints":{"allow":["GET"]}}],"collection":[{"href":"https:\/\/www.gym-karvina.cz\/index.php?rest_route=\/wp\/v2\/posts"}],"about":[{"href":"https:\/\/www.gym-karvina.cz\/index.php?rest_route=\/wp\/v2\/types\/post"}],"author":[{"embeddable":true,"href":"https:\/\/www.gym-karvina.cz\/index.php?rest_route=\/wp\/v2\/users\/3"}],"replies":[{"embeddable":true,"href":"https:\/\/www.gym-karvina.cz\/index.php?rest_route=%2Fwp%2Fv2%2Fcomments&post=3644"}],"version-history":[{"count":5,"href":"https:\/\/www.gym-karvina.cz\/index.php?rest_route=\/wp\/v2\/posts\/3644\/revisions"}],"predecessor-version":[{"id":3832,"href":"https:\/\/www.gym-karvina.cz\/index.php?rest_route=\/wp\/v2\/posts\/3644\/revisions\/3832"}],"wp:featuredmedia":[{"embeddable":true,"href":"https:\/\/www.gym-karvina.cz\/index.php?rest_route=\/wp\/v2\/media\/3639"}],"wp:attachment":[{"href":"https:\/\/www.gym-karvina.cz\/index.php?rest_route=%2Fwp%2Fv2%2Fmedia&parent=3644"}],"wp:term":[{"taxonomy":"category","embeddable":true,"href":"https:\/\/www.gym-karvina.cz\/index.php?rest_route=%2Fwp%2Fv2%2Fcategories&post=3644"},{"taxonomy":"post_tag","embeddable":true,"href":"https:\/\/www.gym-karvina.cz\/index.php?rest_route=%2Fwp%2Fv2%2Ftags&post=3644"}],"curies":[{"name":"wp","href":"https:\/\/api.w.org\/{rel}","templated":true}]}}