{"id":3672,"date":"2024-05-18T19:26:50","date_gmt":"2024-05-18T17:26:50","guid":{"rendered":"https:\/\/www.gym-karvina.cz\/?p=3672"},"modified":"2024-10-19T08:54:42","modified_gmt":"2024-10-19T06:54:42","slug":"ondrej-sikora-stinovani-na-slovensku","status":"publish","type":"post","link":"https:\/\/www.gym-karvina.cz\/?p=3672","title":{"rendered":"Ond\u0159ej Sikora &#8211; st\u00ednov\u00e1n\u00ed na Slovensku"},"content":{"rendered":"\n<h6 class=\"wp-block-heading\"><strong>13. 5. 2024 \u2013 17. 5. 2024<\/strong><\/h6>\n\n\n\n<h6 class=\"wp-block-heading\">St\u00ednov\u00e1n\u00ed metodiky v\u00fduky TV a slovensk\u00e9ho jazyka, <strong>Gymn\u00e1zium, Po\u0161tov\u00e1 9, Ko\u0161ice<\/strong><\/h6>\n\n\n\n<p>M\u016fj prvn\u00ed v\u00fdjezd v r\u00e1mci projektu Erasmus+ sm\u011b\u0159oval do centra v\u00fdchodn\u00edho Slovenska, do Ko\u0161ic. V\u00fdjezd jsem absolvoval v t\u00fddnu od 13. do 17. kv\u011btna spole\u010dn\u011b s kolegou Ond\u0159ejem Sikorou. P\u0159ed samotnou cestou jsme oslovili ko\u0161ick\u00e9 Gymn\u00e1zium Po\u0161tov\u00e1 9 a domluvili spolupr\u00e1ci. Z pohledu v\u00fdsledk\u016f a \u00fasp\u011bch\u016f \u017e\u00e1k\u016f se jedn\u00e1 o presti\u017en\u00ed a \u00fasp\u011b\u0161nou \u0161kolu nejen v r\u00e1mci kraje, ale tak\u00e9 cel\u00e9ho Slovenska. \u0160kola je aktivn\u00ed v republikov\u00fdch i mezin\u00e1rodn\u00edch sout\u011b\u017e\u00edch a tak\u00e9 programu Erasmus, v r\u00e1mci kter\u00e9ho po\u0159\u00e1d\u00e1 mobility pro u\u010ditele a \u017e\u00e1ky \u0161koly do Portugalska, It\u00e1lie a dal\u0161\u00edch zem\u00ed. Veden\u00ed \u0161koly otev\u00edr\u00e1 pouze \u010dty\u0159let\u00e9 obory, ale \u017e\u00e1ci si mohou vybrat z v\u00edce program\u016f se zam\u011b\u0159en\u00edm na jazyky, biologii a chemii nebo matematiku. Pr\u00e1v\u011b matematick\u00e9 t\u0159\u00eddy maj\u00ed na gymn\u00e1ziu v\u00edce ne\u017e pades\u00e1tiletou tradici a pat\u0159\u00ed k nejlep\u0161\u00edm v cel\u00e9 zemi.<\/p>\n\n\n\n<p>B\u011bhem t\u00fddne jsem nav\u0161t\u00edvil celkem 16 vyu\u010dovac\u00edch hodin d\u011bjepisu a zem\u011bpisu s n\u00e1sledn\u00fdm rozborem u \u010dty\u0159 r\u016fzn\u00fdch pedagog\u016f a mimo to jsem vyu\u017eil i mo\u017enosti dal\u0161\u00edch konzultac\u00ed s veden\u00edm a slovensk\u00fdmi kolegy. P\u0159i n\u00e1sle\u0161\u00edch jsem m\u011bl mo\u017enost prohloubit si historick\u00e9 a geografick\u00e9 znalosti o Slovensk\u00e9 republice, srovnal jsem odli\u0161n\u00fd historick\u00fd v\u00fdvoj Slovenska a \u010cesk\u00e9 republiky a rozd\u00edln\u00e9 geografick\u00e9 charakteristiky t\u011bchto krajin. Vyu\u017eil jsem rovn\u011b\u017e nab\u00eddky zapojit se do v\u00fduky po boku slovensk\u00fdch koleg\u016f. Sezn\u00e1mil jsem se \u0161kolsk\u00fdm syst\u00e9mem Slovensk\u00e9 republiky a jeho p\u0159\u00edm\u00fdm aplikov\u00e1n\u00edm v pozorovan\u00fdch hodin\u00e1ch. Z\u00e1rove\u0148 si velmi cen\u00edm mo\u017enosti konzultace a rozboru podoby maturitn\u00ed zkou\u0161ky, ta je v hostuj\u00edc\u00ed \u0161kole mnohem komplexn\u011bj\u0161\u00ed z hlediska pokryt\u00ed historick\u00fdch epoch, p\u0159edev\u0161\u00edm z dovednostn\u00edho hlediska, tzv. historick\u00e9 gramotnosti a historick\u00e9ho my\u0161len\u00ed, kdy \u017e\u00e1k pracuje s r\u016fzn\u00fdmi typy historick\u00fdch pramen\u016f. Pr\u00e1v\u011b tyto znalosti vyu\u017eijeme p\u0159i realizaci nov\u00e9 podoby maturit na na\u0161\u00ed \u0161kole v nadch\u00e1zej\u00edc\u00edch letech v p\u0159edm\u011btu d\u011bjepis.&nbsp;<\/p>\n\n\n\n<p>Nad r\u00e1mec pl\u00e1novan\u00e9ho programu a rozvrhu jsem se z\u00fa\u010dastnil&nbsp; tzv. \u00fa\u010delov\u00e9ho cvi\u010den\u00ed. Jedn\u00e1 se o jedno ze t\u0159\u00ed povinn\u00fdch cvi\u010den\u00ed pro \u017e\u00e1ky st\u0159edn\u00edch \u0161kol na Slovensku. Spole\u010dn\u011b s \u017e\u00e1ky a jejich u\u010diteli jsem absolvoval n\u011bkolikakilometrov\u00fd pochod do jednoho z ko\u0161ick\u00fdch park\u016f. Zde n\u00e1sledovalo z\u00e1polen\u00ed mezi t\u0159\u00eddami ve vytrvalostn\u00edch, silov\u00fdch a rychlostn\u00edch discipl\u00edn\u00e1ch.<\/p>\n\n\n\n<p>V odpoledn\u00edch hodin\u00e1ch jsem m\u011bl dostatek \u010dasu k obdivov\u00e1n\u00ed historick\u00e9ho centra m\u011bsta a jeho okol\u00ed. Za vid\u011bn\u00ed (a poslech) ur\u010dit\u011b stoj\u00ed ko\u0161ick\u00e1 Zp\u00edvaj\u00edc\u00ed font\u00e1na, katedr\u00e1la svat\u00e9 Al\u017eb\u011bty se Zikmundovou v\u011b\u017e\u00ed, kter\u00e1 m\u00e1 n\u011bkolik prvenstv\u00ed, p\u0159\u00edpadn\u011b ko\u0161ick\u00e1 muzea a galerie, mezi kter\u00fdmi uvedu alespo\u0148 Rodo\u0161to, jeho\u017e expozice se v\u011bnuje osob\u011b Franti\u0161ka II.R\u00e1k\u00f3cziho. Nutno dodat, \u017ee Ko\u0161ice mohou sm\u011ble kandidovat jako jedno ze slovensk\u00fdch center gastroturistiky. Zdej\u0161\u00ed malebn\u00e9 podniky a kav\u00e1rny l\u00e1kaj\u00ed k zastaven\u00ed a vychutn\u00e1n\u00ed si skv\u011bl\u00e9ho j\u00eddla, pit\u00ed a genia loci, kter\u00fd tomuto m\u011bstu zajist\u00e9 nechyb\u00ed.<\/p>\n\n\n\n<p>Z\u00e1v\u011brem bych r\u00e1d&nbsp; vyj\u00e1d\u0159il sv\u00e9 up\u0159\u00edmn\u00e9 pod\u011bkov\u00e1n\u00ed veden\u00ed Gymn\u00e1zia Karvin\u00e1 za mo\u017enost \u00fa\u010dastnit se programu Erasmus+, kter\u00fd mi umo\u017enil pln\u011b se soust\u0159edit na profesion\u00e1ln\u00ed a osobn\u00ed rozvoj. Tento program mi poskytl jedine\u010dnou p\u0159\u00edle\u017eitost roz\u0161\u00ed\u0159it sv\u00e9 obzory, z\u00edskat nov\u00e9 zku\u0161enosti a poznat inspirativn\u00ed lidi. Cht\u011bl bych ocenit na\u0161i koordin\u00e1torku Erasmu, pan\u00ed magistru Ivu Vrbovou, za podporu, pomoc a cenn\u00e9 rady. Velk\u00e9 d\u00edky pat\u0159\u00ed tak\u00e9 veden\u00ed \u0161koly a koleg\u016fm v p\u0159ij\u00edmaj\u00edc\u00ed organizaci Gymn\u00e1zia Po\u0161tov\u00e1 9 v Ko\u0161ic\u00edch, kte\u0159\u00ed m\u011b srde\u010dn\u011b p\u0159ijali a poskytli mi ve\u0161kerou pot\u0159ebnou pomoc a podporu b\u011bhem m\u00e9ho pobytu. Jejich vst\u0159\u00edcnost a ochota sd\u00edlet sv\u00e9 zku\u0161enosti a znalosti byly pro m\u011b velkou inspirac\u00ed. D\u011bkuji za mo\u017enost nahl\u00e9dnout do va\u0161ich metod a p\u0159\u00edstup\u016f, kter\u00e9 jist\u011b vyu\u017eiji ve sv\u00e9 dal\u0161\u00ed pr\u00e1ci.<\/p>\n\n\n\n<figure class=\"wp-block-gallery has-nested-images columns-4 is-cropped wp-block-gallery-1 is-layout-flex wp-block-gallery-is-layout-flex\">\n<figure data-wp-context=\"{&quot;imageId&quot;:&quot;69ec5ba20ef03&quot;}\" data-wp-interactive=\"core\/image\" data-wp-key=\"69ec5ba20ef03\" class=\"wp-block-image size-large wp-lightbox-container\"><img loading=\"lazy\" decoding=\"async\" width=\"768\" height=\"1024\" data-wp-class--hide=\"state.isContentHidden\" data-wp-class--show=\"state.isContentVisible\" data-wp-init=\"callbacks.setButtonStyles\" data-wp-on--click=\"actions.showLightbox\" data-wp-on--load=\"callbacks.setButtonStyles\" data-wp-on-window--resize=\"callbacks.setButtonStyles\" data-id=\"3662\" src=\"https:\/\/www.gym-karvina.cz\/wp-content\/uploads\/2024\/10\/kos1-1-768x1024.jpg\" alt=\"\" class=\"wp-image-3662\" srcset=\"https:\/\/www.gym-karvina.cz\/wp-content\/uploads\/2024\/10\/kos1-1-768x1024.jpg 768w, https:\/\/www.gym-karvina.cz\/wp-content\/uploads\/2024\/10\/kos1-1-225x300.jpg 225w, https:\/\/www.gym-karvina.cz\/wp-content\/uploads\/2024\/10\/kos1-1-1152x1536.jpg 1152w, https:\/\/www.gym-karvina.cz\/wp-content\/uploads\/2024\/10\/kos1-1-18x24.jpg 18w, https:\/\/www.gym-karvina.cz\/wp-content\/uploads\/2024\/10\/kos1-1-27x36.jpg 27w, https:\/\/www.gym-karvina.cz\/wp-content\/uploads\/2024\/10\/kos1-1-36x48.jpg 36w, https:\/\/www.gym-karvina.cz\/wp-content\/uploads\/2024\/10\/kos1-1.jpg 1200w\" sizes=\"auto, (max-width: 768px) 100vw, 768px\" \/><button\n\t\t\tclass=\"lightbox-trigger\"\n\t\t\ttype=\"button\"\n\t\t\taria-haspopup=\"dialog\"\n\t\t\taria-label=\"Zv\u011bt\u0161it\"\n\t\t\tdata-wp-init=\"callbacks.initTriggerButton\"\n\t\t\tdata-wp-on--click=\"actions.showLightbox\"\n\t\t\tdata-wp-style--right=\"state.imageButtonRight\"\n\t\t\tdata-wp-style--top=\"state.imageButtonTop\"\n\t\t>\n\t\t\t<svg xmlns=\"http:\/\/www.w3.org\/2000\/svg\" width=\"12\" height=\"12\" fill=\"none\" viewBox=\"0 0 12 12\">\n\t\t\t\t<path fill=\"#fff\" d=\"M2 0a2 2 0 0 0-2 2v2h1.5V2a.5.5 0 0 1 .5-.5h2V0H2Zm2 10.5H2a.5.5 0 0 1-.5-.5V8H0v2a2 2 0 0 0 2 2h2v-1.5ZM8 12v-1.5h2a.5.5 0 0 0 .5-.5V8H12v2a2 2 0 0 1-2 2H8Zm2-12a2 2 0 0 1 2 2v2h-1.5V2a.5.5 0 0 0-.5-.5H8V0h2Z\" \/>\n\t\t\t<\/svg>\n\t\t<\/button><\/figure>\n\n\n\n<figure data-wp-context=\"{&quot;imageId&quot;:&quot;69ec5ba20f3bf&quot;}\" data-wp-interactive=\"core\/image\" data-wp-key=\"69ec5ba20f3bf\" class=\"wp-block-image size-large wp-lightbox-container\"><img loading=\"lazy\" decoding=\"async\" width=\"768\" height=\"1024\" data-wp-class--hide=\"state.isContentHidden\" data-wp-class--show=\"state.isContentVisible\" data-wp-init=\"callbacks.setButtonStyles\" data-wp-on--click=\"actions.showLightbox\" data-wp-on--load=\"callbacks.setButtonStyles\" data-wp-on-window--resize=\"callbacks.setButtonStyles\" data-id=\"3810\" src=\"https:\/\/www.gym-karvina.cz\/wp-content\/uploads\/2024\/05\/6-768x1024.jpg\" alt=\"\" class=\"wp-image-3810\" srcset=\"https:\/\/www.gym-karvina.cz\/wp-content\/uploads\/2024\/05\/6-768x1024.jpg 768w, https:\/\/www.gym-karvina.cz\/wp-content\/uploads\/2024\/05\/6-225x300.jpg 225w, https:\/\/www.gym-karvina.cz\/wp-content\/uploads\/2024\/05\/6-1152x1536.jpg 1152w, https:\/\/www.gym-karvina.cz\/wp-content\/uploads\/2024\/05\/6-18x24.jpg 18w, https:\/\/www.gym-karvina.cz\/wp-content\/uploads\/2024\/05\/6-27x36.jpg 27w, https:\/\/www.gym-karvina.cz\/wp-content\/uploads\/2024\/05\/6-36x48.jpg 36w, https:\/\/www.gym-karvina.cz\/wp-content\/uploads\/2024\/05\/6.jpg 1200w\" sizes=\"auto, (max-width: 768px) 100vw, 768px\" \/><button\n\t\t\tclass=\"lightbox-trigger\"\n\t\t\ttype=\"button\"\n\t\t\taria-haspopup=\"dialog\"\n\t\t\taria-label=\"Zv\u011bt\u0161it\"\n\t\t\tdata-wp-init=\"callbacks.initTriggerButton\"\n\t\t\tdata-wp-on--click=\"actions.showLightbox\"\n\t\t\tdata-wp-style--right=\"state.imageButtonRight\"\n\t\t\tdata-wp-style--top=\"state.imageButtonTop\"\n\t\t>\n\t\t\t<svg xmlns=\"http:\/\/www.w3.org\/2000\/svg\" width=\"12\" height=\"12\" fill=\"none\" viewBox=\"0 0 12 12\">\n\t\t\t\t<path fill=\"#fff\" d=\"M2 0a2 2 0 0 0-2 2v2h1.5V2a.5.5 0 0 1 .5-.5h2V0H2Zm2 10.5H2a.5.5 0 0 1-.5-.5V8H0v2a2 2 0 0 0 2 2h2v-1.5ZM8 12v-1.5h2a.5.5 0 0 0 .5-.5V8H12v2a2 2 0 0 1-2 2H8Zm2-12a2 2 0 0 1 2 2v2h-1.5V2a.5.5 0 0 0-.5-.5H8V0h2Z\" \/>\n\t\t\t<\/svg>\n\t\t<\/button><\/figure>\n\n\n\n<figure data-wp-context=\"{&quot;imageId&quot;:&quot;69ec5ba20fa23&quot;}\" data-wp-interactive=\"core\/image\" data-wp-key=\"69ec5ba20fa23\" class=\"wp-block-image size-large wp-lightbox-container\"><img loading=\"lazy\" decoding=\"async\" width=\"1024\" height=\"768\" data-wp-class--hide=\"state.isContentHidden\" data-wp-class--show=\"state.isContentVisible\" data-wp-init=\"callbacks.setButtonStyles\" data-wp-on--click=\"actions.showLightbox\" data-wp-on--load=\"callbacks.setButtonStyles\" data-wp-on-window--resize=\"callbacks.setButtonStyles\" data-id=\"3809\" src=\"https:\/\/www.gym-karvina.cz\/wp-content\/uploads\/2024\/05\/5-1-1024x768.jpg\" alt=\"\" class=\"wp-image-3809\" srcset=\"https:\/\/www.gym-karvina.cz\/wp-content\/uploads\/2024\/05\/5-1-1024x768.jpg 1024w, https:\/\/www.gym-karvina.cz\/wp-content\/uploads\/2024\/05\/5-1-300x225.jpg 300w, https:\/\/www.gym-karvina.cz\/wp-content\/uploads\/2024\/05\/5-1-768x576.jpg 768w, https:\/\/www.gym-karvina.cz\/wp-content\/uploads\/2024\/05\/5-1-1536x1152.jpg 1536w, https:\/\/www.gym-karvina.cz\/wp-content\/uploads\/2024\/05\/5-1-24x18.jpg 24w, https:\/\/www.gym-karvina.cz\/wp-content\/uploads\/2024\/05\/5-1-36x27.jpg 36w, https:\/\/www.gym-karvina.cz\/wp-content\/uploads\/2024\/05\/5-1-48x36.jpg 48w, https:\/\/www.gym-karvina.cz\/wp-content\/uploads\/2024\/05\/5-1-rotated.jpg 1600w\" sizes=\"auto, (max-width: 1024px) 100vw, 1024px\" \/><button\n\t\t\tclass=\"lightbox-trigger\"\n\t\t\ttype=\"button\"\n\t\t\taria-haspopup=\"dialog\"\n\t\t\taria-label=\"Zv\u011bt\u0161it\"\n\t\t\tdata-wp-init=\"callbacks.initTriggerButton\"\n\t\t\tdata-wp-on--click=\"actions.showLightbox\"\n\t\t\tdata-wp-style--right=\"state.imageButtonRight\"\n\t\t\tdata-wp-style--top=\"state.imageButtonTop\"\n\t\t>\n\t\t\t<svg xmlns=\"http:\/\/www.w3.org\/2000\/svg\" width=\"12\" height=\"12\" fill=\"none\" viewBox=\"0 0 12 12\">\n\t\t\t\t<path fill=\"#fff\" d=\"M2 0a2 2 0 0 0-2 2v2h1.5V2a.5.5 0 0 1 .5-.5h2V0H2Zm2 10.5H2a.5.5 0 0 1-.5-.5V8H0v2a2 2 0 0 0 2 2h2v-1.5ZM8 12v-1.5h2a.5.5 0 0 0 .5-.5V8H12v2a2 2 0 0 1-2 2H8Zm2-12a2 2 0 0 1 2 2v2h-1.5V2a.5.5 0 0 0-.5-.5H8V0h2Z\" \/>\n\t\t\t<\/svg>\n\t\t<\/button><\/figure>\n\n\n\n<figure data-wp-context=\"{&quot;imageId&quot;:&quot;69ec5ba20fd84&quot;}\" data-wp-interactive=\"core\/image\" data-wp-key=\"69ec5ba20fd84\" class=\"wp-block-image size-large wp-lightbox-container\"><img loading=\"lazy\" decoding=\"async\" width=\"768\" height=\"1024\" data-wp-class--hide=\"state.isContentHidden\" data-wp-class--show=\"state.isContentVisible\" data-wp-init=\"callbacks.setButtonStyles\" data-wp-on--click=\"actions.showLightbox\" data-wp-on--load=\"callbacks.setButtonStyles\" data-wp-on-window--resize=\"callbacks.setButtonStyles\" data-id=\"3663\" src=\"https:\/\/www.gym-karvina.cz\/wp-content\/uploads\/2024\/10\/kos2-1-768x1024.jpg\" alt=\"\" class=\"wp-image-3663\" srcset=\"https:\/\/www.gym-karvina.cz\/wp-content\/uploads\/2024\/10\/kos2-1-768x1024.jpg 768w, https:\/\/www.gym-karvina.cz\/wp-content\/uploads\/2024\/10\/kos2-1-225x300.jpg 225w, https:\/\/www.gym-karvina.cz\/wp-content\/uploads\/2024\/10\/kos2-1-1152x1536.jpg 1152w, https:\/\/www.gym-karvina.cz\/wp-content\/uploads\/2024\/10\/kos2-1-18x24.jpg 18w, https:\/\/www.gym-karvina.cz\/wp-content\/uploads\/2024\/10\/kos2-1-27x36.jpg 27w, https:\/\/www.gym-karvina.cz\/wp-content\/uploads\/2024\/10\/kos2-1-36x48.jpg 36w, https:\/\/www.gym-karvina.cz\/wp-content\/uploads\/2024\/10\/kos2-1.jpg 1200w\" sizes=\"auto, (max-width: 768px) 100vw, 768px\" \/><button\n\t\t\tclass=\"lightbox-trigger\"\n\t\t\ttype=\"button\"\n\t\t\taria-haspopup=\"dialog\"\n\t\t\taria-label=\"Zv\u011bt\u0161it\"\n\t\t\tdata-wp-init=\"callbacks.initTriggerButton\"\n\t\t\tdata-wp-on--click=\"actions.showLightbox\"\n\t\t\tdata-wp-style--right=\"state.imageButtonRight\"\n\t\t\tdata-wp-style--top=\"state.imageButtonTop\"\n\t\t>\n\t\t\t<svg xmlns=\"http:\/\/www.w3.org\/2000\/svg\" width=\"12\" height=\"12\" fill=\"none\" viewBox=\"0 0 12 12\">\n\t\t\t\t<path fill=\"#fff\" d=\"M2 0a2 2 0 0 0-2 2v2h1.5V2a.5.5 0 0 1 .5-.5h2V0H2Zm2 10.5H2a.5.5 0 0 1-.5-.5V8H0v2a2 2 0 0 0 2 2h2v-1.5ZM8 12v-1.5h2a.5.5 0 0 0 .5-.5V8H12v2a2 2 0 0 1-2 2H8Zm2-12a2 2 0 0 1 2 2v2h-1.5V2a.5.5 0 0 0-.5-.5H8V0h2Z\" \/>\n\t\t\t<\/svg>\n\t\t<\/button><\/figure>\n<\/figure>\n\n\n\n<p class=\"has-text-align-right\"><em>Mgr. Ond\u0159ej Sikora<\/em><\/p>\n","protected":false},"excerpt":{"rendered":"<p>13. 5. 2024 \u2013 17. 5. 2024 St\u00ednov\u00e1n\u00ed metodiky v\u00fduky TV a slovensk\u00e9ho jazyka, Gymn\u00e1zium, Po\u0161tov\u00e1 9, Ko\u0161ice M\u016fj prvn\u00ed v\u00fdjezd v r\u00e1mci projektu Erasmus+ sm\u011b\u0159oval do centra v\u00fdchodn\u00edho Slovenska, do Ko\u0161ic. V\u00fdjezd jsem absolvoval&#46;&#46;&#46;<\/p>\n","protected":false},"author":3,"featured_media":3627,"comment_status":"closed","ping_status":"closed","sticky":false,"template":"","format":"standard","meta":{"footnotes":""},"categories":[40],"tags":[],"class_list":["post-3672","post","type-post","status-publish","format-standard","has-post-thumbnail","hentry","category-akreditace"],"_links":{"self":[{"href":"https:\/\/www.gym-karvina.cz\/index.php?rest_route=\/wp\/v2\/posts\/3672","targetHints":{"allow":["GET"]}}],"collection":[{"href":"https:\/\/www.gym-karvina.cz\/index.php?rest_route=\/wp\/v2\/posts"}],"about":[{"href":"https:\/\/www.gym-karvina.cz\/index.php?rest_route=\/wp\/v2\/types\/post"}],"author":[{"embeddable":true,"href":"https:\/\/www.gym-karvina.cz\/index.php?rest_route=\/wp\/v2\/users\/3"}],"replies":[{"embeddable":true,"href":"https:\/\/www.gym-karvina.cz\/index.php?rest_route=%2Fwp%2Fv2%2Fcomments&post=3672"}],"version-history":[{"count":5,"href":"https:\/\/www.gym-karvina.cz\/index.php?rest_route=\/wp\/v2\/posts\/3672\/revisions"}],"predecessor-version":[{"id":3812,"href":"https:\/\/www.gym-karvina.cz\/index.php?rest_route=\/wp\/v2\/posts\/3672\/revisions\/3812"}],"wp:featuredmedia":[{"embeddable":true,"href":"https:\/\/www.gym-karvina.cz\/index.php?rest_route=\/wp\/v2\/media\/3627"}],"wp:attachment":[{"href":"https:\/\/www.gym-karvina.cz\/index.php?rest_route=%2Fwp%2Fv2%2Fmedia&parent=3672"}],"wp:term":[{"taxonomy":"category","embeddable":true,"href":"https:\/\/www.gym-karvina.cz\/index.php?rest_route=%2Fwp%2Fv2%2Fcategories&post=3672"},{"taxonomy":"post_tag","embeddable":true,"href":"https:\/\/www.gym-karvina.cz\/index.php?rest_route=%2Fwp%2Fv2%2Ftags&post=3672"}],"curies":[{"name":"wp","href":"https:\/\/api.w.org\/{rel}","templated":true}]}}