{"id":3676,"date":"2024-07-13T19:37:58","date_gmt":"2024-07-13T17:37:58","guid":{"rendered":"https:\/\/www.gym-karvina.cz\/?p=3676"},"modified":"2024-10-19T08:56:29","modified_gmt":"2024-10-19T06:56:29","slug":"julie-jankova-kurz-v-irsku","status":"publish","type":"post","link":"https:\/\/www.gym-karvina.cz\/?p=3676","title":{"rendered":"Julie Jankov\u00e1 &#8211; kurz v Irsku"},"content":{"rendered":"\n<h6 class=\"wp-block-heading\"><strong>8. 7. 2024 &#8211; 12. 7. 2024<\/strong><\/h6>\n\n\n\n<h6 class=\"wp-block-heading\">Metodick\u00fd kurz &#8211; <strong>CLIL: An Introduction, ATC Language School, Dublin<\/strong><\/h6>\n\n\n\n<p>Letn\u00ed pr\u00e1zdniny jsou p\u0159\u00edle\u017eitost\u00ed pro odpo\u010dinek, ale tak\u00e9 pro prohlubov\u00e1n\u00ed sv\u00fdch znalost\u00ed a samostudium. Jsem r\u00e1da, \u017ee jsem mohla v r\u00e1mci akreditace programu Erasmus+ vycestovat na metodick\u00fd kurz pro u\u010ditele <a href=\"https:\/\/atclanguageschools.com\/courses\/teacher-courses\/clil-an-introduction-for-secondary-teachers\/\">CLIL for secondary teachers ATC Language School<\/a> do irsk\u00e9ho Dublinu. V pr\u016fb\u011bhu kurzu jsem se sezn\u00e1mila se z\u00e1kladn\u00edmi principy <a href=\"https:\/\/clanky.rvp.cz\/clanek\/o\/z\/2965\/vyuka-metodou-clil.html\">metody CLIL<\/a> (Content Language Integrated Learning), kter\u00e1 jednodu\u0161e \u0159e\u010deno nab\u00edz\u00ed vyu\u017e\u00edv\u00e1n\u00ed ciz\u00edho jazyka (nej\u010dast\u011bji angli\u010dtiny) ve v\u00fduce jin\u00fdch p\u0159edm\u011bt\u016f ne\u017e jen jazyka.&nbsp;<\/p>\n\n\n\n<p>Moje studijn\u00ed skupina byla 10 \u010dlenn\u00e1 a krom\u011b mne se skl\u00e1dala ze \u0161esti u\u010ditelek a jednoho u\u010ditele z It\u00e1lie a dvou ze \u0160pan\u011blska. V \u00favodu n\u00e1m na\u0161e irsk\u00e1 lektorka Karen p\u0159edstavila teoretick\u00e9 z\u00e1klady, ze kter\u00fdch zmi\u0148ovan\u00e9 principy vych\u00e1zej\u00ed. M\u011bli jsme p\u0159\u00edle\u017eitost sestavit si pl\u00e1n hodiny se zam\u011b\u0159en\u00edm na p\u0159edm\u011bty, kter\u00e9 vyu\u010dujeme. Z\u00edskali jsme tak\u00e9 tipy, jak vytv\u00e1\u0159et podp\u016frn\u00e9 aktivity, kter\u00e1 \u017e\u00e1k\u016fm vyu\u017eit\u00ed ciz\u00edho jazyka v odborn\u00fdch p\u0159edm\u011btech usnad\u0148uj\u00ed. Pou\u017e\u00edv\u00e1n\u00ed angli\u010dtiny v jin\u00e9m ne\u017e jazykov\u00e9m vyu\u010dov\u00e1n\u00ed m\u016f\u017ee pro n\u011bkter\u00e9 p\u0159edstavovat v\u00fdzvu, ale tak\u00e9 vzbuzovat obavy. Existuj\u00ed v\u0161ak osv\u011bd\u010den\u00e9 <a href=\"https:\/\/clanky.rvp.cz\/clanek\/c\/j\/9541\/CO-JE-TO-SCAFFOLDING-V-CLILU.html\">postupy<\/a>, jak \u017e\u00e1k\u016fm pomoci a jak umo\u017enit i v heterogenn\u00ed t\u0159\u00edd\u011b <a href=\"https:\/\/digifolio.rvp.cz\/view\/artefact.php?artefact=58207&amp;view=2723&amp;block=14831\">metodu CLIL<\/a> vyu\u017e\u00edvat.&nbsp;<\/p>\n\n\n\n<p>V neposledn\u00ed \u0159ad\u011b jsem se sezn\u00e1mila s irskou kulturou. Dublin je multikulturn\u00ed m\u011bsto, kde \u010dlov\u011bk m\u016f\u017ee potkat lidi doslova z cel\u00e9ho sv\u011bta. Pulzuj\u00edc\u00ed ulice a davy lid\u00ed mohou&nbsp; \u010dlov\u011bka n\u011bkdy d\u011bsit, ale Dublin navozuje atmosf\u00e9ru pohody. Lid\u00e9 jsou tady na sebe mil\u00ed a m\u00edstn\u00ed Irov\u00e9 v\u017edy p\u0159ipraveni pod\u011blit se o svou bohatou historii a tradice. Velmi inspirativn\u00ed bylo <a href=\"https:\/\/epicchq.com\/?_gl=1*uc8wu4*_up*MQ..*_ga*NzUxODQ0MjUxLjE3MjExNDM4NjY.*_ga_FG86HNT96M*MTcyMTE0Mzg2Ni4xLjEuMTcyMTE0Mzg5MS4wLjAuNDI2NDU3MjMz\">EPIC &#8211; Muzeum irsk\u00e9 emigrace<\/a> mapuj\u00edc\u00ed osudy nespo\u010dtu Ir\u016f, kte\u0159\u00ed byli nuceni r\u016fzn\u00fdmi okolnostmi svou vlast opustit, a\u0165 u\u017e to byl nap\u0159. Velk\u00fd hladomor v polovin\u011b 19. stolet\u00ed nebo konflikt v severn\u00edm Irsku v druh\u00e9 polovin\u011b 20. stolet\u00ed. EPIC v n\u00e1zvu muzea znamen\u00e1 Every Person is Connected (Ka\u017ed\u00fd \u010dlov\u011bk je propojen) a v z\u00e1v\u011bru interaktivn\u00edho programu neonov\u011b sv\u00edt\u00ed v\u011bta Ireland Never Leaves You (Irsko T\u011b nikdy neopust\u00ed). \u010clov\u011bk odch\u00e1z\u00ed a zam\u00fd\u0161l\u00ed se nad t\u00edm, jak\u00e9 \u0161t\u011bst\u00ed m\u00e1, kdy\u017e m\u016f\u017ee \u017e\u00edt se svou rodinou na m\u00edst\u011b, kde se narodil a nen\u00ed nik\u00fdm nucen odej\u00edt.<\/p>\n\n\n\n<p>P\u0159\u00ednos metodick\u00e9 kurzu spat\u0159uji mj. i v tom, \u017ee mi p\u0159inesl podn\u011bty i do hodin anglick\u00e9ho jazyka, a\u0165 se to t\u00fdk\u00e1 irsk\u00fdch re\u00e1li\u00ed \u010di irsk\u00e9 angli\u010dtiny a tak\u00e9 v tom, \u017ee jsem nav\u00e1zala kontakty s kolegyn\u00ed z italsk\u00e9ho Janova a \u0161pan\u011blsk\u00e9 Almerie.&nbsp;<\/p>\n\n\n\n<p>D\u011bkuji veden\u00ed \u0161koly a cel\u00e9mu koordina\u010dn\u00edmu t\u00fdmu Erasmus+ v \u010dele s Ivou Vrbovou za umo\u017en\u011bn\u00ed vycestovat a z\u00edskat nezapomenutelnou zku\u0161enost.<\/p>\n\n\n\n<figure class=\"wp-block-gallery has-nested-images columns-default is-cropped wp-block-gallery-1 is-layout-flex wp-block-gallery-is-layout-flex\">\n<figure data-wp-context=\"{&quot;imageId&quot;:&quot;69ec5b97e4070&quot;}\" data-wp-interactive=\"core\/image\" data-wp-key=\"69ec5b97e4070\" class=\"wp-block-image size-large wp-lightbox-container\"><img loading=\"lazy\" decoding=\"async\" width=\"1024\" height=\"576\" data-wp-class--hide=\"state.isContentHidden\" data-wp-class--show=\"state.isContentVisible\" data-wp-init=\"callbacks.setButtonStyles\" data-wp-on--click=\"actions.showLightbox\" data-wp-on--load=\"callbacks.setButtonStyles\" data-wp-on-window--resize=\"callbacks.setButtonStyles\" data-id=\"3680\" src=\"https:\/\/www.gym-karvina.cz\/wp-content\/uploads\/2024\/07\/3-1024x576.jpg\" alt=\"\" class=\"wp-image-3680\" srcset=\"https:\/\/www.gym-karvina.cz\/wp-content\/uploads\/2024\/07\/3-1024x576.jpg 1024w, https:\/\/www.gym-karvina.cz\/wp-content\/uploads\/2024\/07\/3-300x169.jpg 300w, https:\/\/www.gym-karvina.cz\/wp-content\/uploads\/2024\/07\/3-768x432.jpg 768w, https:\/\/www.gym-karvina.cz\/wp-content\/uploads\/2024\/07\/3-1536x864.jpg 1536w, https:\/\/www.gym-karvina.cz\/wp-content\/uploads\/2024\/07\/3-2048x1152.jpg 2048w, https:\/\/www.gym-karvina.cz\/wp-content\/uploads\/2024\/07\/3-24x13.jpg 24w, https:\/\/www.gym-karvina.cz\/wp-content\/uploads\/2024\/07\/3-36x20.jpg 36w, https:\/\/www.gym-karvina.cz\/wp-content\/uploads\/2024\/07\/3-48x27.jpg 48w\" sizes=\"auto, (max-width: 1024px) 100vw, 1024px\" \/><button\n\t\t\tclass=\"lightbox-trigger\"\n\t\t\ttype=\"button\"\n\t\t\taria-haspopup=\"dialog\"\n\t\t\taria-label=\"Zv\u011bt\u0161it\"\n\t\t\tdata-wp-init=\"callbacks.initTriggerButton\"\n\t\t\tdata-wp-on--click=\"actions.showLightbox\"\n\t\t\tdata-wp-style--right=\"state.imageButtonRight\"\n\t\t\tdata-wp-style--top=\"state.imageButtonTop\"\n\t\t>\n\t\t\t<svg xmlns=\"http:\/\/www.w3.org\/2000\/svg\" width=\"12\" height=\"12\" fill=\"none\" viewBox=\"0 0 12 12\">\n\t\t\t\t<path fill=\"#fff\" d=\"M2 0a2 2 0 0 0-2 2v2h1.5V2a.5.5 0 0 1 .5-.5h2V0H2Zm2 10.5H2a.5.5 0 0 1-.5-.5V8H0v2a2 2 0 0 0 2 2h2v-1.5ZM8 12v-1.5h2a.5.5 0 0 0 .5-.5V8H12v2a2 2 0 0 1-2 2H8Zm2-12a2 2 0 0 1 2 2v2h-1.5V2a.5.5 0 0 0-.5-.5H8V0h2Z\" \/>\n\t\t\t<\/svg>\n\t\t<\/button><\/figure>\n\n\n\n<figure data-wp-context=\"{&quot;imageId&quot;:&quot;69ec5b97e454f&quot;}\" data-wp-interactive=\"core\/image\" data-wp-key=\"69ec5b97e454f\" class=\"wp-block-image size-large wp-lightbox-container\"><img loading=\"lazy\" decoding=\"async\" width=\"1024\" height=\"576\" data-wp-class--hide=\"state.isContentHidden\" data-wp-class--show=\"state.isContentVisible\" data-wp-init=\"callbacks.setButtonStyles\" data-wp-on--click=\"actions.showLightbox\" data-wp-on--load=\"callbacks.setButtonStyles\" data-wp-on-window--resize=\"callbacks.setButtonStyles\" data-id=\"3678\" src=\"https:\/\/www.gym-karvina.cz\/wp-content\/uploads\/2024\/07\/4-1024x576.jpg\" alt=\"\" class=\"wp-image-3678\" srcset=\"https:\/\/www.gym-karvina.cz\/wp-content\/uploads\/2024\/07\/4-1024x576.jpg 1024w, https:\/\/www.gym-karvina.cz\/wp-content\/uploads\/2024\/07\/4-300x169.jpg 300w, https:\/\/www.gym-karvina.cz\/wp-content\/uploads\/2024\/07\/4-768x432.jpg 768w, https:\/\/www.gym-karvina.cz\/wp-content\/uploads\/2024\/07\/4-1536x864.jpg 1536w, https:\/\/www.gym-karvina.cz\/wp-content\/uploads\/2024\/07\/4-2048x1152.jpg 2048w, https:\/\/www.gym-karvina.cz\/wp-content\/uploads\/2024\/07\/4-24x13.jpg 24w, https:\/\/www.gym-karvina.cz\/wp-content\/uploads\/2024\/07\/4-36x20.jpg 36w, https:\/\/www.gym-karvina.cz\/wp-content\/uploads\/2024\/07\/4-48x27.jpg 48w\" sizes=\"auto, (max-width: 1024px) 100vw, 1024px\" \/><button\n\t\t\tclass=\"lightbox-trigger\"\n\t\t\ttype=\"button\"\n\t\t\taria-haspopup=\"dialog\"\n\t\t\taria-label=\"Zv\u011bt\u0161it\"\n\t\t\tdata-wp-init=\"callbacks.initTriggerButton\"\n\t\t\tdata-wp-on--click=\"actions.showLightbox\"\n\t\t\tdata-wp-style--right=\"state.imageButtonRight\"\n\t\t\tdata-wp-style--top=\"state.imageButtonTop\"\n\t\t>\n\t\t\t<svg xmlns=\"http:\/\/www.w3.org\/2000\/svg\" width=\"12\" height=\"12\" fill=\"none\" viewBox=\"0 0 12 12\">\n\t\t\t\t<path fill=\"#fff\" d=\"M2 0a2 2 0 0 0-2 2v2h1.5V2a.5.5 0 0 1 .5-.5h2V0H2Zm2 10.5H2a.5.5 0 0 1-.5-.5V8H0v2a2 2 0 0 0 2 2h2v-1.5ZM8 12v-1.5h2a.5.5 0 0 0 .5-.5V8H12v2a2 2 0 0 1-2 2H8Zm2-12a2 2 0 0 1 2 2v2h-1.5V2a.5.5 0 0 0-.5-.5H8V0h2Z\" \/>\n\t\t\t<\/svg>\n\t\t<\/button><\/figure>\n\n\n\n<figure data-wp-context=\"{&quot;imageId&quot;:&quot;69ec5b97e48b5&quot;}\" data-wp-interactive=\"core\/image\" data-wp-key=\"69ec5b97e48b5\" class=\"wp-block-image size-large wp-lightbox-container\"><img loading=\"lazy\" decoding=\"async\" width=\"1024\" height=\"708\" data-wp-class--hide=\"state.isContentHidden\" data-wp-class--show=\"state.isContentVisible\" data-wp-init=\"callbacks.setButtonStyles\" data-wp-on--click=\"actions.showLightbox\" data-wp-on--load=\"callbacks.setButtonStyles\" data-wp-on-window--resize=\"callbacks.setButtonStyles\" data-id=\"3679\" src=\"https:\/\/www.gym-karvina.cz\/wp-content\/uploads\/2024\/07\/5-1024x708.jpg\" alt=\"\" class=\"wp-image-3679\" srcset=\"https:\/\/www.gym-karvina.cz\/wp-content\/uploads\/2024\/07\/5-1024x708.jpg 1024w, https:\/\/www.gym-karvina.cz\/wp-content\/uploads\/2024\/07\/5-300x207.jpg 300w, https:\/\/www.gym-karvina.cz\/wp-content\/uploads\/2024\/07\/5-768x531.jpg 768w, https:\/\/www.gym-karvina.cz\/wp-content\/uploads\/2024\/07\/5-1536x1061.jpg 1536w, https:\/\/www.gym-karvina.cz\/wp-content\/uploads\/2024\/07\/5-2048x1415.jpg 2048w, https:\/\/www.gym-karvina.cz\/wp-content\/uploads\/2024\/07\/5-24x17.jpg 24w, https:\/\/www.gym-karvina.cz\/wp-content\/uploads\/2024\/07\/5-36x25.jpg 36w, https:\/\/www.gym-karvina.cz\/wp-content\/uploads\/2024\/07\/5-48x33.jpg 48w\" sizes=\"auto, (max-width: 1024px) 100vw, 1024px\" \/><button\n\t\t\tclass=\"lightbox-trigger\"\n\t\t\ttype=\"button\"\n\t\t\taria-haspopup=\"dialog\"\n\t\t\taria-label=\"Zv\u011bt\u0161it\"\n\t\t\tdata-wp-init=\"callbacks.initTriggerButton\"\n\t\t\tdata-wp-on--click=\"actions.showLightbox\"\n\t\t\tdata-wp-style--right=\"state.imageButtonRight\"\n\t\t\tdata-wp-style--top=\"state.imageButtonTop\"\n\t\t>\n\t\t\t<svg xmlns=\"http:\/\/www.w3.org\/2000\/svg\" width=\"12\" height=\"12\" fill=\"none\" viewBox=\"0 0 12 12\">\n\t\t\t\t<path fill=\"#fff\" d=\"M2 0a2 2 0 0 0-2 2v2h1.5V2a.5.5 0 0 1 .5-.5h2V0H2Zm2 10.5H2a.5.5 0 0 1-.5-.5V8H0v2a2 2 0 0 0 2 2h2v-1.5ZM8 12v-1.5h2a.5.5 0 0 0 .5-.5V8H12v2a2 2 0 0 1-2 2H8Zm2-12a2 2 0 0 1 2 2v2h-1.5V2a.5.5 0 0 0-.5-.5H8V0h2Z\" \/>\n\t\t\t<\/svg>\n\t\t<\/button><\/figure>\n<\/figure>\n\n\n\n<p class=\"has-text-align-right\"><em>Mgr. Julie Jankov\u00e1<\/em><\/p>\n","protected":false},"excerpt":{"rendered":"<p>8. 7. 2024 &#8211; 12. 7. 2024 Metodick\u00fd kurz &#8211; CLIL: An Introduction, ATC Language School, Dublin Letn\u00ed pr\u00e1zdniny jsou p\u0159\u00edle\u017eitost\u00ed pro odpo\u010dinek, ale tak\u00e9 pro prohlubov\u00e1n\u00ed sv\u00fdch znalost\u00ed a samostudium. Jsem r\u00e1da, \u017ee jsem&#46;&#46;&#46;<\/p>\n","protected":false},"author":3,"featured_media":3627,"comment_status":"closed","ping_status":"closed","sticky":false,"template":"","format":"standard","meta":{"footnotes":""},"categories":[40],"tags":[],"class_list":["post-3676","post","type-post","status-publish","format-standard","has-post-thumbnail","hentry","category-akreditace"],"_links":{"self":[{"href":"https:\/\/www.gym-karvina.cz\/index.php?rest_route=\/wp\/v2\/posts\/3676","targetHints":{"allow":["GET"]}}],"collection":[{"href":"https:\/\/www.gym-karvina.cz\/index.php?rest_route=\/wp\/v2\/posts"}],"about":[{"href":"https:\/\/www.gym-karvina.cz\/index.php?rest_route=\/wp\/v2\/types\/post"}],"author":[{"embeddable":true,"href":"https:\/\/www.gym-karvina.cz\/index.php?rest_route=\/wp\/v2\/users\/3"}],"replies":[{"embeddable":true,"href":"https:\/\/www.gym-karvina.cz\/index.php?rest_route=%2Fwp%2Fv2%2Fcomments&post=3676"}],"version-history":[{"count":5,"href":"https:\/\/www.gym-karvina.cz\/index.php?rest_route=\/wp\/v2\/posts\/3676\/revisions"}],"predecessor-version":[{"id":3752,"href":"https:\/\/www.gym-karvina.cz\/index.php?rest_route=\/wp\/v2\/posts\/3676\/revisions\/3752"}],"wp:featuredmedia":[{"embeddable":true,"href":"https:\/\/www.gym-karvina.cz\/index.php?rest_route=\/wp\/v2\/media\/3627"}],"wp:attachment":[{"href":"https:\/\/www.gym-karvina.cz\/index.php?rest_route=%2Fwp%2Fv2%2Fmedia&parent=3676"}],"wp:term":[{"taxonomy":"category","embeddable":true,"href":"https:\/\/www.gym-karvina.cz\/index.php?rest_route=%2Fwp%2Fv2%2Fcategories&post=3676"},{"taxonomy":"post_tag","embeddable":true,"href":"https:\/\/www.gym-karvina.cz\/index.php?rest_route=%2Fwp%2Fv2%2Ftags&post=3676"}],"curies":[{"name":"wp","href":"https:\/\/api.w.org\/{rel}","templated":true}]}}