{"id":3712,"date":"2024-08-26T11:09:00","date_gmt":"2024-08-26T09:09:00","guid":{"rendered":"https:\/\/www.gym-karvina.cz\/?p=3712"},"modified":"2024-10-19T08:56:56","modified_gmt":"2024-10-19T06:56:56","slug":"veronika-cadova-kurz-v-madarsku","status":"publish","type":"post","link":"https:\/\/www.gym-karvina.cz\/?p=3712","title":{"rendered":"Veronika \u010cadov\u00e1 &#8211; kurz v Ma\u010farsku"},"content":{"rendered":"\n<h6 class=\"wp-block-heading\">29. 7. 2024 &#8211; 3. 8. 2024<\/h6>\n\n\n\n<h6 class=\"wp-block-heading\">Metodick\u00fd kurz &#8211; the 7Cs of education, Europass Teacher Academy, Budapest<\/h6>\n\n\n\n<p>Na p\u0159elomu \u010dervence a srpna 2024 jsem m\u011bla d\u00edky programu Erasmus+ mo\u017enost poznat hlavn\u00ed m\u011bsto Ma\u010farska, Budape\u0161\u0165 a to v r\u00e1mci odborn\u00e9ho kurzu zprost\u0159edkovan\u00e9ho organizac\u00ed Europass Teacher Academy.<\/p>\n\n\n\n<p>Kurz s n\u00e1zvem <strong>Discover the 7Cs: Learning for Life (and Work) in the 21st Century<\/strong> autorky Pui Ying Law se zam\u011b\u0159oval na 7 oblast\u00ed, d\u016fle\u017eit\u00fdch pro spokojen\u00fd a \u00fasp\u011b\u0161n\u00fd \u017eivot v dne\u0161n\u00ed p\u0159einformatizovan\u00e9 spole\u010dnosti.<\/p>\n\n\n\n<p>Ji\u017e v\u00edce ne\u017e 20 let oborn\u00edci a tv\u016frci politik nal\u00e9haj\u00ed na vzd\u011bl\u00e1vac\u00ed syst\u00e9my, aby za\u010daly do tradi\u010dn\u00edch \u0161koln\u00edch osnov zalo\u017een\u00fdch na znalostech za\u010dle\u0148ovat principy kompeten\u010dn\u00edho vzd\u011bl\u00e1v\u00e1n\u00ed. \u0160koln\u00ed osnovy po cel\u00e9m sv\u011bt\u011b \u0161iroce integruj\u00ed to, \u010demu se lidov\u011b \u0159\u00edk\u00e1 \u201e4 C\u201c, tedy kritick\u00e9 my\u0161len\u00ed, kreativitu, spolupr\u00e1ci a komunikaci. Naproti tomu nov\u00e9 3C, tj. mezikulturn\u00ed porozum\u011bn\u00ed, kari\u00e9rn\u00ed a \u017eivotn\u00ed dovednosti a po\u010d\u00edta\u010dov\u00e1 a digit\u00e1ln\u00ed gramotnost, z\u00edsk\u00e1vaj\u00ed na s\u00edle teprve v posledn\u00edch letech v reakci na rostouc\u00ed migraci obyvatelstva, zrychluj\u00edc\u00ed se zm\u011bny na trhu pr\u00e1ce a prudk\u00fd technologick\u00fd rozvoj.<\/p>\n\n\n\n<p>Kurz m\u011bl pomoct z\u00edskat systematick\u00e9 znalosti o v\u0161ech \u201e7 C\u201c a o tom, jak je m\u016f\u017eeme za\u010dlenit do v\u00fduky a \u0161koln\u00edch osnov. Mezi takzvan\u00fdch \u201e7 C\u201c jmenovit\u011b pat\u0159\u00ed:<\/p>\n\n\n\n<p><strong>Kreativita<\/strong>: Vyu\u017eit\u00ed s\u00edly p\u0159edstavivosti k vytv\u00e1\u0159en\u00ed inovativn\u00edch n\u00e1pad\u016f a \u0159e\u0161en\u00ed.<\/p>\n\n\n\n<p><strong>Kritick\u00e9 my\u0161len\u00ed<\/strong>: Rozv\u00edjen\u00ed schopnosti efektivn\u011b analyzovat, vyhodnocovat a interpretovat informace.<\/p>\n\n\n\n<p><strong>Komunikace<\/strong>: Zlep\u0161ov\u00e1n\u00ed verb\u00e1ln\u00edch, p\u00edsemn\u00fdch a neverb\u00e1ln\u00edch komunika\u010dn\u00edch dovednost\u00ed pro jasn\u00e9 vyj\u00e1d\u0159en\u00ed my\u0161lenek.<\/p>\n\n\n\n<p><strong>Spolupr\u00e1ce<\/strong>: Spolupr\u00e1ce s &nbsp;ostatn\u00edmi za \u00fa\u010delem dosa\u017een\u00ed spole\u010dn\u00fdch c\u00edl\u016f, podpora t\u00fdmov\u00e9 pr\u00e1ce a spolupr\u00e1ce.<\/p>\n\n\n\n<p><strong>Mezikulturn\u00ed porozum\u011bn\u00ed<\/strong>: P\u0159ij\u00edm\u00e1n\u00ed rozmanitosti a podpora mezikulturn\u00edho pov\u011bdom\u00ed a respektu.<\/p>\n\n\n\n<p><strong>Kari\u00e9rn\u00ed a \u017eivotn\u00ed dovednosti<\/strong>: Vybaven\u00ed \u017e\u00e1k\u016f z\u00e1kladn\u00edmi dovednostmi pro \u00fasp\u011bch v jejich budouc\u00ed kari\u00e9\u0159e a osobn\u00edm \u017eivot\u011b.<\/p>\n\n\n\n<p><strong>P<\/strong><strong>o\u010d\u00edta\u010dov\u00e1 a digit\u00e1ln\u00ed gramotnost<\/strong>: Z\u00edsk\u00e1n\u00ed dovednost\u00ed a znalost\u00ed pro navigaci a pr\u00e1ci s digit\u00e1ln\u00edmi technologiemi.<\/p>\n\n\n\n<p>Kurz si kladl za c\u00edl prozkoumat, jak\u00e1 zam\u011bstn\u00e1n\u00ed a dovednosti jsou v tomto stolet\u00ed pot\u0159eba. Pochopit, pro\u010d jsou zm\u011bny paradigmatu ve vzd\u011bl\u00e1v\u00e1n\u00ed kontinu\u00e1ln\u00ed s tradi\u010dn\u00edm vzd\u011bl\u00e1v\u00e1n\u00edm a nikoliv proti n\u011bmu. Podporovat kreativn\u00ed zp\u016fsoby my\u0161len\u00ed u \u017e\u00e1k\u016f a p\u0159im\u011bt je k efektivn\u011bj\u0161\u00ed komunikaci. Zav\u00e1d\u011bt \u00fa\u010dinn\u00e9 strategie pro kolaborativn\u00ed u\u010den\u00ed ve t\u0159\u00edd\u011b, podporovat mezikulturn\u00ed porozum\u011bn\u00ed. Zjistit, jak zav\u00e9st po\u010d\u00edta\u010dovou a digit\u00e1ln\u00ed gramotnost a diskutovat o profesn\u00edch a \u017eivotn\u00edch dovednostech. Z\u00edskat systematick\u00e9 porozum\u011bn\u00ed 7C pro vzd\u011bl\u00e1v\u00e1n\u00ed ve 21. stolet\u00ed a roz\u0161\u00ed\u0159it profesn\u00ed schopnosti pro integraci 7Cs do v\u00fduky a u\u010den\u00ed.<\/p>\n\n\n\n<p>Na konci kurzu jsem z\u00edskala znalosti a jistotu p\u0159i veden\u00ed zm\u011bn v u\u010debn\u00edch pl\u00e1nech a p\u0159i p\u0159ij\u00edm\u00e1n\u00ed opat\u0159en\u00ed k zav\u00e1d\u011bn\u00ed inovativn\u00edch pedagogick\u00fdch postup\u016f, kter\u00e9 odpov\u00eddaj\u00ed \u00faloze vzd\u011bl\u00e1v\u00e1n\u00ed ve 21. stolet\u00ed. Za tuto p\u0159\u00edle\u017eitost jsem vd\u011b\u010dn\u00e1.<\/p>\n\n\n\n<figure class=\"wp-block-gallery has-nested-images columns-default is-cropped wp-block-gallery-1 is-layout-flex wp-block-gallery-is-layout-flex\">\n<figure data-wp-context=\"{&quot;imageId&quot;:&quot;69ec5bc5dba68&quot;}\" data-wp-interactive=\"core\/image\" data-wp-key=\"69ec5bc5dba68\" class=\"wp-block-image size-large wp-lightbox-container\"><img loading=\"lazy\" decoding=\"async\" width=\"1024\" height=\"768\" data-wp-class--hide=\"state.isContentHidden\" data-wp-class--show=\"state.isContentVisible\" data-wp-init=\"callbacks.setButtonStyles\" data-wp-on--click=\"actions.showLightbox\" data-wp-on--load=\"callbacks.setButtonStyles\" data-wp-on-window--resize=\"callbacks.setButtonStyles\" data-id=\"3711\" src=\"https:\/\/www.gym-karvina.cz\/wp-content\/uploads\/2024\/10\/v2-1024x768.png\" alt=\"\" class=\"wp-image-3711\" srcset=\"https:\/\/www.gym-karvina.cz\/wp-content\/uploads\/2024\/10\/v2-1024x768.png 1024w, https:\/\/www.gym-karvina.cz\/wp-content\/uploads\/2024\/10\/v2-300x225.png 300w, https:\/\/www.gym-karvina.cz\/wp-content\/uploads\/2024\/10\/v2-768x576.png 768w, https:\/\/www.gym-karvina.cz\/wp-content\/uploads\/2024\/10\/v2-1536x1152.png 1536w, https:\/\/www.gym-karvina.cz\/wp-content\/uploads\/2024\/10\/v2-24x18.png 24w, https:\/\/www.gym-karvina.cz\/wp-content\/uploads\/2024\/10\/v2-36x27.png 36w, https:\/\/www.gym-karvina.cz\/wp-content\/uploads\/2024\/10\/v2-48x36.png 48w, https:\/\/www.gym-karvina.cz\/wp-content\/uploads\/2024\/10\/v2.png 2048w\" sizes=\"auto, (max-width: 1024px) 100vw, 1024px\" \/><button\n\t\t\tclass=\"lightbox-trigger\"\n\t\t\ttype=\"button\"\n\t\t\taria-haspopup=\"dialog\"\n\t\t\taria-label=\"Zv\u011bt\u0161it\"\n\t\t\tdata-wp-init=\"callbacks.initTriggerButton\"\n\t\t\tdata-wp-on--click=\"actions.showLightbox\"\n\t\t\tdata-wp-style--right=\"state.imageButtonRight\"\n\t\t\tdata-wp-style--top=\"state.imageButtonTop\"\n\t\t>\n\t\t\t<svg xmlns=\"http:\/\/www.w3.org\/2000\/svg\" width=\"12\" height=\"12\" fill=\"none\" viewBox=\"0 0 12 12\">\n\t\t\t\t<path fill=\"#fff\" d=\"M2 0a2 2 0 0 0-2 2v2h1.5V2a.5.5 0 0 1 .5-.5h2V0H2Zm2 10.5H2a.5.5 0 0 1-.5-.5V8H0v2a2 2 0 0 0 2 2h2v-1.5ZM8 12v-1.5h2a.5.5 0 0 0 .5-.5V8H12v2a2 2 0 0 1-2 2H8Zm2-12a2 2 0 0 1 2 2v2h-1.5V2a.5.5 0 0 0-.5-.5H8V0h2Z\" \/>\n\t\t\t<\/svg>\n\t\t<\/button><\/figure>\n\n\n\n<figure data-wp-context=\"{&quot;imageId&quot;:&quot;69ec5bc5dbeaf&quot;}\" data-wp-interactive=\"core\/image\" data-wp-key=\"69ec5bc5dbeaf\" class=\"wp-block-image size-large wp-lightbox-container\"><img loading=\"lazy\" decoding=\"async\" width=\"768\" height=\"1024\" data-wp-class--hide=\"state.isContentHidden\" data-wp-class--show=\"state.isContentVisible\" data-wp-init=\"callbacks.setButtonStyles\" data-wp-on--click=\"actions.showLightbox\" data-wp-on--load=\"callbacks.setButtonStyles\" data-wp-on-window--resize=\"callbacks.setButtonStyles\" data-id=\"3710\" src=\"https:\/\/www.gym-karvina.cz\/wp-content\/uploads\/2024\/10\/v1-768x1024.png\" alt=\"\" class=\"wp-image-3710\" srcset=\"https:\/\/www.gym-karvina.cz\/wp-content\/uploads\/2024\/10\/v1-768x1024.png 768w, https:\/\/www.gym-karvina.cz\/wp-content\/uploads\/2024\/10\/v1-225x300.png 225w, https:\/\/www.gym-karvina.cz\/wp-content\/uploads\/2024\/10\/v1-1152x1536.png 1152w, https:\/\/www.gym-karvina.cz\/wp-content\/uploads\/2024\/10\/v1-18x24.png 18w, https:\/\/www.gym-karvina.cz\/wp-content\/uploads\/2024\/10\/v1-27x36.png 27w, https:\/\/www.gym-karvina.cz\/wp-content\/uploads\/2024\/10\/v1-36x48.png 36w, https:\/\/www.gym-karvina.cz\/wp-content\/uploads\/2024\/10\/v1.png 1200w\" sizes=\"auto, (max-width: 768px) 100vw, 768px\" \/><button\n\t\t\tclass=\"lightbox-trigger\"\n\t\t\ttype=\"button\"\n\t\t\taria-haspopup=\"dialog\"\n\t\t\taria-label=\"Zv\u011bt\u0161it\"\n\t\t\tdata-wp-init=\"callbacks.initTriggerButton\"\n\t\t\tdata-wp-on--click=\"actions.showLightbox\"\n\t\t\tdata-wp-style--right=\"state.imageButtonRight\"\n\t\t\tdata-wp-style--top=\"state.imageButtonTop\"\n\t\t>\n\t\t\t<svg xmlns=\"http:\/\/www.w3.org\/2000\/svg\" width=\"12\" height=\"12\" fill=\"none\" viewBox=\"0 0 12 12\">\n\t\t\t\t<path fill=\"#fff\" d=\"M2 0a2 2 0 0 0-2 2v2h1.5V2a.5.5 0 0 1 .5-.5h2V0H2Zm2 10.5H2a.5.5 0 0 1-.5-.5V8H0v2a2 2 0 0 0 2 2h2v-1.5ZM8 12v-1.5h2a.5.5 0 0 0 .5-.5V8H12v2a2 2 0 0 1-2 2H8Zm2-12a2 2 0 0 1 2 2v2h-1.5V2a.5.5 0 0 0-.5-.5H8V0h2Z\" \/>\n\t\t\t<\/svg>\n\t\t<\/button><\/figure>\n<\/figure>\n\n\n\n<p class=\"has-text-align-right\"><em>Mgr. Veronika \u010cadov\u00e1<\/em><\/p>\n","protected":false},"excerpt":{"rendered":"<p>29. 7. 2024 &#8211; 3. 8. 2024 Metodick\u00fd kurz &#8211; the 7Cs of education, Europass Teacher Academy, Budapest Na p\u0159elomu \u010dervence a srpna 2024 jsem m\u011bla d\u00edky programu Erasmus+ mo\u017enost poznat hlavn\u00ed m\u011bsto Ma\u010farska, Budape\u0161\u0165&#46;&#46;&#46;<\/p>\n","protected":false},"author":9,"featured_media":3627,"comment_status":"closed","ping_status":"closed","sticky":false,"template":"","format":"standard","meta":{"footnotes":""},"categories":[40],"tags":[],"class_list":["post-3712","post","type-post","status-publish","format-standard","has-post-thumbnail","hentry","category-akreditace"],"_links":{"self":[{"href":"https:\/\/www.gym-karvina.cz\/index.php?rest_route=\/wp\/v2\/posts\/3712","targetHints":{"allow":["GET"]}}],"collection":[{"href":"https:\/\/www.gym-karvina.cz\/index.php?rest_route=\/wp\/v2\/posts"}],"about":[{"href":"https:\/\/www.gym-karvina.cz\/index.php?rest_route=\/wp\/v2\/types\/post"}],"author":[{"embeddable":true,"href":"https:\/\/www.gym-karvina.cz\/index.php?rest_route=\/wp\/v2\/users\/9"}],"replies":[{"embeddable":true,"href":"https:\/\/www.gym-karvina.cz\/index.php?rest_route=%2Fwp%2Fv2%2Fcomments&post=3712"}],"version-history":[{"count":6,"href":"https:\/\/www.gym-karvina.cz\/index.php?rest_route=\/wp\/v2\/posts\/3712\/revisions"}],"predecessor-version":[{"id":3750,"href":"https:\/\/www.gym-karvina.cz\/index.php?rest_route=\/wp\/v2\/posts\/3712\/revisions\/3750"}],"wp:featuredmedia":[{"embeddable":true,"href":"https:\/\/www.gym-karvina.cz\/index.php?rest_route=\/wp\/v2\/media\/3627"}],"wp:attachment":[{"href":"https:\/\/www.gym-karvina.cz\/index.php?rest_route=%2Fwp%2Fv2%2Fmedia&parent=3712"}],"wp:term":[{"taxonomy":"category","embeddable":true,"href":"https:\/\/www.gym-karvina.cz\/index.php?rest_route=%2Fwp%2Fv2%2Fcategories&post=3712"},{"taxonomy":"post_tag","embeddable":true,"href":"https:\/\/www.gym-karvina.cz\/index.php?rest_route=%2Fwp%2Fv2%2Ftags&post=3712"}],"curies":[{"name":"wp","href":"https:\/\/api.w.org\/{rel}","templated":true}]}}