{"id":3714,"date":"2024-08-26T11:30:14","date_gmt":"2024-08-26T09:30:14","guid":{"rendered":"https:\/\/www.gym-karvina.cz\/?p=3714"},"modified":"2024-10-19T08:55:59","modified_gmt":"2024-10-19T06:55:59","slug":"marcela-tomkova-kurz-na-malte","status":"publish","type":"post","link":"https:\/\/www.gym-karvina.cz\/?p=3714","title":{"rendered":"Marcela Tomkov\u00e1 &#8211; kurz na Malt\u011b"},"content":{"rendered":"\n<h6 class=\"wp-block-heading\">5. 8. 2024 \u2013 16. 8. 2024<\/h6>\n\n\n\n<h6 class=\"wp-block-heading\">Jazykov\u00fd kurz &#8211; General English, EC Malta, St. Julian&#8217;s<\/h6>\n\n\n\n<p>V&nbsp;r\u00e1mci programu Erasmus + jsem m\u011bla mo\u017enost se z\u00fa\u010dastnit jazykov\u00e9ho kurzu v srpnu 2024 na jazykov\u00e9 \u0161kole EC Malta.<\/p>\n\n\n\n<p>Jazykov\u00e1 \u0161kola byla zam\u011b\u0159ena na prohlouben\u00ed znalost\u00ed anglick\u00e9ho jazyka a pomohla mi dos\u00e1hnout vy\u0161\u0161\u00ed \u00farovn\u011b angli\u010dtiny p\u0159edev\u0161\u00edm v&nbsp;konverza\u010dn\u00ed rovin\u011b.<\/p>\n\n\n\n<p>Mana\u017eersk\u00fd t\u00fdm v&nbsp;EC mi poskytl p\u0159ed odjezdem p\u0159\u00edru\u010dku pro studenty, kter\u00e1 mi pomohla zodpov\u011bd\u011bt si na v\u0161echny ot\u00e1zky t\u00fdkaj\u00edc\u00ed se nejen v\u00fduky, ale tak\u00e9 o aktivit\u00e1ch na Malt\u011b.<\/p>\n\n\n\n<p>Do \u0161koly jsem doch\u00e1zela dva t\u00fddny (pond\u011bl\u00ed-p\u00e1tek), d\u00e9lka lekce byla 45 minut, ve skupin\u011b jsem m\u011bla 6 koleg\u016f nad 30 let.&nbsp; Celkem kurz obsahoval 30 lekc\u00ed t\u00fddn\u011b. V\u017edy bylo v\u0161e srozumiteln\u00e9 a p\u0159edem n\u011bkolikr\u00e1t opakovan\u00e9.<\/p>\n\n\n\n<p>K&nbsp;v\u00fduce jsem obdr\u017eela studijn\u00ed materi\u00e1ly knihu Elementary A2. Dopoledn\u00ed v\u00fduka byla hlavn\u011b zam\u011b\u0159en\u00e1 na komunika\u010dn\u00ed schopnosti, gramatiku a r\u016fzn\u00e1 vz\u00e1jemn\u00e1 cvi\u010den\u00ed.&nbsp; Atmosf\u00e9ra ve t\u0159\u00edd\u011b byla v\u017edy p\u0159\u00edjemn\u00e1. Z\u00edsk\u00e1vala jsem postupn\u011b nejen znalosti angli\u010dtiny ale tak\u00e9 zaj\u00edmav\u00e9 informace od koleg\u016f z&nbsp;r\u016fzn\u00fdch zem\u00ed.&nbsp;<\/p>\n\n\n\n<p>M\u011bla jsem p\u0159\u00edle\u017eitost nakouknout zcela do jin\u00fdch rodinn\u00fdch \u017eivot\u016f a pochopit jejich zvyklosti a n\u00e1vyky, kter\u00e9 se opravdu n\u011bkdy zcela li\u0161ily od na\u0161ich zvyklost\u00ed.<\/p>\n\n\n\n<p>M\u00fdm lektor\u016fm d\u00e1v\u00e1m velmi pozitivn\u00ed hodnocen\u00ed. Byli vst\u0159\u00edcn\u00ed, trp\u011bliv\u00ed a v\u017edy ochotn\u00ed a d\u00edky tomu se \u00fakol kurzu naplnil, proto\u017ee \u017ee se mi m\u00e9 znalosti angli\u010dtiny zlep\u0161ily a m\u00e1m v\u011bt\u0161\u00ed sebev\u011bdom\u00ed p\u0159i pou\u017eit\u00ed angli\u010dtiny.<\/p>\n\n\n\n<p>Dal\u0161\u00edm z\u00e1\u017eitkem pro m\u011b bylo pozn\u00e1n\u00ed \u017eivota na Malt\u011b. No\u010dn\u00ed \u017eivot byl v\u017edy ru\u0161n\u00fd a bohat\u00fd. Spoustu mlad\u00fdch lid\u00ed v\u0161ech n\u00e1rodnost\u00ed se sch\u00e1zelo v&nbsp;m\u00edstn\u00edch restaurac\u00edch, posed\u00e1valo na pl\u00e1\u017ei u mo\u0159e, kde prob\u00edhaly \u0161irok\u00e9 a vesel\u00e9 diskuse s&nbsp;op\u00e9k\u00e1n\u00edm, grilov\u00e1n\u00edm a hudbou.&nbsp; Na\u0161la jsem si tady nov\u00e9 kamar\u00e1dy, s&nbsp;kter\u00fdmi jsem dodnes v&nbsp;kontaktu.<\/p>\n\n\n\n<p>Tato zku\u0161enost mi dala mnohem v\u00edce, ne\u017e jsem doufala. Nejen, \u017ee jsem z\u00edskala \u0161ir\u0161\u00ed znalosti ciz\u00edho jazyka, ale dozv\u011bd\u011bla jsem se spoustu nov\u00fdch zaj\u00edmav\u00fdch informac\u00ed nejen o ciz\u00ed zemi, ale tak\u00e9 o jejich hodnot\u00e1ch.<\/p>\n\n\n\n<p>D\u011bkuji veden\u00ed \u0161koly a v\u0161em z&nbsp;koordina\u010dn\u00edho t\u00fdmu Erasmus+ v&nbsp;\u010dele s&nbsp;Ivou Vrbovou za umo\u017en\u011bn\u00ed vycestovat a z\u00edskat pro mne neocenitelnou zku\u0161enost.<\/p>\n\n\n\n<figure class=\"wp-block-gallery has-nested-images columns-default is-cropped wp-block-gallery-1 is-layout-flex wp-block-gallery-is-layout-flex\">\n<figure data-wp-context=\"{&quot;imageId&quot;:&quot;69ec5bc55d1df&quot;}\" data-wp-interactive=\"core\/image\" data-wp-key=\"69ec5bc55d1df\" class=\"wp-block-image size-large wp-lightbox-container\"><img loading=\"lazy\" decoding=\"async\" width=\"505\" height=\"674\" data-wp-class--hide=\"state.isContentHidden\" data-wp-class--show=\"state.isContentVisible\" data-wp-init=\"callbacks.setButtonStyles\" data-wp-on--click=\"actions.showLightbox\" data-wp-on--load=\"callbacks.setButtonStyles\" data-wp-on-window--resize=\"callbacks.setButtonStyles\" data-id=\"3707\" src=\"https:\/\/www.gym-karvina.cz\/wp-content\/uploads\/2024\/10\/2-rotated.jpg\" alt=\"\" class=\"wp-image-3707\" srcset=\"https:\/\/www.gym-karvina.cz\/wp-content\/uploads\/2024\/10\/2-rotated.jpg 505w, https:\/\/www.gym-karvina.cz\/wp-content\/uploads\/2024\/10\/2-225x300.jpg 225w, https:\/\/www.gym-karvina.cz\/wp-content\/uploads\/2024\/10\/2-18x24.jpg 18w, https:\/\/www.gym-karvina.cz\/wp-content\/uploads\/2024\/10\/2-27x36.jpg 27w, https:\/\/www.gym-karvina.cz\/wp-content\/uploads\/2024\/10\/2-36x48.jpg 36w\" sizes=\"auto, (max-width: 505px) 100vw, 505px\" \/><button\n\t\t\tclass=\"lightbox-trigger\"\n\t\t\ttype=\"button\"\n\t\t\taria-haspopup=\"dialog\"\n\t\t\taria-label=\"Zv\u011bt\u0161it\"\n\t\t\tdata-wp-init=\"callbacks.initTriggerButton\"\n\t\t\tdata-wp-on--click=\"actions.showLightbox\"\n\t\t\tdata-wp-style--right=\"state.imageButtonRight\"\n\t\t\tdata-wp-style--top=\"state.imageButtonTop\"\n\t\t>\n\t\t\t<svg xmlns=\"http:\/\/www.w3.org\/2000\/svg\" width=\"12\" height=\"12\" fill=\"none\" viewBox=\"0 0 12 12\">\n\t\t\t\t<path fill=\"#fff\" d=\"M2 0a2 2 0 0 0-2 2v2h1.5V2a.5.5 0 0 1 .5-.5h2V0H2Zm2 10.5H2a.5.5 0 0 1-.5-.5V8H0v2a2 2 0 0 0 2 2h2v-1.5ZM8 12v-1.5h2a.5.5 0 0 0 .5-.5V8H12v2a2 2 0 0 1-2 2H8Zm2-12a2 2 0 0 1 2 2v2h-1.5V2a.5.5 0 0 0-.5-.5H8V0h2Z\" \/>\n\t\t\t<\/svg>\n\t\t<\/button><\/figure>\n\n\n\n<figure data-wp-context=\"{&quot;imageId&quot;:&quot;69ec5bc55d6f3&quot;}\" data-wp-interactive=\"core\/image\" data-wp-key=\"69ec5bc55d6f3\" class=\"wp-block-image size-large wp-lightbox-container\"><img loading=\"lazy\" decoding=\"async\" width=\"1024\" height=\"768\" data-wp-class--hide=\"state.isContentHidden\" data-wp-class--show=\"state.isContentVisible\" data-wp-init=\"callbacks.setButtonStyles\" data-wp-on--click=\"actions.showLightbox\" data-wp-on--load=\"callbacks.setButtonStyles\" data-wp-on-window--resize=\"callbacks.setButtonStyles\" data-id=\"3709\" src=\"https:\/\/www.gym-karvina.cz\/wp-content\/uploads\/2024\/10\/4-1024x768.jpg\" alt=\"\" class=\"wp-image-3709\" srcset=\"https:\/\/www.gym-karvina.cz\/wp-content\/uploads\/2024\/10\/4-1024x768.jpg 1024w, https:\/\/www.gym-karvina.cz\/wp-content\/uploads\/2024\/10\/4-300x225.jpg 300w, https:\/\/www.gym-karvina.cz\/wp-content\/uploads\/2024\/10\/4-768x576.jpg 768w, https:\/\/www.gym-karvina.cz\/wp-content\/uploads\/2024\/10\/4-24x18.jpg 24w, https:\/\/www.gym-karvina.cz\/wp-content\/uploads\/2024\/10\/4-36x27.jpg 36w, https:\/\/www.gym-karvina.cz\/wp-content\/uploads\/2024\/10\/4-48x36.jpg 48w, https:\/\/www.gym-karvina.cz\/wp-content\/uploads\/2024\/10\/4.jpg 1280w\" sizes=\"auto, (max-width: 1024px) 100vw, 1024px\" \/><button\n\t\t\tclass=\"lightbox-trigger\"\n\t\t\ttype=\"button\"\n\t\t\taria-haspopup=\"dialog\"\n\t\t\taria-label=\"Zv\u011bt\u0161it\"\n\t\t\tdata-wp-init=\"callbacks.initTriggerButton\"\n\t\t\tdata-wp-on--click=\"actions.showLightbox\"\n\t\t\tdata-wp-style--right=\"state.imageButtonRight\"\n\t\t\tdata-wp-style--top=\"state.imageButtonTop\"\n\t\t>\n\t\t\t<svg xmlns=\"http:\/\/www.w3.org\/2000\/svg\" width=\"12\" height=\"12\" fill=\"none\" viewBox=\"0 0 12 12\">\n\t\t\t\t<path fill=\"#fff\" d=\"M2 0a2 2 0 0 0-2 2v2h1.5V2a.5.5 0 0 1 .5-.5h2V0H2Zm2 10.5H2a.5.5 0 0 1-.5-.5V8H0v2a2 2 0 0 0 2 2h2v-1.5ZM8 12v-1.5h2a.5.5 0 0 0 .5-.5V8H12v2a2 2 0 0 1-2 2H8Zm2-12a2 2 0 0 1 2 2v2h-1.5V2a.5.5 0 0 0-.5-.5H8V0h2Z\" \/>\n\t\t\t<\/svg>\n\t\t<\/button><\/figure>\n\n\n\n<figure data-wp-context=\"{&quot;imageId&quot;:&quot;69ec5bc55da4a&quot;}\" data-wp-interactive=\"core\/image\" data-wp-key=\"69ec5bc55da4a\" class=\"wp-block-image size-large wp-lightbox-container\"><img loading=\"lazy\" decoding=\"async\" width=\"1024\" height=\"768\" data-wp-class--hide=\"state.isContentHidden\" data-wp-class--show=\"state.isContentVisible\" data-wp-init=\"callbacks.setButtonStyles\" data-wp-on--click=\"actions.showLightbox\" data-wp-on--load=\"callbacks.setButtonStyles\" data-wp-on-window--resize=\"callbacks.setButtonStyles\" data-id=\"3708\" src=\"https:\/\/www.gym-karvina.cz\/wp-content\/uploads\/2024\/10\/3-1024x768.jpg\" alt=\"\" class=\"wp-image-3708\" srcset=\"https:\/\/www.gym-karvina.cz\/wp-content\/uploads\/2024\/10\/3-1024x768.jpg 1024w, https:\/\/www.gym-karvina.cz\/wp-content\/uploads\/2024\/10\/3-300x225.jpg 300w, https:\/\/www.gym-karvina.cz\/wp-content\/uploads\/2024\/10\/3-768x576.jpg 768w, https:\/\/www.gym-karvina.cz\/wp-content\/uploads\/2024\/10\/3-24x18.jpg 24w, https:\/\/www.gym-karvina.cz\/wp-content\/uploads\/2024\/10\/3-36x27.jpg 36w, https:\/\/www.gym-karvina.cz\/wp-content\/uploads\/2024\/10\/3-48x36.jpg 48w, https:\/\/www.gym-karvina.cz\/wp-content\/uploads\/2024\/10\/3.jpg 1280w\" sizes=\"auto, (max-width: 1024px) 100vw, 1024px\" \/><button\n\t\t\tclass=\"lightbox-trigger\"\n\t\t\ttype=\"button\"\n\t\t\taria-haspopup=\"dialog\"\n\t\t\taria-label=\"Zv\u011bt\u0161it\"\n\t\t\tdata-wp-init=\"callbacks.initTriggerButton\"\n\t\t\tdata-wp-on--click=\"actions.showLightbox\"\n\t\t\tdata-wp-style--right=\"state.imageButtonRight\"\n\t\t\tdata-wp-style--top=\"state.imageButtonTop\"\n\t\t>\n\t\t\t<svg xmlns=\"http:\/\/www.w3.org\/2000\/svg\" width=\"12\" height=\"12\" fill=\"none\" viewBox=\"0 0 12 12\">\n\t\t\t\t<path fill=\"#fff\" d=\"M2 0a2 2 0 0 0-2 2v2h1.5V2a.5.5 0 0 1 .5-.5h2V0H2Zm2 10.5H2a.5.5 0 0 1-.5-.5V8H0v2a2 2 0 0 0 2 2h2v-1.5ZM8 12v-1.5h2a.5.5 0 0 0 .5-.5V8H12v2a2 2 0 0 1-2 2H8Zm2-12a2 2 0 0 1 2 2v2h-1.5V2a.5.5 0 0 0-.5-.5H8V0h2Z\" \/>\n\t\t\t<\/svg>\n\t\t<\/button><\/figure>\n<\/figure>\n\n\n\n<p class=\"has-text-align-right\"><em>Marcela Tomkov\u00e1<\/em><\/p>\n","protected":false},"excerpt":{"rendered":"<p>5. 8. 2024 \u2013 16. 8. 2024 Jazykov\u00fd kurz &#8211; General English, EC Malta, St. Julian&#8217;s V&nbsp;r\u00e1mci programu Erasmus + jsem m\u011bla mo\u017enost se z\u00fa\u010dastnit jazykov\u00e9ho kurzu v srpnu 2024 na jazykov\u00e9 \u0161kole EC Malta.&#46;&#46;&#46;<\/p>\n","protected":false},"author":9,"featured_media":3627,"comment_status":"closed","ping_status":"closed","sticky":false,"template":"","format":"standard","meta":{"footnotes":""},"categories":[40],"tags":[],"class_list":["post-3714","post","type-post","status-publish","format-standard","has-post-thumbnail","hentry","category-akreditace"],"_links":{"self":[{"href":"https:\/\/www.gym-karvina.cz\/index.php?rest_route=\/wp\/v2\/posts\/3714","targetHints":{"allow":["GET"]}}],"collection":[{"href":"https:\/\/www.gym-karvina.cz\/index.php?rest_route=\/wp\/v2\/posts"}],"about":[{"href":"https:\/\/www.gym-karvina.cz\/index.php?rest_route=\/wp\/v2\/types\/post"}],"author":[{"embeddable":true,"href":"https:\/\/www.gym-karvina.cz\/index.php?rest_route=\/wp\/v2\/users\/9"}],"replies":[{"embeddable":true,"href":"https:\/\/www.gym-karvina.cz\/index.php?rest_route=%2Fwp%2Fv2%2Fcomments&post=3714"}],"version-history":[{"count":14,"href":"https:\/\/www.gym-karvina.cz\/index.php?rest_route=\/wp\/v2\/posts\/3714\/revisions"}],"predecessor-version":[{"id":3749,"href":"https:\/\/www.gym-karvina.cz\/index.php?rest_route=\/wp\/v2\/posts\/3714\/revisions\/3749"}],"wp:featuredmedia":[{"embeddable":true,"href":"https:\/\/www.gym-karvina.cz\/index.php?rest_route=\/wp\/v2\/media\/3627"}],"wp:attachment":[{"href":"https:\/\/www.gym-karvina.cz\/index.php?rest_route=%2Fwp%2Fv2%2Fmedia&parent=3714"}],"wp:term":[{"taxonomy":"category","embeddable":true,"href":"https:\/\/www.gym-karvina.cz\/index.php?rest_route=%2Fwp%2Fv2%2Fcategories&post=3714"},{"taxonomy":"post_tag","embeddable":true,"href":"https:\/\/www.gym-karvina.cz\/index.php?rest_route=%2Fwp%2Fv2%2Ftags&post=3714"}],"curies":[{"name":"wp","href":"https:\/\/api.w.org\/{rel}","templated":true}]}}