{"id":3833,"date":"2024-07-17T08:05:17","date_gmt":"2024-07-17T06:05:17","guid":{"rendered":"https:\/\/www.gym-karvina.cz\/?p=3833"},"modified":"2024-10-19T09:03:48","modified_gmt":"2024-10-19T07:03:48","slug":"alena-helesicova-kurz-na-malte","status":"publish","type":"post","link":"https:\/\/www.gym-karvina.cz\/?p=3833","title":{"rendered":"Alena Hele\u0161icov\u00e1 \u2013 kurz na Malt\u011b"},"content":{"rendered":"\n<h6 class=\"wp-block-heading\">1. 7. 2024 \u2013 12. 7. 2024<\/h6>\n\n\n\n<h6 class=\"wp-block-heading\">Jazykov\u00fd kurz \u2013 General English, EC Malta, St. Julian\u2019s<\/h6>\n\n\n\n<p>V&nbsp;tomto roce jsem m\u011bla tu mo\u017enost se z\u00fa\u010dastnit jazykov\u00e9ho vzd\u011bl\u00e1v\u00e1n\u00ed na Malt\u011b. Vybrala jsem si \u0161kolu, kter\u00e1 m\u00e1 to nejlep\u0161\u00ed hodnocen\u00ed, a to EC Malta ve m\u011bst\u011b San Giljan. V&nbsp;pr\u016fb\u011bhu dvou t\u00fddn\u016f jsem doch\u00e1zela na kurz 30+ General English a doch\u00e1zku jsem m\u011bla stoprocentn\u00ed.<\/p>\n\n\n\n<p>P\u0159ed realizaci kurzu jsem musela ud\u011blat n\u00e1sleduj\u00edc\u00ed \u00fakoly: objednat letenku, za\u0159\u00eddit ubytov\u00e1n\u00ed, p\u0159ihl\u00e1sit se do \u0161koly, vy\u0159e\u0161it poji\u0161t\u011bn\u00ed, vyplnit roz\u0159azovac\u00ed test p\u0159ed odjezdem a prostudovat informace o st\u00e1t\u011b Malta, kter\u00fd jsem doposud nenav\u0161t\u00edvila.<\/p>\n\n\n\n<p>V\u00fduka ve \u0161kole se st\u0159\u00eddala v dopoledn\u00edm nebo odpoledn\u00edm bloku. Ve t\u0159\u00edd\u011b bylo maxim\u00e1ln\u011b dvan\u00e1ct student\u016f a mnohdy jsme pracovali i v&nbsp;mal\u00fdch skupin\u00e1ch. Lekto\u0159i poch\u00e1zeli z&nbsp;r\u016fzn\u00fdch zem\u00ed a byli velmi vst\u0159\u00edcn\u00ed a trp\u011bliv\u00ed. Pou\u017e\u00edvali modern\u00ed techniku a v\u00fdukov\u00e9 metody byly velmi pestr\u00e9 a mnohdy i z\u00e1bavn\u00e9. Ka\u017ed\u00fd den jsme m\u011bli poslech, konverzaci, gramatiku a \u010d\u00e1st, kde jsme si procvi\u010dili psan\u00ed. Ob\u010das jsme dostali i dom\u00e1c\u00ed \u00fakoly.<\/p>\n\n\n\n<p>Spolu\u017e\u00e1ci poch\u00e1zeli z&nbsp;cel\u00e9ho sv\u011bta, nejv\u00edce z&nbsp;Evropy, Latinsk\u00e9 Ameriky a tak\u00e9 z&nbsp;Asie. V&nbsp;m\u00e9 skupin\u011b jsem m\u011bla kamar\u00e1dy z&nbsp;It\u00e1lie, \u0160pan\u011blska, N\u011bmecka, Mexika a Braz\u00edlie. Spole\u010dnou konverzac\u00ed jsem odbourala ostych mluvit a v&nbsp;tom spat\u0159uji m\u016fj nejv\u011bt\u0161\u00ed pokrok. Velk\u00fdm p\u0159\u00ednosem ve vzd\u011bl\u00e1v\u00e1n\u00ed je ka\u017edodenn\u00ed angli\u010dtina se zku\u0161en\u00fdmi&nbsp;lektory. V&nbsp;pr\u016fb\u011bhu jsem vylep\u0161ila sv\u016fj poslech a ujasnila si mnoho gramatick\u00fdch jev\u016f. Pr\u00e1ce ve skupin\u00e1ch zpest\u0159ila v\u00fduku a pomohla lep\u0161\u00ed komunikaci.<\/p>\n\n\n\n<p>Zpest\u0159en\u00edm pobytu byly v\u00edkendy, kdy jsme cestovali po v\u0161ech ostrovech a m\u011bstech. Nav\u0161t\u00edvili jsme Gozo, Comino, St. Paul\u00b4s, Modrou Lagunu, Vallettu a dal\u0161\u00ed m\u011bsta. V\u00fdlety byly organizovan\u00e9 \u0161kolou, tak\u017ee i o v\u00edkendu jsem konverzovala anglicky se spolu\u017e\u00e1ky.<\/p>\n\n\n\n<p>Mobilita jazykov\u00e9ho vzd\u011bl\u00e1v\u00e1n\u00ed v&nbsp;tomto rozsahu a kvalit\u011b m\u011b p\u0159edev\u0161\u00edm motivuje do dal\u0161\u00edho u\u010den\u00ed a touhy l\u00e9pe porozum\u011bt angli\u010dtin\u011b. Z\u00edskan\u00e9 jazykov\u00e9 kompetence a organiza\u010dn\u00ed zku\u0161enosti z\u00faro\u010d\u00edm p\u0159i realizaci kurz\u016f a projekt\u016f v r\u00e1mci \u0161koly. Vyu\u010dovac\u00ed metody n\u011bkter\u00fdch lektor\u016f byly pro m\u011b inspirac\u00ed pro dal\u0161\u00ed obdob\u00ed. Ve v\u00fduce na na\u0161\u00ed \u0161kole mohu l\u00e9pe komunikovat se zahrani\u010dn\u00edmi&nbsp;\u017e\u00e1ky, kte\u0159\u00ed u n\u00e1s studuj\u00ed v&nbsp;r\u00e1mci v\u00fdm\u011bnn\u00fdch pobyt\u016f.<\/p>\n\n\n\n<figure class=\"wp-block-gallery has-nested-images columns-default is-cropped wp-block-gallery-1 is-layout-flex wp-block-gallery-is-layout-flex\">\n<figure data-wp-context=\"{&quot;imageId&quot;:&quot;69ec5ba10cda5&quot;}\" data-wp-interactive=\"core\/image\" data-wp-key=\"69ec5ba10cda5\" class=\"wp-block-image size-large wp-lightbox-container\"><img loading=\"lazy\" decoding=\"async\" width=\"642\" height=\"815\" data-wp-class--hide=\"state.isContentHidden\" data-wp-class--show=\"state.isContentVisible\" data-wp-init=\"callbacks.setButtonStyles\" data-wp-on--click=\"actions.showLightbox\" data-wp-on--load=\"callbacks.setButtonStyles\" data-wp-on-window--resize=\"callbacks.setButtonStyles\" data-id=\"3836\" src=\"https:\/\/www.gym-karvina.cz\/wp-content\/uploads\/2024\/10\/hel2.jpg\" alt=\"\" class=\"wp-image-3836\" srcset=\"https:\/\/www.gym-karvina.cz\/wp-content\/uploads\/2024\/10\/hel2.jpg 642w, https:\/\/www.gym-karvina.cz\/wp-content\/uploads\/2024\/10\/hel2-236x300.jpg 236w, https:\/\/www.gym-karvina.cz\/wp-content\/uploads\/2024\/10\/hel2-19x24.jpg 19w, https:\/\/www.gym-karvina.cz\/wp-content\/uploads\/2024\/10\/hel2-28x36.jpg 28w, https:\/\/www.gym-karvina.cz\/wp-content\/uploads\/2024\/10\/hel2-38x48.jpg 38w\" sizes=\"auto, (max-width: 642px) 100vw, 642px\" \/><button\n\t\t\tclass=\"lightbox-trigger\"\n\t\t\ttype=\"button\"\n\t\t\taria-haspopup=\"dialog\"\n\t\t\taria-label=\"Zv\u011bt\u0161it\"\n\t\t\tdata-wp-init=\"callbacks.initTriggerButton\"\n\t\t\tdata-wp-on--click=\"actions.showLightbox\"\n\t\t\tdata-wp-style--right=\"state.imageButtonRight\"\n\t\t\tdata-wp-style--top=\"state.imageButtonTop\"\n\t\t>\n\t\t\t<svg xmlns=\"http:\/\/www.w3.org\/2000\/svg\" width=\"12\" height=\"12\" fill=\"none\" viewBox=\"0 0 12 12\">\n\t\t\t\t<path fill=\"#fff\" d=\"M2 0a2 2 0 0 0-2 2v2h1.5V2a.5.5 0 0 1 .5-.5h2V0H2Zm2 10.5H2a.5.5 0 0 1-.5-.5V8H0v2a2 2 0 0 0 2 2h2v-1.5ZM8 12v-1.5h2a.5.5 0 0 0 .5-.5V8H12v2a2 2 0 0 1-2 2H8Zm2-12a2 2 0 0 1 2 2v2h-1.5V2a.5.5 0 0 0-.5-.5H8V0h2Z\" \/>\n\t\t\t<\/svg>\n\t\t<\/button><\/figure>\n\n\n\n<figure data-wp-context=\"{&quot;imageId&quot;:&quot;69ec5ba10d24c&quot;}\" data-wp-interactive=\"core\/image\" data-wp-key=\"69ec5ba10d24c\" class=\"wp-block-image size-large wp-lightbox-container\"><img loading=\"lazy\" decoding=\"async\" width=\"1024\" height=\"660\" data-wp-class--hide=\"state.isContentHidden\" data-wp-class--show=\"state.isContentVisible\" data-wp-init=\"callbacks.setButtonStyles\" data-wp-on--click=\"actions.showLightbox\" data-wp-on--load=\"callbacks.setButtonStyles\" data-wp-on-window--resize=\"callbacks.setButtonStyles\" data-id=\"3835\" src=\"https:\/\/www.gym-karvina.cz\/wp-content\/uploads\/2024\/10\/hel1-1024x660.jpg\" alt=\"\" class=\"wp-image-3835\" srcset=\"https:\/\/www.gym-karvina.cz\/wp-content\/uploads\/2024\/10\/hel1-1024x660.jpg 1024w, https:\/\/www.gym-karvina.cz\/wp-content\/uploads\/2024\/10\/hel1-300x193.jpg 300w, https:\/\/www.gym-karvina.cz\/wp-content\/uploads\/2024\/10\/hel1-768x495.jpg 768w, https:\/\/www.gym-karvina.cz\/wp-content\/uploads\/2024\/10\/hel1-24x15.jpg 24w, https:\/\/www.gym-karvina.cz\/wp-content\/uploads\/2024\/10\/hel1-36x23.jpg 36w, https:\/\/www.gym-karvina.cz\/wp-content\/uploads\/2024\/10\/hel1-48x31.jpg 48w, https:\/\/www.gym-karvina.cz\/wp-content\/uploads\/2024\/10\/hel1.jpg 1279w\" sizes=\"auto, (max-width: 1024px) 100vw, 1024px\" \/><button\n\t\t\tclass=\"lightbox-trigger\"\n\t\t\ttype=\"button\"\n\t\t\taria-haspopup=\"dialog\"\n\t\t\taria-label=\"Zv\u011bt\u0161it\"\n\t\t\tdata-wp-init=\"callbacks.initTriggerButton\"\n\t\t\tdata-wp-on--click=\"actions.showLightbox\"\n\t\t\tdata-wp-style--right=\"state.imageButtonRight\"\n\t\t\tdata-wp-style--top=\"state.imageButtonTop\"\n\t\t>\n\t\t\t<svg xmlns=\"http:\/\/www.w3.org\/2000\/svg\" width=\"12\" height=\"12\" fill=\"none\" viewBox=\"0 0 12 12\">\n\t\t\t\t<path fill=\"#fff\" d=\"M2 0a2 2 0 0 0-2 2v2h1.5V2a.5.5 0 0 1 .5-.5h2V0H2Zm2 10.5H2a.5.5 0 0 1-.5-.5V8H0v2a2 2 0 0 0 2 2h2v-1.5ZM8 12v-1.5h2a.5.5 0 0 0 .5-.5V8H12v2a2 2 0 0 1-2 2H8Zm2-12a2 2 0 0 1 2 2v2h-1.5V2a.5.5 0 0 0-.5-.5H8V0h2Z\" \/>\n\t\t\t<\/svg>\n\t\t<\/button><\/figure>\n<\/figure>\n\n\n\n<p class=\"has-text-align-right\"><em>Mgr. Alena Hele\u0161icov\u00e1<\/em><\/p>\n","protected":false},"excerpt":{"rendered":"<p>1. 7. 2024 \u2013 12. 7. 2024 Jazykov\u00fd kurz \u2013 General English, EC Malta, St. Julian\u2019s V&nbsp;tomto roce jsem m\u011bla tu mo\u017enost se z\u00fa\u010dastnit jazykov\u00e9ho vzd\u011bl\u00e1v\u00e1n\u00ed na Malt\u011b. Vybrala jsem si \u0161kolu, kter\u00e1 m\u00e1 to&#46;&#46;&#46;<\/p>\n","protected":false},"author":9,"featured_media":3627,"comment_status":"closed","ping_status":"closed","sticky":false,"template":"","format":"standard","meta":{"footnotes":""},"categories":[41],"tags":[],"class_list":["post-3833","post","type-post","status-publish","format-standard","has-post-thumbnail","hentry","category-akreditace-a2"],"_links":{"self":[{"href":"https:\/\/www.gym-karvina.cz\/index.php?rest_route=\/wp\/v2\/posts\/3833","targetHints":{"allow":["GET"]}}],"collection":[{"href":"https:\/\/www.gym-karvina.cz\/index.php?rest_route=\/wp\/v2\/posts"}],"about":[{"href":"https:\/\/www.gym-karvina.cz\/index.php?rest_route=\/wp\/v2\/types\/post"}],"author":[{"embeddable":true,"href":"https:\/\/www.gym-karvina.cz\/index.php?rest_route=\/wp\/v2\/users\/9"}],"replies":[{"embeddable":true,"href":"https:\/\/www.gym-karvina.cz\/index.php?rest_route=%2Fwp%2Fv2%2Fcomments&post=3833"}],"version-history":[{"count":3,"href":"https:\/\/www.gym-karvina.cz\/index.php?rest_route=\/wp\/v2\/posts\/3833\/revisions"}],"predecessor-version":[{"id":3853,"href":"https:\/\/www.gym-karvina.cz\/index.php?rest_route=\/wp\/v2\/posts\/3833\/revisions\/3853"}],"wp:featuredmedia":[{"embeddable":true,"href":"https:\/\/www.gym-karvina.cz\/index.php?rest_route=\/wp\/v2\/media\/3627"}],"wp:attachment":[{"href":"https:\/\/www.gym-karvina.cz\/index.php?rest_route=%2Fwp%2Fv2%2Fmedia&parent=3833"}],"wp:term":[{"taxonomy":"category","embeddable":true,"href":"https:\/\/www.gym-karvina.cz\/index.php?rest_route=%2Fwp%2Fv2%2Fcategories&post=3833"},{"taxonomy":"post_tag","embeddable":true,"href":"https:\/\/www.gym-karvina.cz\/index.php?rest_route=%2Fwp%2Fv2%2Ftags&post=3833"}],"curies":[{"name":"wp","href":"https:\/\/api.w.org\/{rel}","templated":true}]}}