{"id":3847,"date":"2024-07-22T08:34:00","date_gmt":"2024-07-22T06:34:00","guid":{"rendered":"https:\/\/www.gym-karvina.cz\/?p=3847"},"modified":"2024-10-19T09:06:18","modified_gmt":"2024-10-19T07:06:18","slug":"milos-kucera-stinovani-v-nemecku","status":"publish","type":"post","link":"https:\/\/www.gym-karvina.cz\/?p=3847","title":{"rendered":"Milo\u0161 Ku\u010dera \u2013 st\u00ednov\u00e1n\u00ed v N\u011bmecku"},"content":{"rendered":"\n<h6 class=\"wp-block-heading\"><strong>8. 7. 2024 \u2013 12. 7. 2024<\/strong><\/h6>\n\n\n\n<h6 class=\"wp-block-heading\"><strong>St\u00ednov\u00e1n\u00ed zam\u011b\u0159en\u00e9 na management \u0161koly, Maximilian-von-Montgelas-Gymnasium, Vilsbiburg<\/strong><\/h6>\n\n\n\n<p>V r\u00e1mci sv\u00e9ho profesn\u00edho rozvoje jsem v obdob\u00ed 8. &#8211; 12. 7. 2024 absolvoval mobilitu zam\u011b\u0159enou na st\u00ednov\u00e1n\u00ed. Str\u00e1vil jsem t\u00fdden na bavorsk\u00e9m gymn\u00e1ziu ve Vilsbiburgu. C\u00edlem tohoto studijn\u00edho pobytu bylo pos\u00edlen\u00ed m\u00fdch kompetenc\u00ed p\u0159i \u0159\u00edzen\u00ed \u0161koly. Str\u00e1vil jsem mnoho \u010dasu v diskuz\u00edch se \u010dleny tamn\u00edho veden\u00ed \u0161koly, p\u0159edev\u0161\u00edm s panem \u0159editelem. M\u011bl jsem mo\u017enost porovnat syst\u00e9m bavorsk\u00e9ho \u0161kolstv\u00ed s \u010desk\u00fdm syst\u00e9mem.<\/p>\n\n\n<div class=\"wp-block-image\">\n<figure data-wp-context=\"{&quot;imageId&quot;:&quot;69ec5bc5f3861&quot;}\" data-wp-interactive=\"core\/image\" data-wp-key=\"69ec5bc5f3861\" class=\"aligncenter size-medium wp-lightbox-container\"><img loading=\"lazy\" decoding=\"async\" width=\"225\" height=\"300\" data-wp-class--hide=\"state.isContentHidden\" data-wp-class--show=\"state.isContentVisible\" data-wp-init=\"callbacks.setButtonStyles\" data-wp-on--click=\"actions.showLightbox\" data-wp-on--load=\"callbacks.setButtonStyles\" data-wp-on-window--resize=\"callbacks.setButtonStyles\" src=\"https:\/\/www.gym-karvina.cz\/wp-content\/uploads\/2024\/10\/kuc1-225x300.jpg\" alt=\"\" class=\"wp-image-3839\" srcset=\"https:\/\/www.gym-karvina.cz\/wp-content\/uploads\/2024\/10\/kuc1-225x300.jpg 225w, https:\/\/www.gym-karvina.cz\/wp-content\/uploads\/2024\/10\/kuc1-768x1024.jpg 768w, https:\/\/www.gym-karvina.cz\/wp-content\/uploads\/2024\/10\/kuc1-1152x1536.jpg 1152w, https:\/\/www.gym-karvina.cz\/wp-content\/uploads\/2024\/10\/kuc1-18x24.jpg 18w, https:\/\/www.gym-karvina.cz\/wp-content\/uploads\/2024\/10\/kuc1-27x36.jpg 27w, https:\/\/www.gym-karvina.cz\/wp-content\/uploads\/2024\/10\/kuc1-36x48.jpg 36w, https:\/\/www.gym-karvina.cz\/wp-content\/uploads\/2024\/10\/kuc1.jpg 1536w\" sizes=\"auto, (max-width: 225px) 100vw, 225px\" \/><button\n\t\t\tclass=\"lightbox-trigger\"\n\t\t\ttype=\"button\"\n\t\t\taria-haspopup=\"dialog\"\n\t\t\taria-label=\"Zv\u011bt\u0161it\"\n\t\t\tdata-wp-init=\"callbacks.initTriggerButton\"\n\t\t\tdata-wp-on--click=\"actions.showLightbox\"\n\t\t\tdata-wp-style--right=\"state.imageButtonRight\"\n\t\t\tdata-wp-style--top=\"state.imageButtonTop\"\n\t\t>\n\t\t\t<svg xmlns=\"http:\/\/www.w3.org\/2000\/svg\" width=\"12\" height=\"12\" fill=\"none\" viewBox=\"0 0 12 12\">\n\t\t\t\t<path fill=\"#fff\" d=\"M2 0a2 2 0 0 0-2 2v2h1.5V2a.5.5 0 0 1 .5-.5h2V0H2Zm2 10.5H2a.5.5 0 0 1-.5-.5V8H0v2a2 2 0 0 0 2 2h2v-1.5ZM8 12v-1.5h2a.5.5 0 0 0 .5-.5V8H12v2a2 2 0 0 1-2 2H8Zm2-12a2 2 0 0 1 2 2v2h-1.5V2a.5.5 0 0 0-.5-.5H8V0h2Z\" \/>\n\t\t\t<\/svg>\n\t\t<\/button><\/figure>\n<\/div>\n\n\n<p>Bylo zaj\u00edmav\u00e9 pozorovat zp\u016fsob a styl veden\u00ed \u0161koly, zji\u0161\u0165ovat v\u011bci souvisej\u00edc\u00ed s postaven\u00edm u\u010ditele v bavorsk\u00e9m \u0161kolsk\u00e9m syst\u00e9mu. Zaj\u00edmal jsem se p\u0159edev\u0161\u00edm o odpov\u011bdnost za spr\u00e1vu a \u0159\u00edzen\u00ed \u0161koly, odpov\u011bdnost za kvalitu a efektivitu vzd\u011bl\u00e1vac\u00edho procesu a odpov\u011bdnost za finan\u010dn\u00ed \u0159\u00edzen\u00ed \u0161koly. Bylo zaj\u00edmav\u00e9 porovnat \u00favazky u\u010ditel\u016f, tedy p\u0159\u00edmou pedagogickou \u010dinnost, odm\u011b\u0148ov\u00e1n\u00ed u\u010ditel\u016f v r\u00e1mci tarifn\u00edch a mimotarifn\u00edch slo\u017eek platu, pr\u00e1ci p\u0159edm\u011btov\u00fdch komis\u00ed, roli t\u0159\u00eddn\u00edho u\u010ditele v tamn\u00edm syst\u00e9mu, \u0161koln\u00ed \u0159\u00e1d.<\/p>\n\n\n\n<p>V dob\u011b mobility jsem m\u011bl tak\u00e9 mo\u017enost hospitovat ve vyu\u010dovac\u00edch hodin\u00e1ch, porovnat technick\u00e9 z\u00e1zem\u00ed a vybaven\u00ed \u0161koly s na\u0161\u00ed \u0161kolou. Zaj\u00edmal jsem se takt\u00e9\u017e o \u0161kolskou legislativu, kter\u00e1 definuje fungov\u00e1n\u00ed a postaven\u00ed bavorsk\u00e9ho gymn\u00e1zia v tamn\u00edm \u0161kolsk\u00e9m syst\u00e9mu.<\/p>\n\n\n\n<p>Na t\u00e9to \u0161kole jsem byl ji\u017e koncem 90. let minul\u00e9ho stolet\u00ed a byl jsem r\u00e1d, \u017ee jsem m\u011bl mo\u017enost se setkat s n\u011bkter\u00fdmi kolegy, kte\u0159\u00ed na t\u00e9to \u0161kole u\u017e tehdy p\u016fsobili. Mohl jsem rovn\u011b\u017e posoudit, jak se toto gymn\u00e1zium za tuto dlouhou dobu zm\u011bnilo.<\/p>\n\n\n\n<p>Z\u00edskan\u00e9 zku\u0161enosti, informace mohu vyu\u017e\u00edt p\u0159i \u0159\u00edzen\u00ed na\u0161eho gymn\u00e1zia, jedn\u00e1 se zejm\u00e9na o pojet\u00ed&nbsp; v\u00fduky, tzn. v\u011bci souvisej\u00edc\u00ed s inovativn\u00edmi metodami vzd\u011bl\u00e1v\u00e1n\u00ed. Do&nbsp; sv\u00e9 v\u00fduky n\u011bm\u010diny ur\u010dit\u011b zavedu nap\u0159\u00edklad prvky formativn\u00edho u\u010den\u00ed. Jedn\u00e1 se nap\u0159\u00edklad o vrstevnick\u00e9 hodnocen\u00ed, schopnost vyhodnotit vlastn\u00ed posun a stanovit si c\u00edl nebo krit\u00e9ria kvality.<\/p>\n\n\n\n<p>\u010cesk\u00e9 \u0161kolstv\u00ed se mus\u00ed inspirovat v ot\u00e1zce vzd\u011bl\u00e1v\u00e1n\u00ed budouc\u00edch u\u010ditel\u016f. Syst\u00e9m vzd\u011bl\u00e1v\u00e1n\u00ed u\u010ditel\u016f v N\u011bmecku vykazuje zna\u010dn\u00e9 odli\u0161nosti od toho \u010desk\u00e9ho. Po p\u011bti semestrech studia na univerzit\u011b skl\u00e1d\u00e1 budouc\u00ed u\u010ditel prvn\u00ed st\u00e1tnice a pot\u00e9 n\u00e1sleduje f\u00e1ze takzvan\u00e9ho \u201ereferendari\u00e1tu\u201c. To je dvoulet\u00e9 obdob\u00ed, kter\u00e9 budouc\u00ed u\u010ditel str\u00e1v\u00ed \u201e v praxi\u201c, b\u011bhem kter\u00e9 absolvuje n\u00e1slechy, vyu\u010duje pod dohledem uv\u00e1d\u011bj\u00edc\u00edho u\u010ditele, pozd\u011bji tak\u00e9 samostatn\u011b (toto je p\u0159esn\u011b definov\u00e1no). V t\u00e9to f\u00e1zi skl\u00e1d\u00e1 dv\u011b d\u00edl\u010d\u00ed praktick\u00e9 zkou\u0161ky s detailn\u00edm rozborem p\u0159ed komis\u00ed. Toto obdob\u00ed je u\u010diteli pova\u017eov\u00e1no za velmi n\u00e1ro\u010dn\u00e9, je zakon\u010deno druhou st\u00e1tnic\u00ed.<\/p>\n\n\n\n<p>Z\u00e1v\u011brem nemohu opomenout spole\u010dn\u00e9 diskuze o programu Erasmus+. S veden\u00edm bavorsk\u00e9 \u0161koly jsme si vz\u00e1jemn\u011b p\u0159edali zku\u0161enosti s \u0159\u00edzen\u00edm projekt\u016f financovan\u00fdch EU. Zaj\u00edmal jsem se o v\u00fdb\u011br mobilit pro \u017e\u00e1ky v r\u00e1mci v\u00fdm\u011bnn\u00fdch akc\u00ed a o mo\u017enost mobilit pro zam\u011bstnance a za\u010dle\u0148ov\u00e1n\u00ed zam\u011bstnanc\u016f \u0161koly do projektov\u00fdch \u010dinnost\u00ed. Mo\u017enosti pro zapojen\u00ed se do evropsk\u00fdch projekt\u016f s finan\u010dn\u00ed podporou (nap\u0159. Erasmus+) nejsou v N\u011bmecku tak velk\u00e9 jako v \u010cR a ostatn\u00edch zem\u00edch b\u00fdval\u00e9ho v\u00fdchodn\u00edho bloku. Je to logick\u00e9, podpora EU sm\u011b\u0159uje p\u0159edev\u0161\u00edm do zem\u00ed sm\u011brem na v\u00fdchod a&nbsp; N\u011bmecko je naopak nejv\u011bt\u0161\u00edm p\u0159isp\u011bvatelem do rozpo\u010dtu EU. P\u0159esto jsme se dohodli na ur\u010dit\u00e9 form\u011b partnerstv\u00ed, jeho\u017e c\u00edlem bude v budoucnu kr\u00e1tkodob\u00e1 mobilita na\u0161ich \u017e\u00e1k\u016f ve Vilsbiburgu.<\/p>\n\n\n\n<p>V r\u00e1mci sv\u00e9 mobility jsem m\u011bl tak\u00e9 mo\u017enost pozn\u00e1vat kr\u00e1sy spolkov\u00e9 zem\u011b Bavorsko. Nav\u0161t\u00edvil jsem m\u011bsta Mnichov, Landshut a Burghausen.<\/p>\n\n\n\n<figure class=\"wp-block-gallery has-nested-images columns-default is-cropped wp-block-gallery-1 is-layout-flex wp-block-gallery-is-layout-flex\">\n<figure data-wp-context=\"{&quot;imageId&quot;:&quot;69ec5bc5f3d09&quot;}\" data-wp-interactive=\"core\/image\" data-wp-key=\"69ec5bc5f3d09\" class=\"wp-block-image size-large wp-lightbox-container\"><img loading=\"lazy\" decoding=\"async\" width=\"1024\" height=\"768\" data-wp-class--hide=\"state.isContentHidden\" data-wp-class--show=\"state.isContentVisible\" data-wp-init=\"callbacks.setButtonStyles\" data-wp-on--click=\"actions.showLightbox\" data-wp-on--load=\"callbacks.setButtonStyles\" data-wp-on-window--resize=\"callbacks.setButtonStyles\" data-id=\"3840\" src=\"https:\/\/www.gym-karvina.cz\/wp-content\/uploads\/2024\/10\/kuc2-1024x768.jpg\" alt=\"\" class=\"wp-image-3840\" srcset=\"https:\/\/www.gym-karvina.cz\/wp-content\/uploads\/2024\/10\/kuc2-1024x768.jpg 1024w, https:\/\/www.gym-karvina.cz\/wp-content\/uploads\/2024\/10\/kuc2-300x225.jpg 300w, https:\/\/www.gym-karvina.cz\/wp-content\/uploads\/2024\/10\/kuc2-768x576.jpg 768w, https:\/\/www.gym-karvina.cz\/wp-content\/uploads\/2024\/10\/kuc2-1536x1152.jpg 1536w, https:\/\/www.gym-karvina.cz\/wp-content\/uploads\/2024\/10\/kuc2-24x18.jpg 24w, https:\/\/www.gym-karvina.cz\/wp-content\/uploads\/2024\/10\/kuc2-36x27.jpg 36w, https:\/\/www.gym-karvina.cz\/wp-content\/uploads\/2024\/10\/kuc2-48x36.jpg 48w, https:\/\/www.gym-karvina.cz\/wp-content\/uploads\/2024\/10\/kuc2.jpg 2048w\" sizes=\"auto, (max-width: 1024px) 100vw, 1024px\" \/><button\n\t\t\tclass=\"lightbox-trigger\"\n\t\t\ttype=\"button\"\n\t\t\taria-haspopup=\"dialog\"\n\t\t\taria-label=\"Zv\u011bt\u0161it\"\n\t\t\tdata-wp-init=\"callbacks.initTriggerButton\"\n\t\t\tdata-wp-on--click=\"actions.showLightbox\"\n\t\t\tdata-wp-style--right=\"state.imageButtonRight\"\n\t\t\tdata-wp-style--top=\"state.imageButtonTop\"\n\t\t>\n\t\t\t<svg xmlns=\"http:\/\/www.w3.org\/2000\/svg\" width=\"12\" height=\"12\" fill=\"none\" viewBox=\"0 0 12 12\">\n\t\t\t\t<path fill=\"#fff\" d=\"M2 0a2 2 0 0 0-2 2v2h1.5V2a.5.5 0 0 1 .5-.5h2V0H2Zm2 10.5H2a.5.5 0 0 1-.5-.5V8H0v2a2 2 0 0 0 2 2h2v-1.5ZM8 12v-1.5h2a.5.5 0 0 0 .5-.5V8H12v2a2 2 0 0 1-2 2H8Zm2-12a2 2 0 0 1 2 2v2h-1.5V2a.5.5 0 0 0-.5-.5H8V0h2Z\" \/>\n\t\t\t<\/svg>\n\t\t<\/button><\/figure>\n\n\n\n<figure data-wp-context=\"{&quot;imageId&quot;:&quot;69ec5bc5f402b&quot;}\" data-wp-interactive=\"core\/image\" data-wp-key=\"69ec5bc5f402b\" class=\"wp-block-image size-large wp-lightbox-container\"><img loading=\"lazy\" decoding=\"async\" width=\"1024\" height=\"768\" data-wp-class--hide=\"state.isContentHidden\" data-wp-class--show=\"state.isContentVisible\" data-wp-init=\"callbacks.setButtonStyles\" data-wp-on--click=\"actions.showLightbox\" data-wp-on--load=\"callbacks.setButtonStyles\" data-wp-on-window--resize=\"callbacks.setButtonStyles\" data-id=\"3841\" src=\"https:\/\/www.gym-karvina.cz\/wp-content\/uploads\/2024\/10\/kuc3-1024x768.jpg\" alt=\"\" class=\"wp-image-3841\" srcset=\"https:\/\/www.gym-karvina.cz\/wp-content\/uploads\/2024\/10\/kuc3-1024x768.jpg 1024w, https:\/\/www.gym-karvina.cz\/wp-content\/uploads\/2024\/10\/kuc3-300x225.jpg 300w, https:\/\/www.gym-karvina.cz\/wp-content\/uploads\/2024\/10\/kuc3-768x576.jpg 768w, https:\/\/www.gym-karvina.cz\/wp-content\/uploads\/2024\/10\/kuc3-1536x1152.jpg 1536w, https:\/\/www.gym-karvina.cz\/wp-content\/uploads\/2024\/10\/kuc3-24x18.jpg 24w, https:\/\/www.gym-karvina.cz\/wp-content\/uploads\/2024\/10\/kuc3-36x27.jpg 36w, https:\/\/www.gym-karvina.cz\/wp-content\/uploads\/2024\/10\/kuc3-48x36.jpg 48w, https:\/\/www.gym-karvina.cz\/wp-content\/uploads\/2024\/10\/kuc3.jpg 2048w\" sizes=\"auto, (max-width: 1024px) 100vw, 1024px\" \/><button\n\t\t\tclass=\"lightbox-trigger\"\n\t\t\ttype=\"button\"\n\t\t\taria-haspopup=\"dialog\"\n\t\t\taria-label=\"Zv\u011bt\u0161it\"\n\t\t\tdata-wp-init=\"callbacks.initTriggerButton\"\n\t\t\tdata-wp-on--click=\"actions.showLightbox\"\n\t\t\tdata-wp-style--right=\"state.imageButtonRight\"\n\t\t\tdata-wp-style--top=\"state.imageButtonTop\"\n\t\t>\n\t\t\t<svg xmlns=\"http:\/\/www.w3.org\/2000\/svg\" width=\"12\" height=\"12\" fill=\"none\" viewBox=\"0 0 12 12\">\n\t\t\t\t<path fill=\"#fff\" d=\"M2 0a2 2 0 0 0-2 2v2h1.5V2a.5.5 0 0 1 .5-.5h2V0H2Zm2 10.5H2a.5.5 0 0 1-.5-.5V8H0v2a2 2 0 0 0 2 2h2v-1.5ZM8 12v-1.5h2a.5.5 0 0 0 .5-.5V8H12v2a2 2 0 0 1-2 2H8Zm2-12a2 2 0 0 1 2 2v2h-1.5V2a.5.5 0 0 0-.5-.5H8V0h2Z\" \/>\n\t\t\t<\/svg>\n\t\t<\/button><\/figure>\n<\/figure>\n\n\n\n<p class=\"has-text-align-right\"><em>Mgr. Milo\u0161 Ku\u010dera<\/em><\/p>\n","protected":false},"excerpt":{"rendered":"<p>8. 7. 2024 \u2013 12. 7. 2024 St\u00ednov\u00e1n\u00ed zam\u011b\u0159en\u00e9 na management \u0161koly, Maximilian-von-Montgelas-Gymnasium, Vilsbiburg V r\u00e1mci sv\u00e9ho profesn\u00edho rozvoje jsem v obdob\u00ed 8. &#8211; 12. 7. 2024 absolvoval mobilitu zam\u011b\u0159enou na st\u00ednov\u00e1n\u00ed. Str\u00e1vil jsem t\u00fdden&#46;&#46;&#46;<\/p>\n","protected":false},"author":9,"featured_media":3627,"comment_status":"closed","ping_status":"closed","sticky":false,"template":"","format":"standard","meta":{"footnotes":""},"categories":[41],"tags":[],"class_list":["post-3847","post","type-post","status-publish","format-standard","has-post-thumbnail","hentry","category-akreditace-a2"],"_links":{"self":[{"href":"https:\/\/www.gym-karvina.cz\/index.php?rest_route=\/wp\/v2\/posts\/3847","targetHints":{"allow":["GET"]}}],"collection":[{"href":"https:\/\/www.gym-karvina.cz\/index.php?rest_route=\/wp\/v2\/posts"}],"about":[{"href":"https:\/\/www.gym-karvina.cz\/index.php?rest_route=\/wp\/v2\/types\/post"}],"author":[{"embeddable":true,"href":"https:\/\/www.gym-karvina.cz\/index.php?rest_route=\/wp\/v2\/users\/9"}],"replies":[{"embeddable":true,"href":"https:\/\/www.gym-karvina.cz\/index.php?rest_route=%2Fwp%2Fv2%2Fcomments&post=3847"}],"version-history":[{"count":2,"href":"https:\/\/www.gym-karvina.cz\/index.php?rest_route=\/wp\/v2\/posts\/3847\/revisions"}],"predecessor-version":[{"id":3854,"href":"https:\/\/www.gym-karvina.cz\/index.php?rest_route=\/wp\/v2\/posts\/3847\/revisions\/3854"}],"wp:featuredmedia":[{"embeddable":true,"href":"https:\/\/www.gym-karvina.cz\/index.php?rest_route=\/wp\/v2\/media\/3627"}],"wp:attachment":[{"href":"https:\/\/www.gym-karvina.cz\/index.php?rest_route=%2Fwp%2Fv2%2Fmedia&parent=3847"}],"wp:term":[{"taxonomy":"category","embeddable":true,"href":"https:\/\/www.gym-karvina.cz\/index.php?rest_route=%2Fwp%2Fv2%2Fcategories&post=3847"},{"taxonomy":"post_tag","embeddable":true,"href":"https:\/\/www.gym-karvina.cz\/index.php?rest_route=%2Fwp%2Fv2%2Ftags&post=3847"}],"curies":[{"name":"wp","href":"https:\/\/api.w.org\/{rel}","templated":true}]}}