{"id":3851,"date":"2024-07-31T08:58:00","date_gmt":"2024-07-31T06:58:00","guid":{"rendered":"https:\/\/www.gym-karvina.cz\/?p=3851"},"modified":"2024-10-19T09:02:49","modified_gmt":"2024-10-19T07:02:49","slug":"zuzana-kardosova-kurz-na-malte","status":"publish","type":"post","link":"https:\/\/www.gym-karvina.cz\/?p=3851","title":{"rendered":"Zuzana Kardo\u0161ov\u00e1 \u2013 kurz na Malt\u011b"},"content":{"rendered":"\n<h6 class=\"wp-block-heading\">15. 7. 2024 \u2013 26. 7. 2024<\/h6>\n\n\n\n<h6 class=\"wp-block-heading\">Jazykov\u00fd kurz \u2013 General English, EC Malta, St. Julian\u2019s<\/h6>\n\n\n\n<p>V&nbsp;dob\u011b letn\u00edch pr\u00e1zdnin jsem m\u011bla mo\u017enost&nbsp; p\u0159ihl\u00e1sit se na&nbsp; dvout\u00fddenn\u00ed kurz angli\u010dtiny na \u0161kole EC Malta ve m\u011bst\u011b San Giljan v&nbsp;r\u00e1mci projektu Erasmus+. &nbsp;Kurz 30+ General English obsahoval 30 lekc\u00ed t\u00fddn\u011b. V\u00fduka prob\u00edhala v&nbsp;dopoledn\u00edm a odpoledn\u00edm vyu\u010dov\u00e1n\u00ed ve skupin\u011b \u010d\u00edtaj\u00edc\u00ed maxim\u00e1ln\u011b 12 student\u016f. M\u00e1lopo\u010detn\u00e9 t\u0159\u00eddy maj\u00ed velkou v\u00fdhodu v&nbsp;intenzivn\u00edm zapojov\u00e1n\u00ed ka\u017ed\u00e9ho studenta b\u011bhem v\u00fduky.<\/p>\n\n\n\n<p>Skupiny se d\u011bl\u00ed dle znalost\u00ed \u017e\u00e1k\u016f, jejich \u00farovn\u011b v&nbsp;jazyce a jsou mnohon\u00e1rodnostn\u011b nam\u00edch\u00e1ny. Z\u00edskala jsem t\u00edmto nov\u00e1 p\u0159\u00e1telstv\u00ed mil\u00fdch spolu\u017e\u00e1k\u016f z&nbsp;Braz\u00edlie, It\u00e1lie, Polska \u010di Ruska a mo\u017enost konverzovat s&nbsp;nimi pouze anglicky, co\u017e byl n\u00e1\u0161 spojovac\u00ed prvek. Z\u00e1rove\u0148 se posilovala na\u0161e sebejistota hovo\u0159it na jak\u00e9koliv t\u00e9ma, a\u010d zpo\u010d\u00e1tku ost\u00fdchavou angli\u010dtinou, kter\u00e1 ale z\u00edsk\u00e1vala postupem dn\u00ed na jistot\u011b.<\/p>\n\n\n\n<p>Se spolu\u017e\u00e1ky jsme po vyu\u010dov\u00e1n\u00ed a b\u011bhem v\u00edkendov\u00fdch dn\u00ed sd\u00edleli i spole\u010dn\u00e9 aktivity, po\u0159\u00e1dan\u00e9 \u0161kolou nebo spont\u00e1nn\u011b organizovan\u00e9 n\u00e1mi. Pozn\u00e1vali jsme kulturn\u00ed, historick\u00e9 a p\u0159\u00edrodn\u00ed kr\u00e1sy Malty a ostrova Gozo.<\/p>\n\n\n\n<p>Zahrani\u010dn\u00ed cesta mi umo\u017enila pozn\u00e1n\u00ed r\u016fzn\u00fdch u\u010debn\u00edch styl\u016f a metod, kdy tyto nov\u00e9 dovednosti mohu uplatnit ve v\u00fduce sv\u00fdch p\u0159edm\u011bt\u016f. \u00da\u010dast na jazykov\u00e9m kurzu byla velmi motivuj\u00edc\u00ed a umo\u017enila mi na\u010derpat energii a n\u00e1pady pro svou profesn\u00ed \u010dinnost. Komunikaci v angli\u010dtin\u011b budu moci z\u00faro\u010dit p\u0159i n\u00e1v\u0161t\u011bv\u011b student\u016f ze zahrani\u010d\u00ed v na\u0161\u00ed \u0161kole v r\u00e1mci v\u00fdm\u011bnn\u00fdch pobyt\u016f.<\/p>\n\n\n\n<figure class=\"wp-block-gallery has-nested-images columns-default is-cropped wp-block-gallery-1 is-layout-flex wp-block-gallery-is-layout-flex\">\n<figure data-wp-context=\"{&quot;imageId&quot;:&quot;69ec5bf00b852&quot;}\" data-wp-interactive=\"core\/image\" data-wp-key=\"69ec5bf00b852\" class=\"wp-block-image size-large wp-lightbox-container\"><img loading=\"lazy\" decoding=\"async\" width=\"674\" height=\"842\" data-wp-class--hide=\"state.isContentHidden\" data-wp-class--show=\"state.isContentVisible\" data-wp-init=\"callbacks.setButtonStyles\" data-wp-on--click=\"actions.showLightbox\" data-wp-on--load=\"callbacks.setButtonStyles\" data-wp-on-window--resize=\"callbacks.setButtonStyles\" data-id=\"3837\" src=\"https:\/\/www.gym-karvina.cz\/wp-content\/uploads\/2024\/10\/kard1.jpg\" alt=\"\" class=\"wp-image-3837\" srcset=\"https:\/\/www.gym-karvina.cz\/wp-content\/uploads\/2024\/10\/kard1.jpg 674w, https:\/\/www.gym-karvina.cz\/wp-content\/uploads\/2024\/10\/kard1-240x300.jpg 240w, https:\/\/www.gym-karvina.cz\/wp-content\/uploads\/2024\/10\/kard1-19x24.jpg 19w, https:\/\/www.gym-karvina.cz\/wp-content\/uploads\/2024\/10\/kard1-29x36.jpg 29w, https:\/\/www.gym-karvina.cz\/wp-content\/uploads\/2024\/10\/kard1-38x48.jpg 38w\" sizes=\"auto, (max-width: 674px) 100vw, 674px\" \/><button\n\t\t\tclass=\"lightbox-trigger\"\n\t\t\ttype=\"button\"\n\t\t\taria-haspopup=\"dialog\"\n\t\t\taria-label=\"Zv\u011bt\u0161it\"\n\t\t\tdata-wp-init=\"callbacks.initTriggerButton\"\n\t\t\tdata-wp-on--click=\"actions.showLightbox\"\n\t\t\tdata-wp-style--right=\"state.imageButtonRight\"\n\t\t\tdata-wp-style--top=\"state.imageButtonTop\"\n\t\t>\n\t\t\t<svg xmlns=\"http:\/\/www.w3.org\/2000\/svg\" width=\"12\" height=\"12\" fill=\"none\" viewBox=\"0 0 12 12\">\n\t\t\t\t<path fill=\"#fff\" d=\"M2 0a2 2 0 0 0-2 2v2h1.5V2a.5.5 0 0 1 .5-.5h2V0H2Zm2 10.5H2a.5.5 0 0 1-.5-.5V8H0v2a2 2 0 0 0 2 2h2v-1.5ZM8 12v-1.5h2a.5.5 0 0 0 .5-.5V8H12v2a2 2 0 0 1-2 2H8Zm2-12a2 2 0 0 1 2 2v2h-1.5V2a.5.5 0 0 0-.5-.5H8V0h2Z\" \/>\n\t\t\t<\/svg>\n\t\t<\/button><\/figure>\n\n\n\n<figure data-wp-context=\"{&quot;imageId&quot;:&quot;69ec5bf00bf0d&quot;}\" data-wp-interactive=\"core\/image\" data-wp-key=\"69ec5bf00bf0d\" class=\"wp-block-image size-large wp-lightbox-container\"><img loading=\"lazy\" decoding=\"async\" width=\"1024\" height=\"407\" data-wp-class--hide=\"state.isContentHidden\" data-wp-class--show=\"state.isContentVisible\" data-wp-init=\"callbacks.setButtonStyles\" data-wp-on--click=\"actions.showLightbox\" data-wp-on--load=\"callbacks.setButtonStyles\" data-wp-on-window--resize=\"callbacks.setButtonStyles\" data-id=\"3838\" src=\"https:\/\/www.gym-karvina.cz\/wp-content\/uploads\/2024\/10\/kard2-1024x407.jpg\" alt=\"\" class=\"wp-image-3838\" srcset=\"https:\/\/www.gym-karvina.cz\/wp-content\/uploads\/2024\/10\/kard2-1024x407.jpg 1024w, https:\/\/www.gym-karvina.cz\/wp-content\/uploads\/2024\/10\/kard2-300x119.jpg 300w, https:\/\/www.gym-karvina.cz\/wp-content\/uploads\/2024\/10\/kard2-768x305.jpg 768w, https:\/\/www.gym-karvina.cz\/wp-content\/uploads\/2024\/10\/kard2-24x10.jpg 24w, https:\/\/www.gym-karvina.cz\/wp-content\/uploads\/2024\/10\/kard2-36x14.jpg 36w, https:\/\/www.gym-karvina.cz\/wp-content\/uploads\/2024\/10\/kard2-48x19.jpg 48w, https:\/\/www.gym-karvina.cz\/wp-content\/uploads\/2024\/10\/kard2.jpg 1387w\" sizes=\"auto, (max-width: 1024px) 100vw, 1024px\" \/><button\n\t\t\tclass=\"lightbox-trigger\"\n\t\t\ttype=\"button\"\n\t\t\taria-haspopup=\"dialog\"\n\t\t\taria-label=\"Zv\u011bt\u0161it\"\n\t\t\tdata-wp-init=\"callbacks.initTriggerButton\"\n\t\t\tdata-wp-on--click=\"actions.showLightbox\"\n\t\t\tdata-wp-style--right=\"state.imageButtonRight\"\n\t\t\tdata-wp-style--top=\"state.imageButtonTop\"\n\t\t>\n\t\t\t<svg xmlns=\"http:\/\/www.w3.org\/2000\/svg\" width=\"12\" height=\"12\" fill=\"none\" viewBox=\"0 0 12 12\">\n\t\t\t\t<path fill=\"#fff\" d=\"M2 0a2 2 0 0 0-2 2v2h1.5V2a.5.5 0 0 1 .5-.5h2V0H2Zm2 10.5H2a.5.5 0 0 1-.5-.5V8H0v2a2 2 0 0 0 2 2h2v-1.5ZM8 12v-1.5h2a.5.5 0 0 0 .5-.5V8H12v2a2 2 0 0 1-2 2H8Zm2-12a2 2 0 0 1 2 2v2h-1.5V2a.5.5 0 0 0-.5-.5H8V0h2Z\" \/>\n\t\t\t<\/svg>\n\t\t<\/button><\/figure>\n<\/figure>\n\n\n\n<p class=\"has-text-align-right\"><em>Mgr. Zuzana Kardo\u0161ov\u00e1<\/em><\/p>\n","protected":false},"excerpt":{"rendered":"<p>15. 7. 2024 \u2013 26. 7. 2024 Jazykov\u00fd kurz \u2013 General English, EC Malta, St. Julian\u2019s V&nbsp;dob\u011b letn\u00edch pr\u00e1zdnin jsem m\u011bla mo\u017enost&nbsp; p\u0159ihl\u00e1sit se na&nbsp; dvout\u00fddenn\u00ed kurz angli\u010dtiny na \u0161kole EC Malta ve m\u011bst\u011b San&#46;&#46;&#46;<\/p>\n","protected":false},"author":9,"featured_media":3627,"comment_status":"closed","ping_status":"closed","sticky":false,"template":"","format":"standard","meta":{"footnotes":""},"categories":[41],"tags":[],"class_list":["post-3851","post","type-post","status-publish","format-standard","has-post-thumbnail","hentry","category-akreditace-a2"],"_links":{"self":[{"href":"https:\/\/www.gym-karvina.cz\/index.php?rest_route=\/wp\/v2\/posts\/3851","targetHints":{"allow":["GET"]}}],"collection":[{"href":"https:\/\/www.gym-karvina.cz\/index.php?rest_route=\/wp\/v2\/posts"}],"about":[{"href":"https:\/\/www.gym-karvina.cz\/index.php?rest_route=\/wp\/v2\/types\/post"}],"author":[{"embeddable":true,"href":"https:\/\/www.gym-karvina.cz\/index.php?rest_route=\/wp\/v2\/users\/9"}],"replies":[{"embeddable":true,"href":"https:\/\/www.gym-karvina.cz\/index.php?rest_route=%2Fwp%2Fv2%2Fcomments&post=3851"}],"version-history":[{"count":1,"href":"https:\/\/www.gym-karvina.cz\/index.php?rest_route=\/wp\/v2\/posts\/3851\/revisions"}],"predecessor-version":[{"id":3852,"href":"https:\/\/www.gym-karvina.cz\/index.php?rest_route=\/wp\/v2\/posts\/3851\/revisions\/3852"}],"wp:featuredmedia":[{"embeddable":true,"href":"https:\/\/www.gym-karvina.cz\/index.php?rest_route=\/wp\/v2\/media\/3627"}],"wp:attachment":[{"href":"https:\/\/www.gym-karvina.cz\/index.php?rest_route=%2Fwp%2Fv2%2Fmedia&parent=3851"}],"wp:term":[{"taxonomy":"category","embeddable":true,"href":"https:\/\/www.gym-karvina.cz\/index.php?rest_route=%2Fwp%2Fv2%2Fcategories&post=3851"},{"taxonomy":"post_tag","embeddable":true,"href":"https:\/\/www.gym-karvina.cz\/index.php?rest_route=%2Fwp%2Fv2%2Ftags&post=3851"}],"curies":[{"name":"wp","href":"https:\/\/api.w.org\/{rel}","templated":true}]}}