{"id":3859,"date":"2024-02-29T10:57:00","date_gmt":"2024-02-29T09:57:00","guid":{"rendered":"https:\/\/www.gym-karvina.cz\/?p=3859"},"modified":"2024-10-20T11:16:35","modified_gmt":"2024-10-20T09:16:35","slug":"ohlednuti-za-ukoncenym-projektem-enwotal","status":"publish","type":"post","link":"https:\/\/www.gym-karvina.cz\/?p=3859","title":{"rendered":"Ohl\u00e9dnut\u00ed za ukon\u010den\u00fdm projektem ENWOTAL"},"content":{"rendered":"\n<h6 class=\"wp-block-heading\">leden 2022 &#8211; leden 2024<\/h6>\n\n\n\n<p>Gymn\u00e1zium Karvin\u00e1 je <strong>od roku 2016<\/strong> zapojeno do programu<strong> Erasmus+<\/strong>. Poda\u0159ilo se n\u00e1m realizovat n\u011bkolik projekt\u016f a r\u00e1di bychom se o na\u0161e \u00fasp\u011bchy s v\u00e1mi pod\u011blili.<\/p>\n\n\n\n<p>Nejprve se \u00fa\u010dast na\u0161\u00ed \u0161koly v programu Erasmus+ t\u00fdkala mezin\u00e1rodn\u00ed spolupr\u00e1ce \u017e\u00e1k\u016f. V r\u00e1mci zd\u00e1rn\u011b ukon\u010den\u00fdch projekt\u016f YOGIES a NO STEREOTYPES! m\u011blo p\u0159ibli\u017en\u011b 30 \u017e\u00e1k\u016f na\u0161\u00ed \u0161koly mo\u017enost sezn\u00e1mit se s p\u0159\u00e1teli z jin\u00fdch \u010dlensk\u00fdch \u010di p\u0159idru\u017een\u00fdch zem\u00ed EU a nakonec i vycestovat.<\/p>\n\n\n\n<p>Vedle projekt\u016f zam\u011b\u0159en\u00fdch na \u017e\u00e1ky m\u00e1me projekty ur\u010den\u00e9 tak\u00e9 pro zam\u011bstnance \u0161koly. Ty se zam\u011b\u0159uj\u00ed na jazykov\u00e9 \u010di metodick\u00e9 kurzy a st\u00ednov\u00e1n\u00ed (u\u010ditel sleduje pr\u00e1ci sv\u00e9ho kolegy ve \u0161kole v zahrani\u010d\u00ed). V\u0161echny na\u0161e kroky jsou v souladu se Strategi\u00ed vzd\u011bl\u00e1vac\u00ed politiky \u010cR do roku 2030+ a Evropsk\u00fdm pl\u00e1nem rozvoje \u0161koly. Prvn\u00ed projekt ur\u010den\u00fd pro zam\u011bstnance nesl n\u00e1zev WASL &#8211; We are still learning &#8211; St\u00e1le se u\u010d\u00edme. P\u0159esto\u017ee prob\u00edhal v dob\u011b pandemie, poda\u0159ilo se ho zd\u00e1rn\u011b ukon\u010dit. Dosud nejv\u011bt\u0161\u00edm projektem, co se objemu uskute\u010dn\u011bn\u00fdch mobilit t\u00fd\u010de, je v\u0161ak ENWOTAL &#8211; Exploring New Ways of Teaching and Learning &#8211; Objevujeme nov\u00e9 zp\u016fsoby u\u010den\u00ed (se). Uzav\u0159eli jsme ho v lednu leto\u0161n\u00edho roku. Finan\u010dn\u00ed grant EU podpo\u0159il celkem 30 mobilit. Za 18 m\u011bs\u00edc\u016f m\u011blo mo\u017enost sebevzd\u011bl\u00e1v\u00e1n\u00ed 18 na\u0161ich zam\u011bstnanc\u016f. V\u0161ichni \u00fa\u010dastn\u00edci svou zku\u0161enost hodnot\u00ed pozitivn\u011b a jsou otev\u0159eni dal\u0161\u00edm aktivit\u00e1m.<\/p>\n\n\n\n<p>V r\u00e1mci projektu ENWOTAL se n\u00e1m poda\u0159ilo prom\u011bnit klima \u0161koly, inovovali jsme \u0161koln\u00ed vzd\u011bl\u00e1vac\u00ed program, kter\u00fd reflektuje zm\u011bny ve spole\u010dnosti a umo\u017e\u0148uje upravit metody v\u00fduky v souladu s v\u00fdzvami spole\u010dnosti ve 21. stolet\u00ed. Zavedli jsme inovativn\u00ed p\u0159edm\u011bty integruj\u00edc\u00ed r\u016fzn\u00e9 p\u0159edm\u011bty (MAPA a Textov\u00fd editor), vytvo\u0159ili nab\u00eddku p\u0159\u00edrodov\u011bdn\u00fdch semin\u00e1\u0159\u016f, kter\u00e9 reflektuj\u00ed pot\u0159eby mlad\u00fdch lid\u00ed. D\u00e1le jsme upravili rozvrh \u0161koly tak, \u017ee umo\u017e\u0148uje v\u011bt\u0161\u00ed diferenciaci &#8211; pr\u00e1ci s men\u0161\u00edmi skupinami \u017e\u00e1k\u016f. Nav\u00e1zali jsme spolupr\u00e1ci s univerzitami Liberec a Ostrava. Vyu\u017e\u00edv\u00e1me nov\u00e9 metody a digit\u00e1ln\u00ed technologie. Nav\u00e1zali jsme spolupr\u00e1ci&nbsp; mj. se slovenskou \u0161kolou v Bratislav\u011b ale i dal\u0161\u00edmi subjekty ve vzd\u011bl\u00e1v\u00e1n\u00ed. Na \u0161kole vznikla skupina u\u010ditel\u016f, kter\u00e1 iniciovala vznik tzv. otev\u0159en\u00fdch hodin &#8211; mo\u017enost n\u00e1slech\u016f.&nbsp;<\/p>\n\n\n\n<p class=\"has-text-align-center\"><a href=\"https:\/\/docs.google.com\/presentation\/d\/e\/2PACX-1vTtVlmkH8wJKYEk3PdLiwWfPahcZDdQbBPZZ1qF-WgNEI3_0IeDYctrYiXycJ5Jihy3g62SrxnUOymr\/pub?start=true&amp;loop=false&amp;delayms=2000\" target=\"_blank\" rel=\"noreferrer noopener\">Zhl\u00e9dn\u011bte prezentaci projektu<\/a><\/p>\n\n\n\n<p>Av\u0161ak my nekon\u010d\u00edme. Koordina\u010dn\u00ed t\u00fdm nabyl cenn\u00e9 zku\u0161enosti spjat\u00e9 s agendou programu Erasmus+, co\u017e dokl\u00e1d\u00e1 tak\u00e9 fakt, \u017ee Gymn\u00e1zium Karvin\u00e1 obdr\u017eelo na za\u010d\u00e1tku roku 2023 akreditaci, kter\u00e1 je platn\u00e1 a\u017e do roku 2027. Ji\u017e v prvn\u00edm obdob\u00ed jsme umo\u017enili vycestovat na kr\u00e1tkodobou skupinovou mobilitu 45 \u017e\u00e1k\u016fm, a to do D\u00e1nska a Francie. V p\u0159\u00ed\u0161t\u00edm \u0161koln\u00edm roce pl\u00e1nujeme v\u00fdm\u011bnn\u00fd pobyt se \u0161kolou v Rakousku a Rumunsku.<\/p>\n\n\n<div class=\"wp-block-image\">\n<figure class=\"aligncenter size-large\"><img loading=\"lazy\" decoding=\"async\" width=\"1024\" height=\"574\" src=\"https:\/\/www.gym-karvina.cz\/wp-content\/uploads\/2024\/10\/enwotal_big-1024x574.png\" alt=\"\" class=\"wp-image-3863\" srcset=\"https:\/\/www.gym-karvina.cz\/wp-content\/uploads\/2024\/10\/enwotal_big-1024x574.png 1024w, https:\/\/www.gym-karvina.cz\/wp-content\/uploads\/2024\/10\/enwotal_big-300x168.png 300w, https:\/\/www.gym-karvina.cz\/wp-content\/uploads\/2024\/10\/enwotal_big-768x431.png 768w, https:\/\/www.gym-karvina.cz\/wp-content\/uploads\/2024\/10\/enwotal_big-24x13.png 24w, https:\/\/www.gym-karvina.cz\/wp-content\/uploads\/2024\/10\/enwotal_big-36x20.png 36w, https:\/\/www.gym-karvina.cz\/wp-content\/uploads\/2024\/10\/enwotal_big-48x27.png 48w, https:\/\/www.gym-karvina.cz\/wp-content\/uploads\/2024\/10\/enwotal_big.png 1385w\" sizes=\"auto, (max-width: 1024px) 100vw, 1024px\" \/><\/figure>\n<\/div>\n\n\n<p class=\"has-text-align-right\"><em>Mgr. Iva Vrbov\u00e1<\/em><\/p>\n","protected":false},"excerpt":{"rendered":"<p>leden 2022 &#8211; leden 2024 Gymn\u00e1zium Karvin\u00e1 je od roku 2016 zapojeno do programu Erasmus+. Poda\u0159ilo se n\u00e1m realizovat n\u011bkolik projekt\u016f a r\u00e1di bychom se o na\u0161e \u00fasp\u011bchy s v\u00e1mi pod\u011blili. Nejprve se \u00fa\u010dast na\u0161\u00ed&#46;&#46;&#46;<\/p>\n","protected":false},"author":9,"featured_media":3627,"comment_status":"closed","ping_status":"closed","sticky":false,"template":"","format":"standard","meta":{"footnotes":""},"categories":[40],"tags":[],"class_list":["post-3859","post","type-post","status-publish","format-standard","has-post-thumbnail","hentry","category-akreditace"],"_links":{"self":[{"href":"https:\/\/www.gym-karvina.cz\/index.php?rest_route=\/wp\/v2\/posts\/3859","targetHints":{"allow":["GET"]}}],"collection":[{"href":"https:\/\/www.gym-karvina.cz\/index.php?rest_route=\/wp\/v2\/posts"}],"about":[{"href":"https:\/\/www.gym-karvina.cz\/index.php?rest_route=\/wp\/v2\/types\/post"}],"author":[{"embeddable":true,"href":"https:\/\/www.gym-karvina.cz\/index.php?rest_route=\/wp\/v2\/users\/9"}],"replies":[{"embeddable":true,"href":"https:\/\/www.gym-karvina.cz\/index.php?rest_route=%2Fwp%2Fv2%2Fcomments&post=3859"}],"version-history":[{"count":1,"href":"https:\/\/www.gym-karvina.cz\/index.php?rest_route=\/wp\/v2\/posts\/3859\/revisions"}],"predecessor-version":[{"id":3864,"href":"https:\/\/www.gym-karvina.cz\/index.php?rest_route=\/wp\/v2\/posts\/3859\/revisions\/3864"}],"wp:featuredmedia":[{"embeddable":true,"href":"https:\/\/www.gym-karvina.cz\/index.php?rest_route=\/wp\/v2\/media\/3627"}],"wp:attachment":[{"href":"https:\/\/www.gym-karvina.cz\/index.php?rest_route=%2Fwp%2Fv2%2Fmedia&parent=3859"}],"wp:term":[{"taxonomy":"category","embeddable":true,"href":"https:\/\/www.gym-karvina.cz\/index.php?rest_route=%2Fwp%2Fv2%2Fcategories&post=3859"},{"taxonomy":"post_tag","embeddable":true,"href":"https:\/\/www.gym-karvina.cz\/index.php?rest_route=%2Fwp%2Fv2%2Ftags&post=3859"}],"curies":[{"name":"wp","href":"https:\/\/api.w.org\/{rel}","templated":true}]}}