{"id":3865,"date":"2024-10-21T14:22:21","date_gmt":"2024-10-21T12:22:21","guid":{"rendered":"https:\/\/www.gym-karvina.cz\/?p=3865"},"modified":"2024-10-30T06:21:25","modified_gmt":"2024-10-30T05:21:25","slug":"pripojili-jsme-se-k-erasmusdays","status":"publish","type":"post","link":"https:\/\/www.gym-karvina.cz\/?p=3865","title":{"rendered":"P\u0159ipojili jsme se k #ErasmusDays"},"content":{"rendered":"\n<figure class=\"wp-block-image size-medium\"><img loading=\"lazy\" decoding=\"async\" width=\"300\" height=\"300\" src=\"https:\/\/www.gym-karvina.cz\/wp-content\/uploads\/2024\/10\/FB_IMG_1730186350943-300x300.jpg\" alt=\"\" class=\"wp-image-3915\" srcset=\"https:\/\/www.gym-karvina.cz\/wp-content\/uploads\/2024\/10\/FB_IMG_1730186350943-300x300.jpg 300w, https:\/\/www.gym-karvina.cz\/wp-content\/uploads\/2024\/10\/FB_IMG_1730186350943-1024x1024.jpg 1024w, https:\/\/www.gym-karvina.cz\/wp-content\/uploads\/2024\/10\/FB_IMG_1730186350943-150x150.jpg 150w, https:\/\/www.gym-karvina.cz\/wp-content\/uploads\/2024\/10\/FB_IMG_1730186350943-768x768.jpg 768w, https:\/\/www.gym-karvina.cz\/wp-content\/uploads\/2024\/10\/FB_IMG_1730186350943-80x80.jpg 80w, https:\/\/www.gym-karvina.cz\/wp-content\/uploads\/2024\/10\/FB_IMG_1730186350943-320x320.jpg 320w, https:\/\/www.gym-karvina.cz\/wp-content\/uploads\/2024\/10\/FB_IMG_1730186350943-24x24.jpg 24w, https:\/\/www.gym-karvina.cz\/wp-content\/uploads\/2024\/10\/FB_IMG_1730186350943-36x36.jpg 36w, https:\/\/www.gym-karvina.cz\/wp-content\/uploads\/2024\/10\/FB_IMG_1730186350943-48x48.jpg 48w, https:\/\/www.gym-karvina.cz\/wp-content\/uploads\/2024\/10\/FB_IMG_1730186350943.jpg 1080w\" sizes=\"auto, (max-width: 300px) 100vw, 300px\" \/><\/figure>\n\n\n\n<h6 class=\"wp-block-heading\">16. 10. 2024<\/h6>\n\n\n\n<p>St\u00e1t se sou\u010d\u00e1st\u00ed n\u011b\u010deho velk\u00e9ho a i malou aktivitou p\u0159isp\u011bt k \u00fasp\u011bchu celku p\u0159edstavuje v\u00fdzvu. My jsme se j\u00ed nezalekli a p\u0159ijali ji. P\u0159ipojili jsme se k t\u00fddnu <a href=\"https:\/\/www.erasmusdays.eu\/\">#ErasmusDays<\/a>, co\u017e je \u0161estidenn\u00ed oslava programu Erasmus+. B\u011bhem akc\u00ed, kter\u00e9 se konaj\u00ed po cel\u00e9m sv\u011bt\u011b, lid\u00e9 oslavuj\u00ed p\u0159\u00edle\u017eitosti, kter\u00e9 jim program nab\u00edz\u00ed.&nbsp;<\/p>\n\n\n\n<p>Jeliko\u017e jsme akreditovanou \u0161kolou Erasmus+, nev\u00e1hali jsme. Spojili jsme s\u00edly s t\u00fdmem <a href=\"https:\/\/youth.europarl.europa.eu\/cs\/more-information\/ambassador-school.html\">Vyslanc\u016f Evropsk\u00e9ho parlamentu<\/a> a vznikl n\u00e1pad vytvo\u0159it n\u00e1st\u011bnku k v\u00fdm\u011bnn\u00fdm pobyt\u016fm realizovan\u00fdm na na\u0161\u00ed \u0161kole. A \u017ee jich nen\u00ed m\u00e1lo. V r\u00e1mci akredita\u010dn\u00edho obdob\u00ed (je p\u011btilet\u00e9, nyn\u00ed jsme v druh\u00e9m roce) prob\u011bhly ji\u017e ve t\u0159ech zahrani\u010dn\u00edch destinac\u00edch, a to v D\u00e1nsku, ve Francii (dokonce dvakr\u00e1t) a v Rakousku.&nbsp;<\/p>\n\n\n\n<p>Ve st\u0159edu 16. \u0159\u00edjna Vyslanci Evropsk\u00e9ho parlamentu uspo\u0159\u00e1dali slavnostn\u00ed odhalen\u00ed infopointu. Na \u0161koln\u00ed infoTV byla prom\u00edt\u00e1na prezentace. Akce se zda\u0159ila, v\u0161ichni \u017e\u00e1ci \u0161koly tak maj\u00ed p\u0159ehled o v\u0161ech uskute\u010dn\u011bn\u00fdch mobilit\u00e1ch, kr\u00e1tce jsme sd\u00edleli i zku\u0161enosti a p\u0159\u00edle\u017eitosti, kter\u00e9 \u00fa\u010dast na v\u00fdjezdu p\u0159in\u00e1\u0161\u00ed.&nbsp;<\/p>\n\n\n<div class=\"wp-block-image\">\n<figure class=\"aligncenter size-full\"><img loading=\"lazy\" decoding=\"async\" width=\"751\" height=\"290\" src=\"https:\/\/www.gym-karvina.cz\/wp-content\/uploads\/2024\/10\/EN_erasmusdays_logo_color.png\" alt=\"\" class=\"wp-image-3919\"\/><\/figure>\n<\/div>\n\n\n<p>D\u011bkujeme t\u00edmto v\u0161em z\u00fa\u010dastn\u011bn\u00fdm, jak host\u016fm, tak zejm\u00e9na organiz\u00e1tor\u016fm \u2013 Vyslanc\u016fm Evropsk\u00e9ho parlamentu. Tato nov\u011b utvo\u0159en\u00e1 skupina z \u0159ad \u017e\u00e1k\u016f a \u017e\u00e1ky\u0148 \u0161koly bude po cel\u00fd \u0161koln\u00ed rok pracovat na t\u00e9matech spjat\u00fdch s EU, resp. Evropsk\u00fdm parlamentem. V\u00edce informac\u00ed <a href=\"https:\/\/youth.europarl.europa.eu\/cs\/more-information\/ambassador-school.html\">zde<\/a>.&nbsp;<\/p>\n\n\n\n<h6 class=\"wp-block-heading has-text-align-center\"><strong><a href=\"https:\/\/photos.google.com\/share\/AF1QipO2lJUarw8XuYbjTHHrwI1lpkrfIGG5cEvKHy7gyF0lNnVozTIy5DNx3RyrjPFyDg?key=R1daXzVhUmpmTVJ4WTUzWWU4cmRYeXFXbVNMazNn\" data-type=\"link\" data-id=\"https:\/\/photos.google.com\/share\/AF1QipO2lJUarw8XuYbjTHHrwI1lpkrfIGG5cEvKHy7gyF0lNnVozTIy5DNx3RyrjPFyDg?key=R1daXzVhUmpmTVJ4WTUzWWU4cmRYeXFXbVNMazNn\" target=\"_blank\" rel=\"noreferrer noopener\">FOTOgalerie<\/a><\/strong><\/h6>\n\n\n\n<p class=\"has-text-align-right\"><em>Monika Brz\u00e1, Julie Jankov\u00e1<\/em><\/p>\n","protected":false},"excerpt":{"rendered":"<p>16. 10. 2024 St\u00e1t se sou\u010d\u00e1st\u00ed n\u011b\u010deho velk\u00e9ho a i malou aktivitou p\u0159isp\u011bt k \u00fasp\u011bchu celku p\u0159edstavuje v\u00fdzvu. My jsme se j\u00ed nezalekli a p\u0159ijali ji. P\u0159ipojili jsme se k t\u00fddnu #ErasmusDays, co\u017e je \u0161estidenn\u00ed&#46;&#46;&#46;<\/p>\n","protected":false},"author":9,"featured_media":3918,"comment_status":"closed","ping_status":"closed","sticky":false,"template":"","format":"standard","meta":{"footnotes":""},"categories":[41,33],"tags":[],"class_list":["post-3865","post","type-post","status-publish","format-standard","has-post-thumbnail","hentry","category-akreditace-a2","category-homepage"],"_links":{"self":[{"href":"https:\/\/www.gym-karvina.cz\/index.php?rest_route=\/wp\/v2\/posts\/3865","targetHints":{"allow":["GET"]}}],"collection":[{"href":"https:\/\/www.gym-karvina.cz\/index.php?rest_route=\/wp\/v2\/posts"}],"about":[{"href":"https:\/\/www.gym-karvina.cz\/index.php?rest_route=\/wp\/v2\/types\/post"}],"author":[{"embeddable":true,"href":"https:\/\/www.gym-karvina.cz\/index.php?rest_route=\/wp\/v2\/users\/9"}],"replies":[{"embeddable":true,"href":"https:\/\/www.gym-karvina.cz\/index.php?rest_route=%2Fwp%2Fv2%2Fcomments&post=3865"}],"version-history":[{"count":9,"href":"https:\/\/www.gym-karvina.cz\/index.php?rest_route=\/wp\/v2\/posts\/3865\/revisions"}],"predecessor-version":[{"id":3921,"href":"https:\/\/www.gym-karvina.cz\/index.php?rest_route=\/wp\/v2\/posts\/3865\/revisions\/3921"}],"wp:featuredmedia":[{"embeddable":true,"href":"https:\/\/www.gym-karvina.cz\/index.php?rest_route=\/wp\/v2\/media\/3918"}],"wp:attachment":[{"href":"https:\/\/www.gym-karvina.cz\/index.php?rest_route=%2Fwp%2Fv2%2Fmedia&parent=3865"}],"wp:term":[{"taxonomy":"category","embeddable":true,"href":"https:\/\/www.gym-karvina.cz\/index.php?rest_route=%2Fwp%2Fv2%2Fcategories&post=3865"},{"taxonomy":"post_tag","embeddable":true,"href":"https:\/\/www.gym-karvina.cz\/index.php?rest_route=%2Fwp%2Fv2%2Ftags&post=3865"}],"curies":[{"name":"wp","href":"https:\/\/api.w.org\/{rel}","templated":true}]}}