{"id":3962,"date":"2024-11-06T22:16:59","date_gmt":"2024-11-06T21:16:59","guid":{"rendered":"https:\/\/www.gym-karvina.cz\/?p=3962"},"modified":"2024-11-06T22:17:00","modified_gmt":"2024-11-06T21:17:00","slug":"okresni-kolo-ve-volejbalu-strednich-skol","status":"publish","type":"post","link":"https:\/\/www.gym-karvina.cz\/?p=3962","title":{"rendered":"Okresn\u00ed kolo ve volejbalu st\u0159edn\u00edch \u0161kol"},"content":{"rendered":"\n<p>Dne 23. 10. 2024 se konalo okresn\u00ed kolo ve volejbalu st\u0159edn\u00edch \u0161kol.<\/p>\n\n\n\n<p>Na\u0161e d\u00edv\u010d\u00ed i chlapeck\u00e1 reprezentace byla \u00fasp\u011b\u0161n\u00e1. D\u00edv\u010d\u00ed dru\u017estvo obsadilo druh\u00e9 m\u00edsto a chlapci dokonce obh\u00e1jili lo\u0148sk\u00e9 v\u00edt\u011bzstv\u00ed a postoupili do krajsk\u00e9ho kola, kter\u00e9 prob\u011bhlo 31. 10. 2024 ve Fr\u00fddku-M\u00edstku, kde skon\u010dili na \u0161est\u00e9m m\u00edst\u011b.&nbsp;<\/p>\n\n\n\n<p>\u0160kolu reprezentovali: Eli\u0161ka Prosov\u00e1, Julie Schneider, Barbora N\u011bmcov\u00e1, Ad\u00e9la Matejkov\u00e1, Tereza Ko\u017eu\u0161n\u00edkov\u00e1, Beata B\u00f6hmov\u00e1, Kate\u0159ina Staniczkov\u00e1, Karolina Onderkov\u00e1, Benjamin Kucharczyk, David Van\u011bk, Daniel Folt\u00fdn, Mat\u011bj Kratochv\u00edl, Ond\u0159ej Siuda, Tom\u00e1\u0161 N\u011bm\u010d\u00edk, Adam Chleb\u00edk, Filip Mare\u010dek. D\u011bkujeme za vzornou reprezentaci na\u0161\u00ed \u0161koly.<\/p>\n\n\n\n<p class=\"has-text-align-right\"><em>Mgr. Ji\u0159\u00ed Klupa<\/em><\/p>\n\n\n\n<p class=\"has-text-align-center\"><a href=\"https:\/\/photos.app.goo.gl\/cB7qFrzGDinfcERu8\">Foto-album<\/a><\/p>\n\n\n\n<figure class=\"wp-block-image size-full is-resized is-style-rounded\"><img loading=\"lazy\" decoding=\"async\" width=\"850\" height=\"638\" src=\"https:\/\/www.gym-karvina.cz\/wp-content\/uploads\/2024\/11\/IMG_20241023_134522_HDR-DK.jpg\" alt=\"\" class=\"wp-image-3961\" style=\"width:833px;height:auto\" srcset=\"https:\/\/www.gym-karvina.cz\/wp-content\/uploads\/2024\/11\/IMG_20241023_134522_HDR-DK.jpg 850w, https:\/\/www.gym-karvina.cz\/wp-content\/uploads\/2024\/11\/IMG_20241023_134522_HDR-DK-300x225.jpg 300w, https:\/\/www.gym-karvina.cz\/wp-content\/uploads\/2024\/11\/IMG_20241023_134522_HDR-DK-768x576.jpg 768w, https:\/\/www.gym-karvina.cz\/wp-content\/uploads\/2024\/11\/IMG_20241023_134522_HDR-DK-24x18.jpg 24w, https:\/\/www.gym-karvina.cz\/wp-content\/uploads\/2024\/11\/IMG_20241023_134522_HDR-DK-36x27.jpg 36w, https:\/\/www.gym-karvina.cz\/wp-content\/uploads\/2024\/11\/IMG_20241023_134522_HDR-DK-48x36.jpg 48w\" sizes=\"auto, (max-width: 850px) 100vw, 850px\" \/><\/figure>\n","protected":false},"excerpt":{"rendered":"<p>Dne 23. 10. 2024 se konalo okresn\u00ed kolo ve volejbalu st\u0159edn\u00edch \u0161kol. Na\u0161e d\u00edv\u010d\u00ed i chlapeck\u00e1 reprezentace byla \u00fasp\u011b\u0161n\u00e1. D\u00edv\u010d\u00ed dru\u017estvo obsadilo druh\u00e9 m\u00edsto a chlapci dokonce obh\u00e1jili lo\u0148sk\u00e9 v\u00edt\u011bzstv\u00ed a postoupili do krajsk\u00e9ho kola,&#46;&#46;&#46;<\/p>\n","protected":false},"author":6,"featured_media":3961,"comment_status":"closed","ping_status":"closed","sticky":false,"template":"","format":"standard","meta":{"footnotes":""},"categories":[33],"tags":[],"class_list":["post-3962","post","type-post","status-publish","format-standard","has-post-thumbnail","hentry","category-homepage"],"_links":{"self":[{"href":"https:\/\/www.gym-karvina.cz\/index.php?rest_route=\/wp\/v2\/posts\/3962","targetHints":{"allow":["GET"]}}],"collection":[{"href":"https:\/\/www.gym-karvina.cz\/index.php?rest_route=\/wp\/v2\/posts"}],"about":[{"href":"https:\/\/www.gym-karvina.cz\/index.php?rest_route=\/wp\/v2\/types\/post"}],"author":[{"embeddable":true,"href":"https:\/\/www.gym-karvina.cz\/index.php?rest_route=\/wp\/v2\/users\/6"}],"replies":[{"embeddable":true,"href":"https:\/\/www.gym-karvina.cz\/index.php?rest_route=%2Fwp%2Fv2%2Fcomments&post=3962"}],"version-history":[{"count":1,"href":"https:\/\/www.gym-karvina.cz\/index.php?rest_route=\/wp\/v2\/posts\/3962\/revisions"}],"predecessor-version":[{"id":3963,"href":"https:\/\/www.gym-karvina.cz\/index.php?rest_route=\/wp\/v2\/posts\/3962\/revisions\/3963"}],"wp:featuredmedia":[{"embeddable":true,"href":"https:\/\/www.gym-karvina.cz\/index.php?rest_route=\/wp\/v2\/media\/3961"}],"wp:attachment":[{"href":"https:\/\/www.gym-karvina.cz\/index.php?rest_route=%2Fwp%2Fv2%2Fmedia&parent=3962"}],"wp:term":[{"taxonomy":"category","embeddable":true,"href":"https:\/\/www.gym-karvina.cz\/index.php?rest_route=%2Fwp%2Fv2%2Fcategories&post=3962"},{"taxonomy":"post_tag","embeddable":true,"href":"https:\/\/www.gym-karvina.cz\/index.php?rest_route=%2Fwp%2Fv2%2Ftags&post=3962"}],"curies":[{"name":"wp","href":"https:\/\/api.w.org\/{rel}","templated":true}]}}