{"id":4089,"date":"2024-11-26T15:33:57","date_gmt":"2024-11-26T14:33:57","guid":{"rendered":"https:\/\/www.gym-karvina.cz\/?p=4089"},"modified":"2024-11-26T18:02:52","modified_gmt":"2024-11-26T17:02:52","slug":"srdecne-vas-zveme-na-ples-gymnazia-karvina","status":"publish","type":"post","link":"https:\/\/www.gym-karvina.cz\/?p=4089","title":{"rendered":"Srde\u010dn\u011b V\u00e1s zveme na Ples Gymn\u00e1zia Karvin\u00e1!"},"content":{"rendered":"\n<p>Kdy: <strong>Sobota 22. 2. 2025<\/strong>, od <strong>19:00<\/strong><\/p>\n\n\n\n<p>Kde: <strong>Obecn\u00ed d\u016fm Dru\u017eba<\/strong><\/p>\n\n\n\n<p>K tanci i poslechu zahraje kapela\u00a0<strong>FoPa<\/strong>.<\/p>\n\n\n\n<p>Vstupenky\u00a0v prodeji od <strong>2. prosince<\/strong> na sekretari\u00e1tu \u0161koly.<\/p>\n\n\n\n<p>\u010cek\u00e1 v\u00e1s ve\u010der pln\u00fd tance, hudby a dobr\u00e9 n\u00e1lady.&nbsp;<br>P\u0159ij\u010fte si zatan\u010dit, pobavit se a podpo\u0159it tradici ples\u016f na\u0161eho gymn\u00e1zia. Moc se t\u011b\u0161\u00edme na Va\u0161i \u00fa\u010dast.<\/p>\n\n\n\n<p class=\"has-text-align-right\"><em>Spolek rodi\u010d\u016f a p\u0159\u00e1tel \u0161koly p\u0159i Gymn\u00e1ziu Karvin\u00e1<\/em><\/p>\n\n\n<div class=\"wp-block-image is-style-default\">\n<figure class=\"aligncenter size-full is-resized\"><img loading=\"lazy\" decoding=\"async\" width=\"850\" height=\"850\" src=\"https:\/\/www.gym-karvina.cz\/wp-content\/uploads\/2024\/11\/Ples_w850.png\" alt=\"\" class=\"wp-image-4091\" style=\"width:464px;height:auto\" srcset=\"https:\/\/www.gym-karvina.cz\/wp-content\/uploads\/2024\/11\/Ples_w850.png 850w, https:\/\/www.gym-karvina.cz\/wp-content\/uploads\/2024\/11\/Ples_w850-300x300.png 300w, https:\/\/www.gym-karvina.cz\/wp-content\/uploads\/2024\/11\/Ples_w850-150x150.png 150w, https:\/\/www.gym-karvina.cz\/wp-content\/uploads\/2024\/11\/Ples_w850-768x768.png 768w, https:\/\/www.gym-karvina.cz\/wp-content\/uploads\/2024\/11\/Ples_w850-80x80.png 80w, https:\/\/www.gym-karvina.cz\/wp-content\/uploads\/2024\/11\/Ples_w850-320x320.png 320w, https:\/\/www.gym-karvina.cz\/wp-content\/uploads\/2024\/11\/Ples_w850-24x24.png 24w, https:\/\/www.gym-karvina.cz\/wp-content\/uploads\/2024\/11\/Ples_w850-36x36.png 36w, https:\/\/www.gym-karvina.cz\/wp-content\/uploads\/2024\/11\/Ples_w850-48x48.png 48w\" sizes=\"auto, (max-width: 850px) 100vw, 850px\" \/><\/figure>\n<\/div>","protected":false},"excerpt":{"rendered":"<p>Kdy: Sobota 22. 2. 2025, od 19:00 Kde: Obecn\u00ed d\u016fm Dru\u017eba K tanci i poslechu zahraje kapela\u00a0FoPa. Vstupenky\u00a0v prodeji od 2. prosince na sekretari\u00e1tu \u0161koly. \u010cek\u00e1 v\u00e1s ve\u010der pln\u00fd tance, hudby a dobr\u00e9 n\u00e1lady.&nbsp;P\u0159ij\u010fte si&#46;&#46;&#46;<\/p>\n","protected":false},"author":8,"featured_media":4090,"comment_status":"closed","ping_status":"closed","sticky":false,"template":"","format":"standard","meta":{"footnotes":""},"categories":[33],"tags":[],"class_list":["post-4089","post","type-post","status-publish","format-standard","has-post-thumbnail","hentry","category-homepage"],"_links":{"self":[{"href":"https:\/\/www.gym-karvina.cz\/index.php?rest_route=\/wp\/v2\/posts\/4089","targetHints":{"allow":["GET"]}}],"collection":[{"href":"https:\/\/www.gym-karvina.cz\/index.php?rest_route=\/wp\/v2\/posts"}],"about":[{"href":"https:\/\/www.gym-karvina.cz\/index.php?rest_route=\/wp\/v2\/types\/post"}],"author":[{"embeddable":true,"href":"https:\/\/www.gym-karvina.cz\/index.php?rest_route=\/wp\/v2\/users\/8"}],"replies":[{"embeddable":true,"href":"https:\/\/www.gym-karvina.cz\/index.php?rest_route=%2Fwp%2Fv2%2Fcomments&post=4089"}],"version-history":[{"count":2,"href":"https:\/\/www.gym-karvina.cz\/index.php?rest_route=\/wp\/v2\/posts\/4089\/revisions"}],"predecessor-version":[{"id":4099,"href":"https:\/\/www.gym-karvina.cz\/index.php?rest_route=\/wp\/v2\/posts\/4089\/revisions\/4099"}],"wp:featuredmedia":[{"embeddable":true,"href":"https:\/\/www.gym-karvina.cz\/index.php?rest_route=\/wp\/v2\/media\/4090"}],"wp:attachment":[{"href":"https:\/\/www.gym-karvina.cz\/index.php?rest_route=%2Fwp%2Fv2%2Fmedia&parent=4089"}],"wp:term":[{"taxonomy":"category","embeddable":true,"href":"https:\/\/www.gym-karvina.cz\/index.php?rest_route=%2Fwp%2Fv2%2Fcategories&post=4089"},{"taxonomy":"post_tag","embeddable":true,"href":"https:\/\/www.gym-karvina.cz\/index.php?rest_route=%2Fwp%2Fv2%2Ftags&post=4089"}],"curies":[{"name":"wp","href":"https:\/\/api.w.org\/{rel}","templated":true}]}}