{"id":4102,"date":"2024-11-26T22:37:28","date_gmt":"2024-11-26T21:37:28","guid":{"rendered":"https:\/\/www.gym-karvina.cz\/?p=4102"},"modified":"2025-01-19T16:36:22","modified_gmt":"2025-01-19T15:36:22","slug":"vanocni-sbirka","status":"publish","type":"post","link":"https:\/\/www.gym-karvina.cz\/?p=4102","title":{"rendered":"V\u00e1no\u010dn\u00ed sb\u00edrka"},"content":{"rendered":"\n<p class=\"has-text-align-left\">Mil\u00ed \u017e\u00e1ci, rodi\u010de, kolegov\u00e9,<br>bl\u00ed\u017e\u00ed se V\u00e1noce, kter\u00e9 m\u00e1 asi ka\u017ed\u00fd spojen\u00e9 s rodinou, strome\u010dkem a d\u00e1rky. Bohu\u017eel ne v\u0161ichni maj\u00ed mo\u017enost takto kr\u00e1sn\u00e9 v\u00e1no\u010dn\u00ed chv\u00edle pro\u017e\u00edt. My v\u0161ak m\u016f\u017eeme pomoci uskute\u010dnit je!<br>V leto\u0161n\u00edm roce op\u011bt realizujeme tvorbu v\u00e1no\u010dn\u00edch bal\u00ed\u010dk\u016f pro seniory, kte\u0159\u00ed nap\u0159\u00edklad ji\u017e nikoho ze sv\u00fdch bl\u00edzk\u00fdch nemaj\u00ed, anebo jsou z jak\u00e9hokoliv d\u016fvodu od nich izolov\u00e1ni.<br>\u00a0 \u00a0 V dob\u011b od 27.11.-11.12. 2024\u00a0m\u016f\u017eete p\u0159isp\u011bt sv\u00fdmi dary k vytvo\u0159en\u00ed d\u00e1rkov\u00fdch bal\u00ed\u010dk\u016f.<br>Dary p\u0159ed\u00e1vejte Mgr. Sylv\u011b Divi\u0161ov\u00e9 v kancel\u00e1\u0159i v\u00fdchovn\u00e9ho poradce \u010d. 117.<br>Pro n\u00e1s v\u0161echny pak bude d\u00e1rkem kr\u00e1sn\u00fd pocit z\u00edskan\u00fd z dobr\u00e9ho skutku.<br><br>TIPY NA D\u00c1RKY viz dokument v p\u0159\u00edloze: ple\u0165ov\u00e9 kr\u00e9my, k\u00e1va, sprchov\u00e9 gely, rukavice, pono\u017eky, s\u00e1\u010dkov\u00e9 \u010daje, kapesn\u00ed\u010dky, t\u011blov\u00e9 olej\u00ed\u010dky, aroma olej\u00ed\u010dky, k\u0159\u00ed\u017eovky&#8230; a dal\u0161\u00ed vlastn\u00ed n\u00e1pady.<br>Bal\u00ed\u010dky vytvo\u0159\u00edme spole\u010dn\u011b s \u017e\u00e1ky.<br><br>V minul\u00fdch letech tyto d\u00e1rky sklidily velk\u00fd \u00fasp\u011bch. D\u011bkuji v\u0161em, kte\u0159\u00ed n\u00e1m jakkoliv s bal\u00ed\u010dky pomohou.<br><br>KR\u00c1SN\u00c9 V\u00c1NOCE V\u0160EM<\/p>\n\n\n\n<p class=\"has-text-align-right\"><br><em>Monika Brz\u00e1, Julie Jankov\u00e1, Michal \u0160ev\u010d\u00edk a vyslanci Evropsk\u00e9ho parlamentu<\/em><\/p>\n\n\n\n<figure class=\"wp-block-image size-large\"><img loading=\"lazy\" decoding=\"async\" width=\"724\" height=\"1024\" src=\"https:\/\/www.gym-karvina.cz\/wp-content\/uploads\/2024\/11\/Vanocni-sbirka-edit-724x1024.png\" alt=\"\" class=\"wp-image-4101\" srcset=\"https:\/\/www.gym-karvina.cz\/wp-content\/uploads\/2024\/11\/Vanocni-sbirka-edit-724x1024.png 724w, https:\/\/www.gym-karvina.cz\/wp-content\/uploads\/2024\/11\/Vanocni-sbirka-edit-212x300.png 212w, https:\/\/www.gym-karvina.cz\/wp-content\/uploads\/2024\/11\/Vanocni-sbirka-edit-768x1086.png 768w, https:\/\/www.gym-karvina.cz\/wp-content\/uploads\/2024\/11\/Vanocni-sbirka-edit-17x24.png 17w, https:\/\/www.gym-karvina.cz\/wp-content\/uploads\/2024\/11\/Vanocni-sbirka-edit-25x36.png 25w, https:\/\/www.gym-karvina.cz\/wp-content\/uploads\/2024\/11\/Vanocni-sbirka-edit-34x48.png 34w, https:\/\/www.gym-karvina.cz\/wp-content\/uploads\/2024\/11\/Vanocni-sbirka-edit.png 850w\" sizes=\"auto, (max-width: 724px) 100vw, 724px\" \/><\/figure>\n","protected":false},"excerpt":{"rendered":"<p>Mil\u00ed \u017e\u00e1ci, rodi\u010de, kolegov\u00e9,bl\u00ed\u017e\u00ed se V\u00e1noce, kter\u00e9 m\u00e1 asi ka\u017ed\u00fd spojen\u00e9 s rodinou, strome\u010dkem a d\u00e1rky. Bohu\u017eel ne v\u0161ichni maj\u00ed mo\u017enost takto kr\u00e1sn\u00e9 v\u00e1no\u010dn\u00ed chv\u00edle pro\u017e\u00edt. My v\u0161ak m\u016f\u017eeme pomoci uskute\u010dnit je!V leto\u0161n\u00edm roce op\u011bt&#46;&#46;&#46;<\/p>\n","protected":false},"author":6,"featured_media":2386,"comment_status":"closed","ping_status":"closed","sticky":false,"template":"","format":"standard","meta":{"footnotes":""},"categories":[33,42],"tags":[],"class_list":["post-4102","post","type-post","status-publish","format-standard","has-post-thumbnail","hentry","category-homepage","category-skoly-vyslanci-ep"],"_links":{"self":[{"href":"https:\/\/www.gym-karvina.cz\/index.php?rest_route=\/wp\/v2\/posts\/4102","targetHints":{"allow":["GET"]}}],"collection":[{"href":"https:\/\/www.gym-karvina.cz\/index.php?rest_route=\/wp\/v2\/posts"}],"about":[{"href":"https:\/\/www.gym-karvina.cz\/index.php?rest_route=\/wp\/v2\/types\/post"}],"author":[{"embeddable":true,"href":"https:\/\/www.gym-karvina.cz\/index.php?rest_route=\/wp\/v2\/users\/6"}],"replies":[{"embeddable":true,"href":"https:\/\/www.gym-karvina.cz\/index.php?rest_route=%2Fwp%2Fv2%2Fcomments&post=4102"}],"version-history":[{"count":1,"href":"https:\/\/www.gym-karvina.cz\/index.php?rest_route=\/wp\/v2\/posts\/4102\/revisions"}],"predecessor-version":[{"id":4103,"href":"https:\/\/www.gym-karvina.cz\/index.php?rest_route=\/wp\/v2\/posts\/4102\/revisions\/4103"}],"wp:featuredmedia":[{"embeddable":true,"href":"https:\/\/www.gym-karvina.cz\/index.php?rest_route=\/wp\/v2\/media\/2386"}],"wp:attachment":[{"href":"https:\/\/www.gym-karvina.cz\/index.php?rest_route=%2Fwp%2Fv2%2Fmedia&parent=4102"}],"wp:term":[{"taxonomy":"category","embeddable":true,"href":"https:\/\/www.gym-karvina.cz\/index.php?rest_route=%2Fwp%2Fv2%2Fcategories&post=4102"},{"taxonomy":"post_tag","embeddable":true,"href":"https:\/\/www.gym-karvina.cz\/index.php?rest_route=%2Fwp%2Fv2%2Ftags&post=4102"}],"curies":[{"name":"wp","href":"https:\/\/api.w.org\/{rel}","templated":true}]}}