{"id":4232,"date":"2024-12-07T19:54:50","date_gmt":"2024-12-07T18:54:50","guid":{"rendered":"https:\/\/www.gym-karvina.cz\/?p=4232"},"modified":"2025-01-18T19:39:36","modified_gmt":"2025-01-18T18:39:36","slug":"pripojili-jsme-se-k-ucteni-dne-valecnych-veteranu","status":"publish","type":"post","link":"https:\/\/www.gym-karvina.cz\/?p=4232","title":{"rendered":"P\u0159ipojili jsme se k uct\u011bn\u00ed Dne v\u00e1le\u010dn\u00fdch veter\u00e1n\u016f"},"content":{"rendered":"\n<blockquote class=\"wp-block-quote is-layout-flow wp-block-quote-is-layout-flow\">\n<p class=\"has-text-align-center\"><em>Vy bu\u010fte ti, kdo v boj se daj\u00ed,<\/em><br><em>kdy\u017e z rukou na\u0161ich upadaj\u00ed<\/em><br><em>pochodn\u011b; zas zdvihn\u011bte je v\u00fd\u0161<\/em><br><em>zrad\u00edte-li, pak neuhl\u00edd\u00e1 k\u0159\u00ed\u017e<\/em><br><em>n\u00e1\u0161 klid,<\/em><br><em>a\u010d m\u00e1ky rozkv\u00e9taj\u00ed<\/em><br><em>na pol\u00edch flandersk\u00fdch.<\/em><\/p>\n<\/blockquote>\n\n\n\n<p>Tento \u00faryvek z b\u00e1sn\u011b Johna McCrae, Na flandersk\u00fdch pol\u00edch, je jedn\u00edm ze symbol\u016f Dne v\u00e1le\u010dn\u00fdch veter\u00e1n\u016f, kter\u00fd se slav\u00ed 11. 11. po cel\u00e9m sv\u011bt\u011b a je p\u0159ipom\u00ednkou ukon\u010den\u00ed prvn\u00ed sv\u011btov\u00e9 v\u00e1lky, ale tak\u00e9 p\u0159ipom\u00ednkou v\u0161ech padl\u00fdch voj\u00e1k\u016f.<\/p>\n\n\n\n<p>\u017d\u00e1ci na\u0161\u00ed \u0161koly se pod z\u00e1\u0161titou organizace Pam\u011b\u0165 n\u00e1roda i letos zapojili do ka\u017edoro\u010dn\u00ed sb\u00edrky a p\u0159ipomn\u011bli si tak tento den. Sb\u00edrku mohli dobrovoln\u011b podpo\u0159it velc\u00ed i mal\u00ed, a to koup\u00ed p\u0159ip\u00edn\u00e1\u010dku vl\u010d\u00edho m\u00e1ku. Sb\u00edrka m\u011bla neo\u010dek\u00e1van\u011b velk\u00fd \u00fasp\u011bch nejen mezi u\u010diteli, ale i \u017e\u00e1ky na\u0161eho gymn\u00e1zia.<\/p>\n\n\n\n<p>Proto bychom cht\u011bli srde\u010dn\u011b pod\u011bkovat za podporu p\u0159i p\u0159ipom\u00ednce tohoto dne, kter\u00fd nesl motto <em>\u201eJak \u017eij\u00ed na\u0161i hrdinov\u00e9 je na n\u00e1s.\u201d\u00a0 <\/em><\/p>\n\n\n\n<p class=\"has-text-align-right\"><em>Gabriela Hoffmanov\u00e1 a Kate\u0159ina Opolkov\u00e1.<\/em><\/p>\n\n\n<div class=\"wp-block-image is-style-default\">\n<figure data-wp-context=\"{&quot;imageId&quot;:&quot;69f7490fe08fe&quot;}\" data-wp-interactive=\"core\/image\" data-wp-key=\"69f7490fe08fe\" class=\"aligncenter is-resized wp-lightbox-container\"><img decoding=\"async\" data-wp-class--hide=\"state.isContentHidden\" data-wp-class--show=\"state.isContentVisible\" data-wp-init=\"callbacks.setButtonStyles\" data-wp-on--click=\"actions.showLightbox\" data-wp-on--load=\"callbacks.setButtonStyles\" data-wp-on-window--resize=\"callbacks.setButtonStyles\" src=\"https:\/\/lh7-rt.googleusercontent.com\/docsz\/AD_4nXfv2aTbIvChC7GDwfiIfXujWZSkV-ETTIOhfhf-F7FaW2Fk86XhA7AdV0s-__ObjGtA5E1FCi9Vcv87db3900bqE_bgeQELr49OEOBx2dnIbuGXXwhMxvlcr-lgpwQRQ0B8WEY6?key=JqwrPrqEiAbptx3x3Gy5kHat\" alt=\"\" style=\"width:241px;height:auto\"\/><button\n\t\t\tclass=\"lightbox-trigger\"\n\t\t\ttype=\"button\"\n\t\t\taria-haspopup=\"dialog\"\n\t\t\taria-label=\"Zv\u011bt\u0161it\"\n\t\t\tdata-wp-init=\"callbacks.initTriggerButton\"\n\t\t\tdata-wp-on--click=\"actions.showLightbox\"\n\t\t\tdata-wp-style--right=\"state.imageButtonRight\"\n\t\t\tdata-wp-style--top=\"state.imageButtonTop\"\n\t\t>\n\t\t\t<svg xmlns=\"http:\/\/www.w3.org\/2000\/svg\" width=\"12\" height=\"12\" fill=\"none\" viewBox=\"0 0 12 12\">\n\t\t\t\t<path fill=\"#fff\" d=\"M2 0a2 2 0 0 0-2 2v2h1.5V2a.5.5 0 0 1 .5-.5h2V0H2Zm2 10.5H2a.5.5 0 0 1-.5-.5V8H0v2a2 2 0 0 0 2 2h2v-1.5ZM8 12v-1.5h2a.5.5 0 0 0 .5-.5V8H12v2a2 2 0 0 1-2 2H8Zm2-12a2 2 0 0 1 2 2v2h-1.5V2a.5.5 0 0 0-.5-.5H8V0h2Z\" \/>\n\t\t\t<\/svg>\n\t\t<\/button><\/figure>\n<\/div>","protected":false},"excerpt":{"rendered":"<p>Vy bu\u010fte ti, kdo v boj se daj\u00ed,kdy\u017e z rukou na\u0161ich upadaj\u00edpochodn\u011b; zas zdvihn\u011bte je v\u00fd\u0161zrad\u00edte-li, pak neuhl\u00edd\u00e1 k\u0159\u00ed\u017en\u00e1\u0161 klid,a\u010d m\u00e1ky rozkv\u00e9taj\u00edna pol\u00edch flandersk\u00fdch. Tento \u00faryvek z b\u00e1sn\u011b Johna McCrae, Na flandersk\u00fdch pol\u00edch, je jedn\u00edm&#46;&#46;&#46;<\/p>\n","protected":false},"author":7,"featured_media":4234,"comment_status":"closed","ping_status":"closed","sticky":false,"template":"","format":"standard","meta":{"footnotes":""},"categories":[33,42],"tags":[],"class_list":["post-4232","post","type-post","status-publish","format-standard","has-post-thumbnail","hentry","category-homepage","category-skoly-vyslanci-ep"],"_links":{"self":[{"href":"https:\/\/www.gym-karvina.cz\/index.php?rest_route=\/wp\/v2\/posts\/4232","targetHints":{"allow":["GET"]}}],"collection":[{"href":"https:\/\/www.gym-karvina.cz\/index.php?rest_route=\/wp\/v2\/posts"}],"about":[{"href":"https:\/\/www.gym-karvina.cz\/index.php?rest_route=\/wp\/v2\/types\/post"}],"author":[{"embeddable":true,"href":"https:\/\/www.gym-karvina.cz\/index.php?rest_route=\/wp\/v2\/users\/7"}],"replies":[{"embeddable":true,"href":"https:\/\/www.gym-karvina.cz\/index.php?rest_route=%2Fwp%2Fv2%2Fcomments&post=4232"}],"version-history":[{"count":2,"href":"https:\/\/www.gym-karvina.cz\/index.php?rest_route=\/wp\/v2\/posts\/4232\/revisions"}],"predecessor-version":[{"id":4236,"href":"https:\/\/www.gym-karvina.cz\/index.php?rest_route=\/wp\/v2\/posts\/4232\/revisions\/4236"}],"wp:featuredmedia":[{"embeddable":true,"href":"https:\/\/www.gym-karvina.cz\/index.php?rest_route=\/wp\/v2\/media\/4234"}],"wp:attachment":[{"href":"https:\/\/www.gym-karvina.cz\/index.php?rest_route=%2Fwp%2Fv2%2Fmedia&parent=4232"}],"wp:term":[{"taxonomy":"category","embeddable":true,"href":"https:\/\/www.gym-karvina.cz\/index.php?rest_route=%2Fwp%2Fv2%2Fcategories&post=4232"},{"taxonomy":"post_tag","embeddable":true,"href":"https:\/\/www.gym-karvina.cz\/index.php?rest_route=%2Fwp%2Fv2%2Ftags&post=4232"}],"curies":[{"name":"wp","href":"https:\/\/api.w.org\/{rel}","templated":true}]}}