{"id":4339,"date":"2024-12-20T12:31:39","date_gmt":"2024-12-20T11:31:39","guid":{"rendered":"https:\/\/www.gym-karvina.cz\/?p=4339"},"modified":"2025-03-31T07:14:50","modified_gmt":"2025-03-31T05:14:50","slug":"vyznamne-prosincove-dny-nam-pripomneli-vyslanci-evropskeho-parlamentu","status":"publish","type":"post","link":"https:\/\/www.gym-karvina.cz\/?p=4339","title":{"rendered":"V\u00fdznamn\u00e9 prosincov\u00e9 dny n\u00e1m p\u0159ipomn\u011bli vyslanci Evropsk\u00e9ho parlamentu"},"content":{"rendered":"\n<p class=\"has-text-align-left\">Na\u0161i \u017e\u00e1ci, vyslanci Evropsk\u00e9ho parlamentu, si v&nbsp;m\u011bs\u00edci prosinci p\u0159ipomn\u011bli dva v\u00fdznamn\u00e9 dny \u2013 Mezin\u00e1rodn\u00ed den dobrovolnictv\u00ed a Den lidsk\u00fdch pr\u00e1v.<\/p>\n\n\n\n<p><strong>Mezin\u00e1rodn\u00ed den dobrovoln\u00edk\u016f<\/strong> je sv\u00e1tek p\u0159ipom\u00ednan\u00fd v\u017edy 5. prosince. Slav\u00ed se od rok 1985, kdy jej vyhl\u00e1sila Organizace spojen\u00fdch n\u00e1rod\u016f. Sv\u00e1tek slou\u017e\u00ed k&nbsp;p\u0159ipomenut\u00ed d\u016fle\u017eitosti dobrovolnick\u00e9 pr\u00e1ce pro spole\u010dnost. Na\u0161i \u017e\u00e1ci uspo\u0159\u00e1dali sb\u00edrku v\u00e1no\u010dn\u00edch d\u00e1rk\u016f pro seniory v&nbsp;Nov\u00e9m domov\u011b v&nbsp;Karvin\u00e9. Povedlo se d\u00e1t dohromady velk\u00e9 mno\u017estv\u00ed d\u00e1rk\u016f, kter\u00e9 ve \u010dtvrtek 12. prosince z\u00e1stupci projektu za doprovodu pana \u0159editele senior\u016fm p\u0159edali. Sou\u010d\u00e1st\u00ed p\u0159ed\u00e1n\u00ed byla i n\u00e1v\u0161t\u011bva u b\u00fdval\u00e9 zam\u011bstnankyn\u011b \u0161koly na \u00faseku \u00faklidu, pan\u00ed Bo\u017eeny Peka\u0159ov\u00e9.<\/p>\n\n\n\n<p>Je mil\u00e9, \u017ee n\u00e1m t\u00e9ma st\u00e1\u0159\u00ed nen\u00ed lhostejn\u00e9, a v\u011b\u0159\u00edm, \u017ee d\u00e1rky na\u0161e seniory pot\u011b\u0161\u00ed.<\/p>\n\n\n\n<p><strong>Den lidsk\u00fdch pr\u00e1v<\/strong> se slav\u00ed ka\u017edoro\u010dn\u011b 10. prosince, u p\u0159\u00edle\u017eitosti v\u00fdro\u010d\u00ed p\u0159ijet\u00ed V\u0161eobecn\u00e9 deklarace lidsk\u00fdch pr\u00e1v Valn\u00fdm shrom\u00e1\u017ed\u011bn\u00edm OSN v roce 1948. Tento dokument, kter\u00fd vymezuje z\u00e1kladn\u00ed pr\u00e1va a svobody ka\u017ed\u00e9ho jednotlivce, byl vytvo\u0159en jako reakce na hr\u016fzy druh\u00e9 sv\u011btov\u00e9 v\u00e1lky a holocaustu. Tak\u00e9 slou\u017e\u00ed jako z\u00e1klad pro mezin\u00e1rodn\u00ed \u00famluvy a n\u00e1rodn\u00ed legislativy, v\u010detn\u011b \u010desk\u00e9 Listiny z\u00e1kladn\u00edch pr\u00e1v a svobod.<\/p>\n\n\n\n<p>Listina z\u00e1kladn\u00edch pr\u00e1v uzn\u00e1v\u00e1 a respektuje pr\u00e1va star\u0161\u00edch osob na to, aby vedly d\u016fstojn\u00fd a nez\u00e1visl\u00fd \u017eivot a pod\u00edlely se na spole\u010densk\u00e9m a kulturn\u00edm \u017eivot\u011b. K p\u0159ipomenut\u00ed v\u00fdznamn\u00e9ho dne jsme nav\u0161t\u00edvili nemocnici v Karvin\u00e9, kde na\u0161i vyslanci zp\u0159\u00edjemnili v\u00e1no\u010dn\u00ed \u010das pacient\u016fm. Tato akce p\u0159isp\u011bla k oslav\u011b lidsk\u00fdch pr\u00e1v a podpo\u0159e t\u011bch, kte\u0159\u00ed proch\u00e1zej\u00ed obt\u00ed\u017en\u00fdm obdob\u00edm.<\/p>\n\n\n\n<p>Ostatn\u00ed \u017e\u00e1ci ve \u0161kole dostali p\u0159\u00edle\u017eitost vyj\u00e1d\u0159it se k ot\u00e1zce, co pro ka\u017ed\u00e9ho z nich znamenaj\u00ed lidsk\u00e1 pr\u00e1va.<\/p>\n\n\n\n<p>Akce k r\u016fzn\u00fdm p\u0159\u00edle\u017eitostem, kter\u00e9 vyslanci p\u0159ipravuj\u00ed, budou v\u017edy prezentov\u00e1ny na n\u00e1st\u011bnce, kterou spole\u010dn\u00fdmi silami \u017e\u00e1ci vytvo\u0159ili a splnili tak jednu z podm\u00ednek projektu.<\/p>\n\n\n\n<p class=\"has-text-align-center\">P\u0159ejeme V\u00e1m v\u0161em klidn\u00e9 pro\u017eit\u00ed V\u00e1noc.<\/p>\n\n\n\n<p class=\"has-text-align-center\"><a href=\"https:\/\/photos.app.goo.gl\/CeDhJt1QMkzdtmMf8\">FOTOalbum<\/a><\/p>\n","protected":false},"excerpt":{"rendered":"<p>Na\u0161i \u017e\u00e1ci, vyslanci Evropsk\u00e9ho parlamentu, si v&nbsp;m\u011bs\u00edci prosinci p\u0159ipomn\u011bli dva v\u00fdznamn\u00e9 dny \u2013 Mezin\u00e1rodn\u00ed den dobrovolnictv\u00ed a Den lidsk\u00fdch pr\u00e1v. Mezin\u00e1rodn\u00ed den dobrovoln\u00edk\u016f je sv\u00e1tek p\u0159ipom\u00ednan\u00fd v\u017edy 5. prosince. Slav\u00ed se od rok 1985, kdy&#46;&#46;&#46;<\/p>\n","protected":false},"author":7,"featured_media":2375,"comment_status":"closed","ping_status":"closed","sticky":false,"template":"","format":"standard","meta":{"footnotes":""},"categories":[33,42],"tags":[],"class_list":["post-4339","post","type-post","status-publish","format-standard","has-post-thumbnail","hentry","category-homepage","category-skoly-vyslanci-ep"],"_links":{"self":[{"href":"https:\/\/www.gym-karvina.cz\/index.php?rest_route=\/wp\/v2\/posts\/4339","targetHints":{"allow":["GET"]}}],"collection":[{"href":"https:\/\/www.gym-karvina.cz\/index.php?rest_route=\/wp\/v2\/posts"}],"about":[{"href":"https:\/\/www.gym-karvina.cz\/index.php?rest_route=\/wp\/v2\/types\/post"}],"author":[{"embeddable":true,"href":"https:\/\/www.gym-karvina.cz\/index.php?rest_route=\/wp\/v2\/users\/7"}],"replies":[{"embeddable":true,"href":"https:\/\/www.gym-karvina.cz\/index.php?rest_route=%2Fwp%2Fv2%2Fcomments&post=4339"}],"version-history":[{"count":3,"href":"https:\/\/www.gym-karvina.cz\/index.php?rest_route=\/wp\/v2\/posts\/4339\/revisions"}],"predecessor-version":[{"id":4348,"href":"https:\/\/www.gym-karvina.cz\/index.php?rest_route=\/wp\/v2\/posts\/4339\/revisions\/4348"}],"wp:featuredmedia":[{"embeddable":true,"href":"https:\/\/www.gym-karvina.cz\/index.php?rest_route=\/wp\/v2\/media\/2375"}],"wp:attachment":[{"href":"https:\/\/www.gym-karvina.cz\/index.php?rest_route=%2Fwp%2Fv2%2Fmedia&parent=4339"}],"wp:term":[{"taxonomy":"category","embeddable":true,"href":"https:\/\/www.gym-karvina.cz\/index.php?rest_route=%2Fwp%2Fv2%2Fcategories&post=4339"},{"taxonomy":"post_tag","embeddable":true,"href":"https:\/\/www.gym-karvina.cz\/index.php?rest_route=%2Fwp%2Fv2%2Ftags&post=4339"}],"curies":[{"name":"wp","href":"https:\/\/api.w.org\/{rel}","templated":true}]}}