{"id":4515,"date":"2025-01-22T17:25:34","date_gmt":"2025-01-22T16:25:34","guid":{"rendered":"https:\/\/www.gym-karvina.cz\/?p=4515"},"modified":"2025-01-22T17:25:35","modified_gmt":"2025-01-22T16:25:35","slug":"den-otevrenych-dveri-2","status":"publish","type":"post","link":"https:\/\/www.gym-karvina.cz\/?p=4515","title":{"rendered":"Den otev\u0159en\u00fdch dve\u0159\u00ed"},"content":{"rendered":"\n<p>V sobotu 18. ledna se na na\u0161\u00ed \u0161kole&nbsp;konal ji\u017e druh\u00fd Den otev\u0159en\u00fdch dve\u0159\u00ed v tomto \u0161koln\u00edm roce.&nbsp;<\/p>\n\n\n\n<p>Akce prob\u00edhala v dopoledn\u00edch hodin\u00e1ch a nab\u00eddla n\u00e1v\u0161t\u011bvn\u00edk\u016fm mo\u017enost prohl\u00e9dnout si \u0161kolu a sezn\u00e1mit se s jej\u00edm z\u00e1zem\u00edm. \u0160kolu nav\u0161t\u00edvili nejen uchaze\u010di o studium se sv\u00fdmi rodi\u010di, ale tak\u00e9 na\u0161i absolventi. D\u011bkujeme v\u0161em za p\u0159\u00edjemn\u00e9 a inspirativn\u00ed dopoledne a t\u011b\u0161\u00edme se u dal\u0161\u00edch podobn\u00fdch akc\u00ed na shledanou. D\u011bkujeme panu Halu\u0161kovi za fotodokumentaci.<\/p>\n\n\n\n<p class=\"has-text-align-center\"><a href=\"https:\/\/photos.app.goo.gl\/ywYsmmECvMwWsCJf7\" target=\"_blank\" rel=\"noreferrer noopener\">FOTOalbum<\/a><\/p>\n","protected":false},"excerpt":{"rendered":"<p>V sobotu 18. ledna se na na\u0161\u00ed \u0161kole&nbsp;konal ji\u017e druh\u00fd Den otev\u0159en\u00fdch dve\u0159\u00ed v tomto \u0161koln\u00edm roce.&nbsp; Akce prob\u00edhala v dopoledn\u00edch hodin\u00e1ch a nab\u00eddla n\u00e1v\u0161t\u011bvn\u00edk\u016fm mo\u017enost prohl\u00e9dnout si \u0161kolu a sezn\u00e1mit se s jej\u00edm z\u00e1zem\u00edm.&#46;&#46;&#46;<\/p>\n","protected":false},"author":3,"featured_media":4516,"comment_status":"closed","ping_status":"closed","sticky":false,"template":"","format":"standard","meta":{"footnotes":""},"categories":[33],"tags":[],"class_list":["post-4515","post","type-post","status-publish","format-standard","has-post-thumbnail","hentry","category-homepage"],"_links":{"self":[{"href":"https:\/\/www.gym-karvina.cz\/index.php?rest_route=\/wp\/v2\/posts\/4515","targetHints":{"allow":["GET"]}}],"collection":[{"href":"https:\/\/www.gym-karvina.cz\/index.php?rest_route=\/wp\/v2\/posts"}],"about":[{"href":"https:\/\/www.gym-karvina.cz\/index.php?rest_route=\/wp\/v2\/types\/post"}],"author":[{"embeddable":true,"href":"https:\/\/www.gym-karvina.cz\/index.php?rest_route=\/wp\/v2\/users\/3"}],"replies":[{"embeddable":true,"href":"https:\/\/www.gym-karvina.cz\/index.php?rest_route=%2Fwp%2Fv2%2Fcomments&post=4515"}],"version-history":[{"count":1,"href":"https:\/\/www.gym-karvina.cz\/index.php?rest_route=\/wp\/v2\/posts\/4515\/revisions"}],"predecessor-version":[{"id":4517,"href":"https:\/\/www.gym-karvina.cz\/index.php?rest_route=\/wp\/v2\/posts\/4515\/revisions\/4517"}],"wp:featuredmedia":[{"embeddable":true,"href":"https:\/\/www.gym-karvina.cz\/index.php?rest_route=\/wp\/v2\/media\/4516"}],"wp:attachment":[{"href":"https:\/\/www.gym-karvina.cz\/index.php?rest_route=%2Fwp%2Fv2%2Fmedia&parent=4515"}],"wp:term":[{"taxonomy":"category","embeddable":true,"href":"https:\/\/www.gym-karvina.cz\/index.php?rest_route=%2Fwp%2Fv2%2Fcategories&post=4515"},{"taxonomy":"post_tag","embeddable":true,"href":"https:\/\/www.gym-karvina.cz\/index.php?rest_route=%2Fwp%2Fv2%2Ftags&post=4515"}],"curies":[{"name":"wp","href":"https:\/\/api.w.org\/{rel}","templated":true}]}}