{"id":4518,"date":"2025-01-27T19:55:45","date_gmt":"2025-01-27T18:55:45","guid":{"rendered":"https:\/\/www.gym-karvina.cz\/?p=4518"},"modified":"2025-01-27T19:55:46","modified_gmt":"2025-01-27T18:55:46","slug":"lyzarsky-kurz-zaku-sekundy","status":"publish","type":"post","link":"https:\/\/www.gym-karvina.cz\/?p=4518","title":{"rendered":"Ly\u017ea\u0159sk\u00fd kurz \u017e\u00e1k\u016f sekundy"},"content":{"rendered":"\n<p>\u017d\u00e1ci sekundy se v\u00a0term\u00ednu od 19. do 23. ledna vydali na sv\u016fj ly\u017ea\u0159sk\u00fd kurz do st\u0159ediska Velk\u00e1 Ra\u010da na Slovensku. Ubytov\u00e1n\u00ed p\u0159\u00edmo na svahu, dostatek sn\u011bhu na sjezdovk\u00e1ch i\u00a0slune\u010dn\u00e9 dny byly ide\u00e1ln\u00ed kombinac\u00ed pro v\u00fduku ly\u017eov\u00e1n\u00ed i snowboardingu.\u00a0\u017d\u00e1ci byli rozd\u011bleni do skupin podle sv\u00fdch schopnost\u00ed, od \u00fapln\u00fdch za\u010d\u00e1te\u010dn\u00edk\u016f po pokro\u010dil\u00e9. Ka\u017ed\u00e1 skupina pracovala na zlep\u0161ov\u00e1n\u00ed techniky na ly\u017e\u00edch i snowboardu. V\u0161ichni prok\u00e1zali velk\u00e9 zlep\u0161en\u00ed ve sv\u00fdch dovednostech a douf\u00e1me, \u017ee se na sjezdovky vydaj\u00ed i v\u00a0budoucnu. Ve\u010dery pat\u0159ily nejen p\u0159edn\u00e1\u0161k\u00e1m, nap\u0159\u00edklad o bezpe\u010dnosti chov\u00e1n\u00ed na sjezdovk\u00e1ch, ale i spole\u010densk\u00fdm hr\u00e1m a sout\u011b\u017e\u00edm. P\u011bt dn\u00ed na Velk\u00e9 Ra\u010di uteklo jako voda. \u017d\u00e1ci si krom\u011b ly\u017ea\u0159sk\u00fdch zku\u0161enost\u00ed odvezli i spoustu z\u00e1\u017eitk\u016f, na kter\u00e9 budou dlouho vzpom\u00ednat. V\u0161ichni z\u00fa\u010dastn\u011bn\u00ed si za cel\u00fd pobyt zaslou\u017e\u00ed velkou pochvalu.<\/p>\n\n\n\n<ul class=\"wp-block-list\">\n<li><a href=\"https:\/\/photos.app.goo.gl\/eUhPpFM7bJkRiqTE9\" target=\"_blank\" rel=\"noreferrer noopener\">FOTOalbum<\/a><\/li>\n\n\n\n<li><a href=\"https:\/\/www.youtube.com\/watch?v=jlqgyH6_7Hg\" target=\"_blank\" rel=\"noreferrer noopener\">VIDEOklip<\/a><\/li>\n<\/ul>\n\n\n\n<p><\/p>\n","protected":false},"excerpt":{"rendered":"<p>\u017d\u00e1ci sekundy se v\u00a0term\u00ednu od 19. do 23. ledna vydali na sv\u016fj ly\u017ea\u0159sk\u00fd kurz do st\u0159ediska Velk\u00e1 Ra\u010da na Slovensku. Ubytov\u00e1n\u00ed p\u0159\u00edmo na svahu, dostatek sn\u011bhu na sjezdovk\u00e1ch i\u00a0slune\u010dn\u00e9 dny byly ide\u00e1ln\u00ed kombinac\u00ed pro v\u00fduku&#46;&#46;&#46;<\/p>\n","protected":false},"author":3,"featured_media":4519,"comment_status":"closed","ping_status":"closed","sticky":false,"template":"","format":"standard","meta":{"footnotes":""},"categories":[33],"tags":[],"class_list":["post-4518","post","type-post","status-publish","format-standard","has-post-thumbnail","hentry","category-homepage"],"_links":{"self":[{"href":"https:\/\/www.gym-karvina.cz\/index.php?rest_route=\/wp\/v2\/posts\/4518","targetHints":{"allow":["GET"]}}],"collection":[{"href":"https:\/\/www.gym-karvina.cz\/index.php?rest_route=\/wp\/v2\/posts"}],"about":[{"href":"https:\/\/www.gym-karvina.cz\/index.php?rest_route=\/wp\/v2\/types\/post"}],"author":[{"embeddable":true,"href":"https:\/\/www.gym-karvina.cz\/index.php?rest_route=\/wp\/v2\/users\/3"}],"replies":[{"embeddable":true,"href":"https:\/\/www.gym-karvina.cz\/index.php?rest_route=%2Fwp%2Fv2%2Fcomments&post=4518"}],"version-history":[{"count":1,"href":"https:\/\/www.gym-karvina.cz\/index.php?rest_route=\/wp\/v2\/posts\/4518\/revisions"}],"predecessor-version":[{"id":4520,"href":"https:\/\/www.gym-karvina.cz\/index.php?rest_route=\/wp\/v2\/posts\/4518\/revisions\/4520"}],"wp:featuredmedia":[{"embeddable":true,"href":"https:\/\/www.gym-karvina.cz\/index.php?rest_route=\/wp\/v2\/media\/4519"}],"wp:attachment":[{"href":"https:\/\/www.gym-karvina.cz\/index.php?rest_route=%2Fwp%2Fv2%2Fmedia&parent=4518"}],"wp:term":[{"taxonomy":"category","embeddable":true,"href":"https:\/\/www.gym-karvina.cz\/index.php?rest_route=%2Fwp%2Fv2%2Fcategories&post=4518"},{"taxonomy":"post_tag","embeddable":true,"href":"https:\/\/www.gym-karvina.cz\/index.php?rest_route=%2Fwp%2Fv2%2Ftags&post=4518"}],"curies":[{"name":"wp","href":"https:\/\/api.w.org\/{rel}","templated":true}]}}