{"id":4522,"date":"2025-01-27T21:41:20","date_gmt":"2025-01-27T20:41:20","guid":{"rendered":"https:\/\/www.gym-karvina.cz\/?p=4522"},"modified":"2025-01-30T16:27:05","modified_gmt":"2025-01-30T15:27:05","slug":"mezinarodni-den-pamatky-obeti-holocaustu","status":"publish","type":"post","link":"https:\/\/www.gym-karvina.cz\/?p=4522","title":{"rendered":"Mezin\u00e1rodn\u00ed den pam\u00e1tky ob\u011bt\u00ed holocaustu"},"content":{"rendered":"\n<p>Ka\u017edoro\u010dn\u011b si v lednu sv\u011bt p\u0159ipom\u00edn\u00e1 Mezin\u00e1rodn\u00ed den pam\u00e1tky ob\u011bt\u00ed holocaustu, v \u010cesku pou\u017e\u00edv\u00e1me ozna\u010den\u00ed Den pam\u00e1tky ob\u011bt\u00ed holocaustu a p\u0159edch\u00e1zen\u00ed zlo\u010din\u016fm proti lidskosti. Gymn\u00e1zium Karvin\u00e1 si toto v\u00fdznamn\u00e9 datum tak\u00e9 p\u0159ipom\u00edn\u00e1. V minulosti jsme pok\u0159tili Den\u00edk Anny Frankov\u00e9, ten je nyn\u00ed sou\u010d\u00e1st\u00ed \u0161koln\u00ed knihovny, hostili <a href=\"https:\/\/old.gym-karvina.cz\/uvodni_stranka.html?ida=1696&amp;ido=4\">putovn\u00ed v\u00fdstavu<\/a> o Ann\u011b Frankov\u00e9 a dal\u0161\u00ed. Letos <a href=\"https:\/\/www.gym-karvina.cz\/?page_id=4076\">Vyslanci Evropsk\u00e9ho parlamentu<\/a> uspo\u0159\u00e1dali memori\u00e1l pro sv\u00e9 spolu\u017e\u00e1ky a spolu\u017ea\u010dky. Co p\u0159i setk\u00e1n\u00ed zazn\u011blo?&nbsp;<\/p>\n\n\n\n<p>Ka\u017ed\u00fd rok 27. ledna si p\u0159ipom\u00edn\u00e1me ob\u011bti jedn\u00e9 z nejv\u011bt\u0161\u00edch trag\u00e9di\u00ed v d\u011bjin\u00e1ch lidstva \u2013 holocaustu. Tento den je v\u011bnov\u00e1n nejen vzpom\u00ednce na miliony lid\u00ed, kte\u0159\u00ed p\u0159i\u0161li o \u017eivot, ale tak\u00e9 zamy\u0161len\u00ed nad t\u00edm, jak d\u016fle\u017eit\u00e9 je bojovat proti nen\u00e1visti, p\u0159edsudk\u016fm a lhostejnosti. Letos je to 80 let od okam\u017eiku, kdy byl osvobozen koncentra\u010dn\u00ed t\u00e1bor v Osv\u011btimi. Holocaust p\u0159edstavuje obdob\u00ed, kdy nacistick\u00e9 N\u011bmecko a jeho spojenci systematicky pron\u00e1sledovali a vyvra\u017e\u010fovali \u017didy, Romy, zdravotn\u011b posti\u017een\u00e9 a dal\u0161\u00ed skupiny obyvatel. \u0160est milion\u016f \u017did\u016f bylo zavra\u017ed\u011bno pouze kv\u016fli sv\u00e9mu p\u016fvodu.&nbsp;<\/p>\n\n\n\n<p>\u201c<em>Pod\u00edvej, jak se jedin\u00e1 sv\u00ed\u010dka dok\u00e1\u017ee vzep\u0159\u00edt temnot\u011b a vymezit jej\u00ed hranice<\/em>.\u201d Tento cit\u00e1t n\u00e1m p\u0159ipom\u00edn\u00e1, \u017ee i zd\u00e1nliv\u011b mal\u00e9 \u010diny odvahy mohou m\u00edt velk\u00fd v\u00fdznam. Sv\u011btlo sv\u00ed\u010dky symbolizuje nad\u011bji, odvahu a odhodl\u00e1n\u00ed bojovat proti bezpr\u00e1v\u00ed. 27. ledna roku 1945 byl osvobozen koncentra\u010dn\u00ed t\u00e1bor Auschwitz-Birkenau (Osv\u011btim-B\u0159ezinka), kter\u00fd se stal smutn\u00fdm symbolem holocaustu.<\/p>\n\n\n\n<p>Tento den je pro n\u00e1s varov\u00e1n\u00edm, kam m\u016f\u017ee v\u00e9st nen\u00e1vist a netolerance. Jak \u0159ekl jeden moudr\u00fd hlas: \u201c<em>Nikdo nesm\u00ed druh\u00e9mu zakazovat jeho n\u00e1zory, i kdy\u017e ten druh\u00fd je je\u0161t\u011b mlad\u00fd!<\/em>\u201d Ka\u017ed\u00fd z n\u00e1s m\u00e1 pr\u00e1vo na svobodu my\u0161len\u00ed a vyj\u00e1d\u0159en\u00ed. Pr\u00e1v\u011b ml\u00e1de\u017e m\u00e1 s\u00edlu m\u011bnit sv\u011bt a budovat budoucnost bez nen\u00e1visti. Pamatujme na to, \u017ee d\u011bjiny maj\u00ed smysl tehdy, pokud se z nich dok\u00e1\u017eeme pou\u010dit. Tento den nen\u00ed jen p\u0159ipom\u00ednkou minulosti, ale tak\u00e9 v\u00fdzvou, abychom byli lep\u0161\u00edmi lidmi a chr\u00e1nili hodnoty, jako je lidsk\u00e1 d\u016fstojnost, svoboda a rovnost.<\/p>\n\n\n\n<p>#JsmeGymnaziumKarvina #TemporaMutanturEtNosMutamurInIllis #VyslanciEP2025 #<a href=\"https:\/\/weremember.worldjewishcongress.org\/\" data-type=\"link\" data-id=\"https:\/\/weremember.worldjewishcongress.org\/\">WeRemember <\/a>#<a href=\"https:\/\/www.auschwitz.org\/en\/home-page-80\/\" data-type=\"link\" data-id=\"https:\/\/www.auschwitz.org\/en\/home-page-80\/\">Auschwitz80<\/a><\/p>\n\n\n\n<p class=\"has-text-align-right\"><em>Julie Jankov\u00e1, Monika Brz\u00e1<\/em><\/p>\n\n\n\n<p class=\"has-text-align-center\"><a href=\"https:\/\/photos.app.goo.gl\/fJXcKDkMkGb41oC27\" data-type=\"link\" data-id=\"https:\/\/photos.app.goo.gl\/fJXcKDkMkGb41oC27\">Fotogalerie<\/a><\/p>\n\n\n\n<p><\/p>\n","protected":false},"excerpt":{"rendered":"<p>Ka\u017edoro\u010dn\u011b si v lednu sv\u011bt p\u0159ipom\u00edn\u00e1 Mezin\u00e1rodn\u00ed den pam\u00e1tky ob\u011bt\u00ed holocaustu, v \u010cesku pou\u017e\u00edv\u00e1me ozna\u010den\u00ed Den pam\u00e1tky ob\u011bt\u00ed holocaustu a p\u0159edch\u00e1zen\u00ed zlo\u010din\u016fm proti lidskosti. Gymn\u00e1zium Karvin\u00e1 si toto v\u00fdznamn\u00e9 datum tak\u00e9 p\u0159ipom\u00edn\u00e1. V minulosti jsme&#46;&#46;&#46;<\/p>\n","protected":false},"author":6,"featured_media":4524,"comment_status":"closed","ping_status":"closed","sticky":false,"template":"","format":"standard","meta":{"footnotes":""},"categories":[33,42],"tags":[],"class_list":["post-4522","post","type-post","status-publish","format-standard","has-post-thumbnail","hentry","category-homepage","category-skoly-vyslanci-ep"],"_links":{"self":[{"href":"https:\/\/www.gym-karvina.cz\/index.php?rest_route=\/wp\/v2\/posts\/4522","targetHints":{"allow":["GET"]}}],"collection":[{"href":"https:\/\/www.gym-karvina.cz\/index.php?rest_route=\/wp\/v2\/posts"}],"about":[{"href":"https:\/\/www.gym-karvina.cz\/index.php?rest_route=\/wp\/v2\/types\/post"}],"author":[{"embeddable":true,"href":"https:\/\/www.gym-karvina.cz\/index.php?rest_route=\/wp\/v2\/users\/6"}],"replies":[{"embeddable":true,"href":"https:\/\/www.gym-karvina.cz\/index.php?rest_route=%2Fwp%2Fv2%2Fcomments&post=4522"}],"version-history":[{"count":2,"href":"https:\/\/www.gym-karvina.cz\/index.php?rest_route=\/wp\/v2\/posts\/4522\/revisions"}],"predecessor-version":[{"id":4534,"href":"https:\/\/www.gym-karvina.cz\/index.php?rest_route=\/wp\/v2\/posts\/4522\/revisions\/4534"}],"wp:featuredmedia":[{"embeddable":true,"href":"https:\/\/www.gym-karvina.cz\/index.php?rest_route=\/wp\/v2\/media\/4524"}],"wp:attachment":[{"href":"https:\/\/www.gym-karvina.cz\/index.php?rest_route=%2Fwp%2Fv2%2Fmedia&parent=4522"}],"wp:term":[{"taxonomy":"category","embeddable":true,"href":"https:\/\/www.gym-karvina.cz\/index.php?rest_route=%2Fwp%2Fv2%2Fcategories&post=4522"},{"taxonomy":"post_tag","embeddable":true,"href":"https:\/\/www.gym-karvina.cz\/index.php?rest_route=%2Fwp%2Fv2%2Ftags&post=4522"}],"curies":[{"name":"wp","href":"https:\/\/api.w.org\/{rel}","templated":true}]}}