{"id":4545,"date":"2025-01-30T18:24:36","date_gmt":"2025-01-30T17:24:36","guid":{"rendered":"https:\/\/www.gym-karvina.cz\/?p=4545"},"modified":"2025-01-30T19:14:53","modified_gmt":"2025-01-30T18:14:53","slug":"zaci-gymnazia-karvina-reportery","status":"publish","type":"post","link":"https:\/\/www.gym-karvina.cz\/?p=4545","title":{"rendered":"\u017d\u00e1ci Gymn\u00e1zia Karvin\u00e1 report\u00e9ry"},"content":{"rendered":"\n<p>Nov\u00fd rok p\u0159inesl nov\u00e9 p\u0159\u00edle\u017eitosti. V\u00a0souvislosti s aktualizovanou podobu Karvinsk\u00e9ho zpravodajenav\u00e1zalo m\u011bsto Karvin\u00e1 spolupr\u00e1ci s\u00a0\u017e\u00e1ky na\u0161\u00ed \u0161koly. Ti se za\u010dali aktivn\u011b pod\u00edlet na obsahu periodika, kter\u00e9 se ka\u017ed\u00fd m\u011bs\u00edc objevuje ve schr\u00e1nk\u00e1ch v\u011bt\u0161iny obyvatel na\u0161eho m\u011bsta. \u0160koln\u00ed redakce ve slo\u017een\u00ed Mat\u011bj Ju\u0159\u00edk, Ad\u00e9la Matejkov\u00e1, Julie Anna Mazurkov\u00e1, Daniela Patrmanov\u00e1 a Magdal\u00e9na Pukowiecov\u00e1 p\u0159ipravuje, realizuje a zpracov\u00e1v\u00e1 pro ka\u017ed\u00e9 vyd\u00e1n\u00ed zpravodaje rozhovor s\u00a0v\u00fdznamnou osobnost\u00ed na\u0161eho m\u011bsta. V\u00a0\u00fanorov\u00e9m \u010d\u00edsle to byl prim\u00e1tor Karvin\u00e9 Ing. Jan Wolf, aktu\u00e1ln\u011b se finalizuje podoba interview s\u00a0\u0159editelkou Region\u00e1ln\u00ed knihovny Karvin\u00e1 Mgr. Mark\u00e9tou Kukrechtovou. Tato i dal\u0161\u00ed aktivity \u017e\u00e1k\u016f jsou sou\u010d\u00e1st\u00ed inovativn\u00edho p\u0159edm\u011btu textov\u00fd editor, v\u00a0jeho\u017e r\u00e1mci se \u017e\u00e1ci dle zadan\u00fdch krit\u00e9ri\u00ed u\u010d\u00ed zpracov\u00e1vat r\u016fznorod\u00e9 \u010desky a anglicky psan\u00e9 texty. Tato praktick\u00e1 dovednost jim pak poslou\u017e\u00ed nejen v\u00a0p\u0159\u00edpadn\u00e9 publicistick\u00e9 praxi, ale zejm\u00e9na v\u00a0dal\u0161\u00edm studiu na vysok\u00fdch \u0161kol\u00e1ch.<\/p>\n\n\n\n<p class=\"has-text-align-right\"><em>Mgr. Jakub Sn\u00e1\u0161el<\/em><\/p>\n\n\n<div class=\"wp-block-image\">\n<figure class=\"aligncenter size-full\"><img loading=\"lazy\" decoding=\"async\" width=\"850\" height=\"567\" src=\"https:\/\/www.gym-karvina.cz\/wp-content\/uploads\/2025\/01\/Primator-s-zaky-Gymnazia-Karvina-pri-rozhovoru_w850.jpg\" alt=\"\" class=\"wp-image-4546\" srcset=\"https:\/\/www.gym-karvina.cz\/wp-content\/uploads\/2025\/01\/Primator-s-zaky-Gymnazia-Karvina-pri-rozhovoru_w850.jpg 850w, https:\/\/www.gym-karvina.cz\/wp-content\/uploads\/2025\/01\/Primator-s-zaky-Gymnazia-Karvina-pri-rozhovoru_w850-300x200.jpg 300w, https:\/\/www.gym-karvina.cz\/wp-content\/uploads\/2025\/01\/Primator-s-zaky-Gymnazia-Karvina-pri-rozhovoru_w850-768x512.jpg 768w, https:\/\/www.gym-karvina.cz\/wp-content\/uploads\/2025\/01\/Primator-s-zaky-Gymnazia-Karvina-pri-rozhovoru_w850-24x16.jpg 24w, https:\/\/www.gym-karvina.cz\/wp-content\/uploads\/2025\/01\/Primator-s-zaky-Gymnazia-Karvina-pri-rozhovoru_w850-36x24.jpg 36w, https:\/\/www.gym-karvina.cz\/wp-content\/uploads\/2025\/01\/Primator-s-zaky-Gymnazia-Karvina-pri-rozhovoru_w850-48x32.jpg 48w\" sizes=\"auto, (max-width: 850px) 100vw, 850px\" \/><\/figure>\n<\/div>\n\n\n<p class=\"has-text-align-center\">Zdroj obr\u00e1zku \u2013 Karvinsk\u00fd zpravodaj<\/p>\n\n\n\n<p><\/p>\n","protected":false},"excerpt":{"rendered":"<p>Nov\u00fd rok p\u0159inesl nov\u00e9 p\u0159\u00edle\u017eitosti. V\u00a0souvislosti s aktualizovanou podobu Karvinsk\u00e9ho zpravodajenav\u00e1zalo m\u011bsto Karvin\u00e1 spolupr\u00e1ci s\u00a0\u017e\u00e1ky na\u0161\u00ed \u0161koly. Ti se za\u010dali aktivn\u011b pod\u00edlet na obsahu periodika, kter\u00e9 se ka\u017ed\u00fd m\u011bs\u00edc objevuje ve schr\u00e1nk\u00e1ch v\u011bt\u0161iny obyvatel na\u0161eho&#46;&#46;&#46;<\/p>\n","protected":false},"author":8,"featured_media":4547,"comment_status":"closed","ping_status":"closed","sticky":false,"template":"","format":"standard","meta":{"footnotes":""},"categories":[33],"tags":[],"class_list":["post-4545","post","type-post","status-publish","format-standard","has-post-thumbnail","hentry","category-homepage"],"_links":{"self":[{"href":"https:\/\/www.gym-karvina.cz\/index.php?rest_route=\/wp\/v2\/posts\/4545","targetHints":{"allow":["GET"]}}],"collection":[{"href":"https:\/\/www.gym-karvina.cz\/index.php?rest_route=\/wp\/v2\/posts"}],"about":[{"href":"https:\/\/www.gym-karvina.cz\/index.php?rest_route=\/wp\/v2\/types\/post"}],"author":[{"embeddable":true,"href":"https:\/\/www.gym-karvina.cz\/index.php?rest_route=\/wp\/v2\/users\/8"}],"replies":[{"embeddable":true,"href":"https:\/\/www.gym-karvina.cz\/index.php?rest_route=%2Fwp%2Fv2%2Fcomments&post=4545"}],"version-history":[{"count":3,"href":"https:\/\/www.gym-karvina.cz\/index.php?rest_route=\/wp\/v2\/posts\/4545\/revisions"}],"predecessor-version":[{"id":4551,"href":"https:\/\/www.gym-karvina.cz\/index.php?rest_route=\/wp\/v2\/posts\/4545\/revisions\/4551"}],"wp:featuredmedia":[{"embeddable":true,"href":"https:\/\/www.gym-karvina.cz\/index.php?rest_route=\/wp\/v2\/media\/4547"}],"wp:attachment":[{"href":"https:\/\/www.gym-karvina.cz\/index.php?rest_route=%2Fwp%2Fv2%2Fmedia&parent=4545"}],"wp:term":[{"taxonomy":"category","embeddable":true,"href":"https:\/\/www.gym-karvina.cz\/index.php?rest_route=%2Fwp%2Fv2%2Fcategories&post=4545"},{"taxonomy":"post_tag","embeddable":true,"href":"https:\/\/www.gym-karvina.cz\/index.php?rest_route=%2Fwp%2Fv2%2Ftags&post=4545"}],"curies":[{"name":"wp","href":"https:\/\/api.w.org\/{rel}","templated":true}]}}