{"id":4553,"date":"2025-01-31T14:32:30","date_gmt":"2025-01-31T13:32:30","guid":{"rendered":"https:\/\/www.gym-karvina.cz\/?p=4553"},"modified":"2025-01-31T14:42:31","modified_gmt":"2025-01-31T13:42:31","slug":"podekovani-za-sbirku-ke-dni-valecnych-veteranu","status":"publish","type":"post","link":"https:\/\/www.gym-karvina.cz\/?p=4553","title":{"rendered":"Pod\u011bkov\u00e1n\u00ed za sb\u00edrku ke Dni v\u00e1le\u010dn\u00fdch veter\u00e1n\u016f"},"content":{"rendered":"\n<p>Dovolujeme si sd\u00edlet pod\u011bkov\u00e1n\u00ed za sb\u00edrku ke Dni v\u00e1le\u010dn\u00fdch veter\u00e1n\u016f:<\/p>\n\n\n\n<p><\/p>\n\n\n\n<p>Mil\u00ed p\u0159\u00e1tel\u00e9,&nbsp;<\/p>\n\n\n\n<p>d\u011bkujeme v\u00e1m za pomoc s listopadovou sb\u00edrkou ke Dni v\u00e1le\u010dn\u00fdch veter\u00e1n\u016f. M\u00e1me radost, \u017ee v\u00e1m m\u016f\u017eeme sd\u011blit v\u00fdsledek.<\/p>\n\n\n\n<p>Za va\u0161e m\u00edsto Gymn\u00e1zium Karvin\u00e1 se vybrala \u010d\u00e1stka 3 953 korun.<\/p>\n\n\n\n<p>Jsme velmi r\u00e1di, \u017ee tradice \u010derven\u00fdch vl\u010d\u00edch m\u00e1k\u016f ka\u017ed\u00fdm rokem pom\u00e1h\u00e1 v\u00edce p\u0159ipom\u00ednat v\u00e1le\u010dn\u00e9 veter\u00e1ny a v\u0161echny bojovn\u00edky za svobodu. Velmi si v\u00e1\u017e\u00edme, \u017ee se tis\u00edce lid\u00ed rozhodly sb\u00edrku podpo\u0159it. Celkov\u00e1 vybran\u00e1 \u010d\u00e1stka letos dokonce p\u0159ekonala lo\u0148sk\u00fd v\u00fdt\u011b\u017eek. Ten \u010din\u00ed \u00fa\u017easn\u00fdch 4 574 902 korun!<\/p>\n\n\n\n<p>Pen\u00edze ze sb\u00edrky pom\u00e1haj\u00ed v\u00e1le\u010dn\u00fdm veter\u00e1n\u016f, \u00fa\u010dastn\u00edk\u016fm 3. odboje a odp\u016frc\u016fm totalitn\u00edch re\u017eim\u016f 20. stolet\u00ed. Centrum pomoci Pam\u011bti n\u00e1roda nav\u0161t\u011bvuje a kontaktuje ro\u010dn\u011b v\u00edce jak t\u0159i tis\u00edce pam\u011btn\u00edk\u016f a poskytuje soci\u00e1ln\u00ed p\u00e9\u010di a poradenstv\u00ed. \u010c\u00e1st v\u00fdt\u011b\u017eku ze sb\u00edrky putuje dokumentarist\u016fm Pam\u011bti n\u00e1roda, kte\u0159\u00ed zaznamen\u00e1vaj\u00ed p\u0159\u00edb\u011bhy pam\u011btn\u00edk\u016f. V leto\u0161n\u00edm roce si p\u0159ipom\u00edn\u00e1me 80 let od konce druh\u00e9 sv\u011btov\u00e9 v\u00e1lky a na\u0161\u00edm c\u00edlem je zachytit co nejv\u00edce p\u0159\u00edb\u011bh\u016f. Dokud je komu naslouchat.<\/p>\n\n\n\n<p>D\u011bkujeme!<\/p>\n\n\n\n<p class=\"has-text-align-right\"><em>Julie Jankov\u00e1<\/em><\/p>\n\n\n\n<p><\/p>\n","protected":false},"excerpt":{"rendered":"<p>Dovolujeme si sd\u00edlet pod\u011bkov\u00e1n\u00ed za sb\u00edrku ke Dni v\u00e1le\u010dn\u00fdch veter\u00e1n\u016f: Mil\u00ed p\u0159\u00e1tel\u00e9,&nbsp; d\u011bkujeme v\u00e1m za pomoc s listopadovou sb\u00edrkou ke Dni v\u00e1le\u010dn\u00fdch veter\u00e1n\u016f. M\u00e1me radost, \u017ee v\u00e1m m\u016f\u017eeme sd\u011blit v\u00fdsledek. Za va\u0161e m\u00edsto Gymn\u00e1zium Karvin\u00e1&#46;&#46;&#46;<\/p>\n","protected":false},"author":8,"featured_media":2384,"comment_status":"closed","ping_status":"closed","sticky":false,"template":"","format":"standard","meta":{"footnotes":""},"categories":[33,42],"tags":[],"class_list":["post-4553","post","type-post","status-publish","format-standard","has-post-thumbnail","hentry","category-homepage","category-skoly-vyslanci-ep"],"_links":{"self":[{"href":"https:\/\/www.gym-karvina.cz\/index.php?rest_route=\/wp\/v2\/posts\/4553","targetHints":{"allow":["GET"]}}],"collection":[{"href":"https:\/\/www.gym-karvina.cz\/index.php?rest_route=\/wp\/v2\/posts"}],"about":[{"href":"https:\/\/www.gym-karvina.cz\/index.php?rest_route=\/wp\/v2\/types\/post"}],"author":[{"embeddable":true,"href":"https:\/\/www.gym-karvina.cz\/index.php?rest_route=\/wp\/v2\/users\/8"}],"replies":[{"embeddable":true,"href":"https:\/\/www.gym-karvina.cz\/index.php?rest_route=%2Fwp%2Fv2%2Fcomments&post=4553"}],"version-history":[{"count":3,"href":"https:\/\/www.gym-karvina.cz\/index.php?rest_route=\/wp\/v2\/posts\/4553\/revisions"}],"predecessor-version":[{"id":4556,"href":"https:\/\/www.gym-karvina.cz\/index.php?rest_route=\/wp\/v2\/posts\/4553\/revisions\/4556"}],"wp:featuredmedia":[{"embeddable":true,"href":"https:\/\/www.gym-karvina.cz\/index.php?rest_route=\/wp\/v2\/media\/2384"}],"wp:attachment":[{"href":"https:\/\/www.gym-karvina.cz\/index.php?rest_route=%2Fwp%2Fv2%2Fmedia&parent=4553"}],"wp:term":[{"taxonomy":"category","embeddable":true,"href":"https:\/\/www.gym-karvina.cz\/index.php?rest_route=%2Fwp%2Fv2%2Fcategories&post=4553"},{"taxonomy":"post_tag","embeddable":true,"href":"https:\/\/www.gym-karvina.cz\/index.php?rest_route=%2Fwp%2Fv2%2Ftags&post=4553"}],"curies":[{"name":"wp","href":"https:\/\/api.w.org\/{rel}","templated":true}]}}