{"id":4577,"date":"2025-02-04T21:41:35","date_gmt":"2025-02-04T20:41:35","guid":{"rendered":"https:\/\/www.gym-karvina.cz\/?p=4577"},"modified":"2025-02-04T21:41:36","modified_gmt":"2025-02-04T20:41:36","slug":"beseda-weremember","status":"publish","type":"post","link":"https:\/\/www.gym-karvina.cz\/?p=4577","title":{"rendered":"Beseda #WeRemember"},"content":{"rendered":"\n<p>U p\u0159\u00edle\u017eitosti Mezin\u00e1rodn\u00edho dne pam\u00e1tky ob\u011bt\u00ed holocaustu zav\u00edtala do na\u0161\u00ed \u0161koly pan\u00ed Jana Hl\u00e1vkov\u00e1, kter\u00e1 n\u00e1m p\u0159ipomn\u011bla tragickou historii holocaustu a tak\u00e9 zd\u016fraznila v\u00fdznam jeho p\u0159ipom\u00edn\u00e1n\u00ed a uchov\u00e1n\u00ed v \u017eiv\u00e9 pam\u011bti. Sou\u010d\u00e1st\u00ed setk\u00e1n\u00ed bylo tak\u00e9 zprost\u0159edkov\u00e1n\u00ed vzpom\u00ednek pam\u011btn\u00edk\u016f, kte\u0159\u00ed ji\u017e bohu\u017eel nejsou mezi n\u00e1mi.<\/p>\n\n\n\n<p>K tomuto setk\u00e1n\u00ed se p\u0159ipojil i pan Shachar Avrami s pan\u00ed Martinou Igazovou. Pan Avrami se s n\u00e1mi pod\u011blil o sv\u00e9 z\u00e1\u017eitky z doby, kdy p\u016fsobil jako dobrovoln\u00edk v kibucu nedaleko Gazy. Hovo\u0159il mimo jin\u00e9 o sv\u00e9m \u017eivot\u011b v Izraeli, vojensk\u00e9 slu\u017eb\u011b ale i o m\u00edstn\u00edch tradic\u00edch. Pan\u00ed Igazov\u00e1 s n\u00e1mi n\u00e1sledn\u011b sd\u00edlela sv\u00e9 zku\u0161enosti s dobrovolnickou \u010dinnost\u00ed v Izraeli, o sv\u00fdch za\u010d\u00e1tc\u00edch i o tom, \u017ee ka\u017ed\u00fd jednotlivec, chce-li, m\u016f\u017ee naj\u00edt sv\u016fj zp\u016fsob, jak pomoci druh\u00fdm.<\/p>\n\n\n\n<p>#<a href=\"https:\/\/weremember.worldjewishcongress.org\/\">WeRemember<\/a> #<a href=\"https:\/\/www.auschwitz.org\/en\/home-page-80\/\">Auschwitz80<\/a> #EPAS2025<br>#JsmeGymnaziumKarvina #TemporaMutanturEtNosMutamurInIllis #VyslanciEP2025<\/p>\n\n\n\n<p class=\"has-text-align-right\"><em>Za t\u00fdm Vyslanc\u016f Evropsk\u00e9ho parlamentu Johanka H\u00e1lov\u00e1<\/em><\/p>\n\n\n\n<p class=\"has-text-align-center has-medium-font-size\"><strong><a href=\"https:\/\/photos.app.goo.gl\/fJXcKDkMkGb41oC27\">FOTOgalerie<\/a><\/strong><br>(v\u010detn\u011b fotografi\u00ed ze studentsk\u00e9 p\u0159ipom\u00ednky 27. ledna)<\/p>\n","protected":false},"excerpt":{"rendered":"<p>U p\u0159\u00edle\u017eitosti Mezin\u00e1rodn\u00edho dne pam\u00e1tky ob\u011bt\u00ed holocaustu zav\u00edtala do na\u0161\u00ed \u0161koly pan\u00ed Jana Hl\u00e1vkov\u00e1, kter\u00e1 n\u00e1m p\u0159ipomn\u011bla tragickou historii holocaustu a tak\u00e9 zd\u016fraznila v\u00fdznam jeho p\u0159ipom\u00edn\u00e1n\u00ed a uchov\u00e1n\u00ed v \u017eiv\u00e9 pam\u011bti. Sou\u010d\u00e1st\u00ed setk\u00e1n\u00ed bylo tak\u00e9&#46;&#46;&#46;<\/p>\n","protected":false},"author":7,"featured_media":4578,"comment_status":"closed","ping_status":"closed","sticky":false,"template":"","format":"standard","meta":{"footnotes":""},"categories":[33,42],"tags":[],"class_list":["post-4577","post","type-post","status-publish","format-standard","has-post-thumbnail","hentry","category-homepage","category-skoly-vyslanci-ep"],"_links":{"self":[{"href":"https:\/\/www.gym-karvina.cz\/index.php?rest_route=\/wp\/v2\/posts\/4577","targetHints":{"allow":["GET"]}}],"collection":[{"href":"https:\/\/www.gym-karvina.cz\/index.php?rest_route=\/wp\/v2\/posts"}],"about":[{"href":"https:\/\/www.gym-karvina.cz\/index.php?rest_route=\/wp\/v2\/types\/post"}],"author":[{"embeddable":true,"href":"https:\/\/www.gym-karvina.cz\/index.php?rest_route=\/wp\/v2\/users\/7"}],"replies":[{"embeddable":true,"href":"https:\/\/www.gym-karvina.cz\/index.php?rest_route=%2Fwp%2Fv2%2Fcomments&post=4577"}],"version-history":[{"count":1,"href":"https:\/\/www.gym-karvina.cz\/index.php?rest_route=\/wp\/v2\/posts\/4577\/revisions"}],"predecessor-version":[{"id":4579,"href":"https:\/\/www.gym-karvina.cz\/index.php?rest_route=\/wp\/v2\/posts\/4577\/revisions\/4579"}],"wp:featuredmedia":[{"embeddable":true,"href":"https:\/\/www.gym-karvina.cz\/index.php?rest_route=\/wp\/v2\/media\/4578"}],"wp:attachment":[{"href":"https:\/\/www.gym-karvina.cz\/index.php?rest_route=%2Fwp%2Fv2%2Fmedia&parent=4577"}],"wp:term":[{"taxonomy":"category","embeddable":true,"href":"https:\/\/www.gym-karvina.cz\/index.php?rest_route=%2Fwp%2Fv2%2Fcategories&post=4577"},{"taxonomy":"post_tag","embeddable":true,"href":"https:\/\/www.gym-karvina.cz\/index.php?rest_route=%2Fwp%2Fv2%2Ftags&post=4577"}],"curies":[{"name":"wp","href":"https:\/\/api.w.org\/{rel}","templated":true}]}}