{"id":4581,"date":"2025-02-07T04:46:54","date_gmt":"2025-02-07T03:46:54","guid":{"rendered":"https:\/\/www.gym-karvina.cz\/?p=4581"},"modified":"2025-02-07T15:02:19","modified_gmt":"2025-02-07T14:02:19","slug":"mezinarodni-den-komplimentu","status":"publish","type":"post","link":"https:\/\/www.gym-karvina.cz\/?p=4581","title":{"rendered":"Mezin\u00e1rodn\u00ed den kompliment\u016f\u00a0"},"content":{"rendered":"\n<p> Na 24. ledna p\u0159ipad\u00e1 Mezin\u00e1rodn\u00ed den kompliment\u016f. I na na\u0161\u00ed \u0161kole jsme se k oslav\u011b tohoto dne p\u0159ipojili. \u017d\u00e1ci a jejich u\u010ditel\u00e9 m\u011bli mo\u017enost si navz\u00e1jem poslat vzkaz s komplimentem a\u0165 u\u017e anonymn\u011b, nebo s podpisem. Akce se z\u00fa\u010dastnili t\u00e9m\u011b\u0159 v\u0161ichni \u017e\u00e1ci i u\u010ditel\u00e9 na\u0161\u00ed \u0161koly a pomohli tak pos\u00edlit p\u0159\u00e1telskou atmosf\u00e9ru v na\u0161em kolektivu. Sou\u010dasn\u011b s touto aktivitou prob\u011bhly v t\u0159\u00edd\u00e1ch prima a sekunda hodiny, b\u011bhem kter\u00fdch si \u017e\u00e1ci mohli zkusit tzv. hru s komplimenty. Tyto akce jsou sou\u010d\u00e1st\u00ed dlouhodob\u00e9ho \u00fasil\u00ed o pos\u00edlen\u00ed well-beingu na na\u0161\u00ed \u0161kole.<\/p>\n\n\n\n<p>#EPAS2025 #JsmeGymnaziumKarvina #TemporaMutanturEtNosMutamurInIllis #VyslanciEP2025<\/p>\n\n\n\n<p class=\"has-text-align-right\"> <em>Za t\u00fdm Vyslanc\u016f EP Tereza Brz\u00f3skov\u00e1<\/em><\/p>\n\n\n\n<p class=\"has-text-align-center\"><a href=\"https:\/\/photos.app.goo.gl\/AiW8nfkzu4QXo7bPA\">Fotogalerie<\/a><\/p>\n\n\n<div class=\"wp-block-image is-style-rounded\">\n<figure class=\"aligncenter size-full\"><img loading=\"lazy\" decoding=\"async\" width=\"488\" height=\"650\" src=\"https:\/\/www.gym-karvina.cz\/wp-content\/uploads\/2025\/02\/Komplimenty_EP_h650.jpeg\" alt=\"\" class=\"wp-image-4601\" srcset=\"https:\/\/www.gym-karvina.cz\/wp-content\/uploads\/2025\/02\/Komplimenty_EP_h650.jpeg 488w, https:\/\/www.gym-karvina.cz\/wp-content\/uploads\/2025\/02\/Komplimenty_EP_h650-225x300.jpeg 225w, https:\/\/www.gym-karvina.cz\/wp-content\/uploads\/2025\/02\/Komplimenty_EP_h650-18x24.jpeg 18w, https:\/\/www.gym-karvina.cz\/wp-content\/uploads\/2025\/02\/Komplimenty_EP_h650-27x36.jpeg 27w, https:\/\/www.gym-karvina.cz\/wp-content\/uploads\/2025\/02\/Komplimenty_EP_h650-36x48.jpeg 36w\" sizes=\"auto, (max-width: 488px) 100vw, 488px\" \/><\/figure>\n<\/div>","protected":false},"excerpt":{"rendered":"<p>Na 24. ledna p\u0159ipad\u00e1 Mezin\u00e1rodn\u00ed den kompliment\u016f. I na na\u0161\u00ed \u0161kole jsme se k oslav\u011b tohoto dne p\u0159ipojili. \u017d\u00e1ci a jejich u\u010ditel\u00e9 m\u011bli mo\u017enost si navz\u00e1jem poslat vzkaz s komplimentem a\u0165 u\u017e anonymn\u011b, nebo s&#46;&#46;&#46;<\/p>\n","protected":false},"author":8,"featured_media":2386,"comment_status":"closed","ping_status":"closed","sticky":false,"template":"","format":"standard","meta":{"footnotes":""},"categories":[33,42],"tags":[],"class_list":["post-4581","post","type-post","status-publish","format-standard","has-post-thumbnail","hentry","category-homepage","category-skoly-vyslanci-ep"],"_links":{"self":[{"href":"https:\/\/www.gym-karvina.cz\/index.php?rest_route=\/wp\/v2\/posts\/4581","targetHints":{"allow":["GET"]}}],"collection":[{"href":"https:\/\/www.gym-karvina.cz\/index.php?rest_route=\/wp\/v2\/posts"}],"about":[{"href":"https:\/\/www.gym-karvina.cz\/index.php?rest_route=\/wp\/v2\/types\/post"}],"author":[{"embeddable":true,"href":"https:\/\/www.gym-karvina.cz\/index.php?rest_route=\/wp\/v2\/users\/8"}],"replies":[{"embeddable":true,"href":"https:\/\/www.gym-karvina.cz\/index.php?rest_route=%2Fwp%2Fv2%2Fcomments&post=4581"}],"version-history":[{"count":10,"href":"https:\/\/www.gym-karvina.cz\/index.php?rest_route=\/wp\/v2\/posts\/4581\/revisions"}],"predecessor-version":[{"id":4602,"href":"https:\/\/www.gym-karvina.cz\/index.php?rest_route=\/wp\/v2\/posts\/4581\/revisions\/4602"}],"wp:featuredmedia":[{"embeddable":true,"href":"https:\/\/www.gym-karvina.cz\/index.php?rest_route=\/wp\/v2\/media\/2386"}],"wp:attachment":[{"href":"https:\/\/www.gym-karvina.cz\/index.php?rest_route=%2Fwp%2Fv2%2Fmedia&parent=4581"}],"wp:term":[{"taxonomy":"category","embeddable":true,"href":"https:\/\/www.gym-karvina.cz\/index.php?rest_route=%2Fwp%2Fv2%2Fcategories&post=4581"},{"taxonomy":"post_tag","embeddable":true,"href":"https:\/\/www.gym-karvina.cz\/index.php?rest_route=%2Fwp%2Fv2%2Ftags&post=4581"}],"curies":[{"name":"wp","href":"https:\/\/api.w.org\/{rel}","templated":true}]}}