{"id":4650,"date":"2025-03-03T21:39:11","date_gmt":"2025-03-03T20:39:11","guid":{"rendered":"https:\/\/www.gym-karvina.cz\/?p=4650"},"modified":"2025-03-05T18:40:02","modified_gmt":"2025-03-05T17:40:02","slug":"valentyn-a-wellbeing","status":"publish","type":"post","link":"https:\/\/www.gym-karvina.cz\/?p=4650","title":{"rendered":"Valent\u00fdn a wellbeing"},"content":{"rendered":"\n<p>Jak jist\u011b v\u00edte, p\u00e1tek 14. \u00fanora p\u0159ipad\u00e1 na Den sv. Valent\u00fdna, den l\u00e1sky. Proto jsme si pro V\u00e1s my, Vyslanci Evropsk\u00e9ho parlamentu, p\u0159ipravili malou akci. Ve st\u0159edu 19. \u00fanora byly o velk\u00e9 p\u0159est\u00e1vce ve vestibulu p\u0159ipraveny valent\u00fdnky, na kter\u00e9 \u017e\u00e1ci mohli n\u011bco hezk\u00e9ho napsat a kter\u00e9 byly pot\u00e9 doru\u010deny adres\u00e1t\u016fm. Tuto ud\u00e1lost jsme spojili s t\u00fddnem wellbeingu a cht\u011bli t\u00edm p\u0159ipomenout, jak d\u016fle\u017eit\u00e9 je \u0161\u00ed\u0159it pozitivn\u00ed energii a d\u011blat radost druh\u00fdm. Mal\u00e9 gesto, jako je mil\u00fd vzkaz na valent\u00fdnce, n\u011bkomu ur\u010dit\u011b zp\u0159\u00edjemnil den a zlep\u0161il psychickou pohodu. Akce se z\u00fa\u010dastnilo mnoho \u017e\u00e1k\u016f i kantor\u016f. Jsme r\u00e1di, \u017ee n\u011bco tak drobn\u00e9ho pomohlo zlep\u0161it \u0159ad\u011b lid\u00ed den.\u00a0<\/p>\n\n\n\n<p class=\"has-text-align-center\"><br><a href=\"https:\/\/photos.app.goo.gl\/wRWyuvNL2WVpDTu1A\">FOTOgalerie<\/a><\/p>\n\n\n\n<p class=\"has-text-align-right\">Za t\u00fdm Vyslanc\u016f EP, Tereza Albrechtov\u00e1.<br>#EPAS2025 #tydenprowellbeingveskole #wellbeing #love<br><\/p>\n","protected":false},"excerpt":{"rendered":"<p>Jak jist\u011b v\u00edte, p\u00e1tek 14. \u00fanora p\u0159ipad\u00e1 na Den sv. Valent\u00fdna, den l\u00e1sky. Proto jsme si pro V\u00e1s my, Vyslanci Evropsk\u00e9ho parlamentu, p\u0159ipravili malou akci. Ve st\u0159edu 19. \u00fanora byly o velk\u00e9 p\u0159est\u00e1vce ve vestibulu&#46;&#46;&#46;<\/p>\n","protected":false},"author":6,"featured_media":4656,"comment_status":"closed","ping_status":"closed","sticky":false,"template":"","format":"standard","meta":{"footnotes":""},"categories":[33,42],"tags":[],"class_list":["post-4650","post","type-post","status-publish","format-standard","has-post-thumbnail","hentry","category-homepage","category-skoly-vyslanci-ep"],"_links":{"self":[{"href":"https:\/\/www.gym-karvina.cz\/index.php?rest_route=\/wp\/v2\/posts\/4650","targetHints":{"allow":["GET"]}}],"collection":[{"href":"https:\/\/www.gym-karvina.cz\/index.php?rest_route=\/wp\/v2\/posts"}],"about":[{"href":"https:\/\/www.gym-karvina.cz\/index.php?rest_route=\/wp\/v2\/types\/post"}],"author":[{"embeddable":true,"href":"https:\/\/www.gym-karvina.cz\/index.php?rest_route=\/wp\/v2\/users\/6"}],"replies":[{"embeddable":true,"href":"https:\/\/www.gym-karvina.cz\/index.php?rest_route=%2Fwp%2Fv2%2Fcomments&post=4650"}],"version-history":[{"count":1,"href":"https:\/\/www.gym-karvina.cz\/index.php?rest_route=\/wp\/v2\/posts\/4650\/revisions"}],"predecessor-version":[{"id":4651,"href":"https:\/\/www.gym-karvina.cz\/index.php?rest_route=\/wp\/v2\/posts\/4650\/revisions\/4651"}],"wp:featuredmedia":[{"embeddable":true,"href":"https:\/\/www.gym-karvina.cz\/index.php?rest_route=\/wp\/v2\/media\/4656"}],"wp:attachment":[{"href":"https:\/\/www.gym-karvina.cz\/index.php?rest_route=%2Fwp%2Fv2%2Fmedia&parent=4650"}],"wp:term":[{"taxonomy":"category","embeddable":true,"href":"https:\/\/www.gym-karvina.cz\/index.php?rest_route=%2Fwp%2Fv2%2Fcategories&post=4650"},{"taxonomy":"post_tag","embeddable":true,"href":"https:\/\/www.gym-karvina.cz\/index.php?rest_route=%2Fwp%2Fv2%2Ftags&post=4650"}],"curies":[{"name":"wp","href":"https:\/\/api.w.org\/{rel}","templated":true}]}}