{"id":4709,"date":"2025-03-19T06:22:44","date_gmt":"2025-03-19T05:22:44","guid":{"rendered":"https:\/\/www.gym-karvina.cz\/?p=4709"},"modified":"2025-03-19T06:22:46","modified_gmt":"2025-03-19T05:22:46","slug":"jazykova-animace-pro-primu-deutsch-macht-spas","status":"publish","type":"post","link":"https:\/\/www.gym-karvina.cz\/?p=4709","title":{"rendered":"Jazykov\u00e1 animace pro primu \u2013 Deutsch macht Spa\u00df"},"content":{"rendered":"\n<p>Dne 12. 3. 2025 jsme my, \u017e\u00e1ci septimy, jako\u017eto vyslanci n\u011bmeck\u00e9ho jazyka, zav\u00edtali do primy, abychom mlad\u0161\u00edm spolu\u017e\u00e1k\u016fm uk\u00e1zali jeho kouzlo a z\u00e1rove\u0148 je namotivovali ke studiu n\u011bm\u010diny v dal\u0161\u00edch letech.<\/p>\n\n\n\n<p>Pro prim\u00e1ny jsme si nachystali n\u011bkolik stanovi\u0161\u0165 s aktivitami, kter\u00e9 je m\u011bly s nov\u00fdm jazykem nejen sezn\u00e1mit, ale d\u00e1t jim tak\u00e9 mo\u017enost nau\u010dit se z\u00e1kladn\u00ed fr\u00e1ze a term\u00edny. \u017d\u00e1ci si tak vyzkou\u0161eli nap\u0159. domino s \u010d\u00edsly \u010di p\u0159i\u0159azov\u00e1n\u00ed pozdrav\u016f k spr\u00e1vn\u00e9mu p\u0159ekladu.<\/p>\n\n\n\n<p>Nakonec jsme na\u0161e mlad\u0161\u00ed spolu\u017e\u00e1ky pomoc\u00ed hry otestovali, co si z t\u00e9to hodiny odnesli, a vyzpov\u00eddali je, jak\u00e9 maj\u00ed z lekce n\u011bm\u010diny pocity.<\/p>\n\n\n\n<p>Akci lze pova\u017eovat za zda\u0159ilou, jeliko\u017e prim\u00e1ni vypadali, \u017ee je aktivity bav\u00ed. Budeme tedy doufat, \u017ee se jich na n\u011bmeck\u00fd jazyk p\u0159ihl\u00e1s\u00ed co nejv\u00edc.<\/p>\n\n\n\n<p class=\"has-text-align-right\"><em>\u00a0za 7. X Mat\u011bj Klus<\/em><\/p>\n\n\n\n<p class=\"has-text-align-center\"><a href=\"https:\/\/photos.app.goo.gl\/8wXDbgM98S9hg9yE9\">Fotogalerie<\/a><\/p>\n\n\n<div class=\"wp-block-image is-style-rounded\">\n<figure class=\"aligncenter size-full is-resized\"><img loading=\"lazy\" decoding=\"async\" width=\"700\" height=\"394\" src=\"https:\/\/www.gym-karvina.cz\/wp-content\/uploads\/2025\/03\/Nemcina_2025_01_w700.jpg\" alt=\"\" class=\"wp-image-4712\" style=\"width:700px\" srcset=\"https:\/\/www.gym-karvina.cz\/wp-content\/uploads\/2025\/03\/Nemcina_2025_01_w700.jpg 700w, https:\/\/www.gym-karvina.cz\/wp-content\/uploads\/2025\/03\/Nemcina_2025_01_w700-300x169.jpg 300w, https:\/\/www.gym-karvina.cz\/wp-content\/uploads\/2025\/03\/Nemcina_2025_01_w700-24x14.jpg 24w, https:\/\/www.gym-karvina.cz\/wp-content\/uploads\/2025\/03\/Nemcina_2025_01_w700-36x20.jpg 36w, https:\/\/www.gym-karvina.cz\/wp-content\/uploads\/2025\/03\/Nemcina_2025_01_w700-48x27.jpg 48w\" sizes=\"auto, (max-width: 700px) 100vw, 700px\" \/><\/figure>\n<\/div>","protected":false},"excerpt":{"rendered":"<p>Dne 12. 3. 2025 jsme my, \u017e\u00e1ci septimy, jako\u017eto vyslanci n\u011bmeck\u00e9ho jazyka, zav\u00edtali do primy, abychom mlad\u0161\u00edm spolu\u017e\u00e1k\u016fm uk\u00e1zali jeho kouzlo a z\u00e1rove\u0148 je namotivovali ke studiu n\u011bm\u010diny v dal\u0161\u00edch letech. Pro prim\u00e1ny jsme si&#46;&#46;&#46;<\/p>\n","protected":false},"author":8,"featured_media":4711,"comment_status":"closed","ping_status":"closed","sticky":false,"template":"","format":"standard","meta":{"footnotes":""},"categories":[33,13],"tags":[],"class_list":["post-4709","post","type-post","status-publish","format-standard","has-post-thumbnail","hentry","category-homepage","category-nj"],"_links":{"self":[{"href":"https:\/\/www.gym-karvina.cz\/index.php?rest_route=\/wp\/v2\/posts\/4709","targetHints":{"allow":["GET"]}}],"collection":[{"href":"https:\/\/www.gym-karvina.cz\/index.php?rest_route=\/wp\/v2\/posts"}],"about":[{"href":"https:\/\/www.gym-karvina.cz\/index.php?rest_route=\/wp\/v2\/types\/post"}],"author":[{"embeddable":true,"href":"https:\/\/www.gym-karvina.cz\/index.php?rest_route=\/wp\/v2\/users\/8"}],"replies":[{"embeddable":true,"href":"https:\/\/www.gym-karvina.cz\/index.php?rest_route=%2Fwp%2Fv2%2Fcomments&post=4709"}],"version-history":[{"count":1,"href":"https:\/\/www.gym-karvina.cz\/index.php?rest_route=\/wp\/v2\/posts\/4709\/revisions"}],"predecessor-version":[{"id":4713,"href":"https:\/\/www.gym-karvina.cz\/index.php?rest_route=\/wp\/v2\/posts\/4709\/revisions\/4713"}],"wp:featuredmedia":[{"embeddable":true,"href":"https:\/\/www.gym-karvina.cz\/index.php?rest_route=\/wp\/v2\/media\/4711"}],"wp:attachment":[{"href":"https:\/\/www.gym-karvina.cz\/index.php?rest_route=%2Fwp%2Fv2%2Fmedia&parent=4709"}],"wp:term":[{"taxonomy":"category","embeddable":true,"href":"https:\/\/www.gym-karvina.cz\/index.php?rest_route=%2Fwp%2Fv2%2Fcategories&post=4709"},{"taxonomy":"post_tag","embeddable":true,"href":"https:\/\/www.gym-karvina.cz\/index.php?rest_route=%2Fwp%2Fv2%2Ftags&post=4709"}],"curies":[{"name":"wp","href":"https:\/\/api.w.org\/{rel}","templated":true}]}}