{"id":4733,"date":"2025-03-24T14:56:27","date_gmt":"2025-03-24T13:56:27","guid":{"rendered":"https:\/\/www.gym-karvina.cz\/?p=4733"},"modified":"2025-03-24T14:59:48","modified_gmt":"2025-03-24T13:59:48","slug":"fyzikalni-olympiada","status":"publish","type":"post","link":"https:\/\/www.gym-karvina.cz\/?p=4733","title":{"rendered":"Fyzik\u00e1ln\u00ed olympi\u00e1da"},"content":{"rendered":"\n<p>Na\u0161i mlad\u00ed fyzici se ve st\u0159edu 19. b\u0159ezna 2025 na Z\u0160 Borovsk\u00e9ho z\u00fa\u010dastnili okresn\u00edho kola Fyzik\u00e1ln\u00ed olympi\u00e1dy. K&nbsp;postupu do n\u011bj museli vy\u0159e\u0161it teoretick\u00e9 a experiment\u00e1ln\u00ed \u00falohy kola \u0161koln\u00edho. V&nbsp;kategorii F byli \u00fasp\u011b\u0161n\u00fdmi \u0159e\u0161iteli obou kol terci\u00e1ni <strong>Hana Koz\u00e1kov\u00e1, Anton\u00edn Kycik <\/strong>a<strong> Linda Pham<\/strong> a v&nbsp;kategorii E o postup do krajsk\u00e9ho kola bojovali kvart\u00e1ni <strong>Tom\u00e1\u0161 Vu, Gabriel \u017debrok <\/strong>a<strong> Denis Boszczyk<\/strong>. Nejv\u00fd\u0161e se um\u00edstil Tom\u00e1\u0161 a ze 3. m\u00edsta postupuje do kola krajsk\u00e9ho.<\/p>\n\n\n\n<p>V\u0161em d\u011bkujeme za skv\u011blou reprezentaci \u0161koly a Tomovi p\u0159ejeme hodn\u011b \u0161t\u011bst\u00ed v&nbsp;krajsk\u00e9m kole, kter\u00e9 prob\u011bhne v&nbsp;dubnu v&nbsp;Ostrav\u011b.<\/p>\n\n\n\n<p class=\"has-text-align-center\"><a href=\"https:\/\/www.gym-karvina.cz\/wp-content\/uploads\/2025\/03\/vysledky-OK-FO-kat-E.pdf\" data-type=\"attachment\" data-id=\"4736\" target=\"_blank\" rel=\"noreferrer noopener\">V\u00fdsledky kategorie E<\/a><\/p>\n\n\n\n<p class=\"has-text-align-center\"><a href=\"https:\/\/www.gym-karvina.cz\/wp-content\/uploads\/2025\/03\/vysledky-OK-FO-kat-F.pdf\" data-type=\"attachment\" data-id=\"4737\" target=\"_blank\" rel=\"noreferrer noopener\">V\u00fdsledky kategorie F<\/a><\/p>\n\n\n\n<p class=\"has-text-align-right\"><em>PK Fyziky<\/em><\/p>\n\n\n<div class=\"wp-block-image is-style-rounded\">\n<figure class=\"aligncenter size-full is-resized\"><img loading=\"lazy\" decoding=\"async\" width=\"850\" height=\"638\" src=\"https:\/\/www.gym-karvina.cz\/wp-content\/uploads\/2025\/03\/FO_OK_w850.jpg\" alt=\"\" class=\"wp-image-4734\" style=\"width:665px;height:auto\" srcset=\"https:\/\/www.gym-karvina.cz\/wp-content\/uploads\/2025\/03\/FO_OK_w850.jpg 850w, https:\/\/www.gym-karvina.cz\/wp-content\/uploads\/2025\/03\/FO_OK_w850-300x225.jpg 300w, https:\/\/www.gym-karvina.cz\/wp-content\/uploads\/2025\/03\/FO_OK_w850-768x576.jpg 768w, https:\/\/www.gym-karvina.cz\/wp-content\/uploads\/2025\/03\/FO_OK_w850-24x18.jpg 24w, https:\/\/www.gym-karvina.cz\/wp-content\/uploads\/2025\/03\/FO_OK_w850-36x27.jpg 36w, https:\/\/www.gym-karvina.cz\/wp-content\/uploads\/2025\/03\/FO_OK_w850-48x36.jpg 48w\" sizes=\"auto, (max-width: 850px) 100vw, 850px\" \/><\/figure>\n<\/div>\n\n\n<p><\/p>\n","protected":false},"excerpt":{"rendered":"<p>Na\u0161i mlad\u00ed fyzici se ve st\u0159edu 19. b\u0159ezna 2025 na Z\u0160 Borovsk\u00e9ho z\u00fa\u010dastnili okresn\u00edho kola Fyzik\u00e1ln\u00ed olympi\u00e1dy. K&nbsp;postupu do n\u011bj museli vy\u0159e\u0161it teoretick\u00e9 a experiment\u00e1ln\u00ed \u00falohy kola \u0161koln\u00edho. V&nbsp;kategorii F byli \u00fasp\u011b\u0161n\u00fdmi \u0159e\u0161iteli obou kol&#46;&#46;&#46;<\/p>\n","protected":false},"author":8,"featured_media":4735,"comment_status":"closed","ping_status":"closed","sticky":false,"template":"","format":"standard","meta":{"footnotes":""},"categories":[33],"tags":[],"class_list":["post-4733","post","type-post","status-publish","format-standard","has-post-thumbnail","hentry","category-homepage"],"_links":{"self":[{"href":"https:\/\/www.gym-karvina.cz\/index.php?rest_route=\/wp\/v2\/posts\/4733","targetHints":{"allow":["GET"]}}],"collection":[{"href":"https:\/\/www.gym-karvina.cz\/index.php?rest_route=\/wp\/v2\/posts"}],"about":[{"href":"https:\/\/www.gym-karvina.cz\/index.php?rest_route=\/wp\/v2\/types\/post"}],"author":[{"embeddable":true,"href":"https:\/\/www.gym-karvina.cz\/index.php?rest_route=\/wp\/v2\/users\/8"}],"replies":[{"embeddable":true,"href":"https:\/\/www.gym-karvina.cz\/index.php?rest_route=%2Fwp%2Fv2%2Fcomments&post=4733"}],"version-history":[{"count":4,"href":"https:\/\/www.gym-karvina.cz\/index.php?rest_route=\/wp\/v2\/posts\/4733\/revisions"}],"predecessor-version":[{"id":4743,"href":"https:\/\/www.gym-karvina.cz\/index.php?rest_route=\/wp\/v2\/posts\/4733\/revisions\/4743"}],"wp:featuredmedia":[{"embeddable":true,"href":"https:\/\/www.gym-karvina.cz\/index.php?rest_route=\/wp\/v2\/media\/4735"}],"wp:attachment":[{"href":"https:\/\/www.gym-karvina.cz\/index.php?rest_route=%2Fwp%2Fv2%2Fmedia&parent=4733"}],"wp:term":[{"taxonomy":"category","embeddable":true,"href":"https:\/\/www.gym-karvina.cz\/index.php?rest_route=%2Fwp%2Fv2%2Fcategories&post=4733"},{"taxonomy":"post_tag","embeddable":true,"href":"https:\/\/www.gym-karvina.cz\/index.php?rest_route=%2Fwp%2Fv2%2Ftags&post=4733"}],"curies":[{"name":"wp","href":"https:\/\/api.w.org\/{rel}","templated":true}]}}