{"id":4840,"date":"2025-03-07T10:57:02","date_gmt":"2025-03-07T09:57:02","guid":{"rendered":"https:\/\/www.gym-karvina.cz\/?p=4840"},"modified":"2025-08-17T17:30:15","modified_gmt":"2025-08-17T15:30:15","slug":"sylva-divisova-stinovani-na-slovensku","status":"publish","type":"post","link":"https:\/\/www.gym-karvina.cz\/?p=4840","title":{"rendered":"Sylva Divi\u0161ov\u00e1 \u2013 st\u00ednov\u00e1n\u00ed na Slovensku"},"content":{"rendered":"\n<h6 class=\"wp-block-heading\"><strong>10. 2. 2025 \u2013 14. 2. 2025<\/strong><\/h6>\n\n\n\n<h6 class=\"wp-block-heading\"><strong>St\u00ednov\u00e1n\u00ed zam\u011b\u0159en\u00e9 na vyu\u010dovac\u00ed a u\u010debn\u00ed proces, Gymn\u00e1zium Jozefa Lettricha, Martin<\/strong><\/h6>\n\n\n\n<p>V&nbsp;term\u00ednu od 10. do 14. \u00fanora jsem v r\u00e1mci projektu Erasmus+ spole\u010dn\u011b s&nbsp;kolegyn\u00ed Monikou Brzou absolvovala st\u00ednov\u00e1n\u00ed ve slovensk\u00e9m m\u011bst\u011b Martin v&nbsp;\u017dilinsk\u00e9m kraji. St\u011b\u017eejn\u00edm c\u00edlem st\u00ednov\u00e1n\u00ed bylo sezn\u00e1men\u00ed se s&nbsp; metodami pr\u00e1ce v hostitelsk\u00e9 instituci a n\u00e1sledn\u011b implementace z\u00edskan\u00fdch poznatk\u016f na domovsk\u00e9 \u0161kole.&nbsp;<\/p>\n\n\n\n<p>P\u0159ed uskute\u010dn\u011bn\u00edm cesty do Martina jsme s&nbsp;kolegyn\u00ed oslovily p\u011bt \u0161kol a n\u00e1sledn\u011b si dle propozic vybraly osmilet\u00e9 gymn\u00e1zium Jozefa Lettricha v&nbsp;Martine. V\u00fdb\u011br to byl skv\u011bl\u00fd, proto\u017ee hostitelsk\u00e1 \u0161kola tradi\u010dn\u011b obsazuje p\u0159edn\u00ed m\u00edsta v&nbsp;\u017eeb\u0159\u00ed\u010dku, jen\u017e je realizov\u00e1n nez\u00e1vislou instituc\u00ed INEKO a kter\u00fd mapuje \u00fasp\u011b\u0161nost gymn\u00e1zii v&nbsp;r\u00e1mci cel\u00e9ho Slovenska. V aktu\u00e1ln\u00edm hodnocen\u00ed op\u00edraj\u00edc\u00edm se o re\u00e1ln\u00e9 v\u00fdsledky \u017e\u00e1k\u016f se Gymn\u00e1zium Jozefa Lettricha um\u00edstilo na vynikaj\u00edc\u00edm 7. m\u00edst\u011b z&nbsp;celkov\u00e9ho po\u010dtu 169 hodnocen\u00fdch slovensk\u00fdch gymn\u00e1zi\u00ed. V&nbsp;r\u00e1mci profilov\u00e9ho hodnocen\u00ed gymn\u00e1zi\u00ed v&nbsp;\u017dilinsk\u00e9m kraji pak \u0161kola obsadila dokonce prvn\u00ed m\u00edsto.&nbsp;<\/p>\n\n\n\n<p>Velmi p\u0159\u00edjemn\u00e1 atmosf\u00e9ra, kter\u00e1 n\u00e1s prov\u00e1zela cel\u00fdm t\u00fddnem, vych\u00e1z\u00ed zejm\u00e9na z vize \u0161koly, kde \u017e\u00e1k, u\u010ditel i rodi\u010d spoluvytv\u00e1\u0159ej\u00ed podn\u011btn\u00e9 vzd\u011bl\u00e1vac\u00ed prost\u0159ed\u00ed. Pan\u00ed \u0159editelka pro n\u00e1s p\u0159ipravila velice r\u016fznorod\u00fd program. C\u00edlem na\u0161\u00ed n\u00e1v\u0161t\u011bvy bylo sd\u00edlet zku\u0161enosti, na\u010derpat nov\u00e9 poznatky v&nbsp;oblasti inovac\u00ed ve v\u00fduce \u010di v&nbsp;oblasti formativn\u00edho hodnocen\u00ed a zaj\u00edmala n\u00e1s tak\u00e9 problematika pr\u00e1ce s&nbsp;nadan\u00fdmi a velmi nadan\u00fdmi \u017e\u00e1ky.&nbsp;<\/p>\n\n\n\n<p>Nav\u0161t\u00edvily jsme vyu\u010dovac\u00ed hodiny nap\u0159\u00ed\u010d v\u0161emi p\u0159edm\u011bty, abychom pronikly do metod a aktivit, kter\u00e9 vyu\u010duj\u00edc\u00ed s&nbsp;\u017e\u00e1ky praktikuj\u00ed. Nahl\u00e9dly jsem do vyu\u010dovac\u00edch jednotek p\u0159\u00edrodn\u00edch, spole\u010densk\u00fdch i humanitn\u00edch v\u011bd, abychom zjistily, \u017ee v\u00fduka na \u0161kole odpov\u00edd\u00e1 modern\u00edm trend\u016fm, kter\u00e9 v&nbsp;\u010cesk\u00e9 republice po\u017eaduje Strategie 2030+. U\u010ditel\u00e9 velmi dob\u0159e aktivizuj\u00ed \u017e\u00e1ky, pou\u017e\u00edvaj\u00ed prom\u011bnliv\u00e9 formy a metody v\u00fduky, ovl\u00e1daj\u00ed formativn\u00ed hodnocen\u00ed a ov\u011b\u0159uj\u00ed znalosti i sumativn\u00ed formou.&nbsp;<\/p>\n\n\n\n<p>V&nbsp;oblasti vzd\u011bl\u00e1v\u00e1n\u00ed nadan\u00fdch \u017e\u00e1k\u016f jsme si odvezly informace o metodice a zp\u016fsobu pr\u00e1ce mezi \u017e\u00e1kem, \u0161kolou a rodi\u010di. I v&nbsp;t\u00e9to oblasti jsme spole\u010dn\u00fdm sd\u00edlen\u00edm na\u010derpaly nov\u00e9 informace, kter\u00e9 je mo\u017en\u00e9 implementovat do na\u0161\u00ed vlastn\u00ed pr\u00e1ce.&nbsp;<\/p>\n\n\n\n<p>Zaj\u00edmala n\u00e1s tak\u00e9 projektov\u00e1 \u010dinnost a aktivity nad r\u00e1mec v\u00fduky. \u0160kola n\u011bkolik dn\u00ed p\u0159ed na\u0161\u00edm p\u0159\u00edjezdem z\u00edskala akreditaci k&nbsp;projektu Erasmus, co\u017e n\u00e1m v\u00fdrazn\u011b usnad\u0148uje podm\u00ednky pro potenci\u00e1ln\u00ed budouc\u00ed spolupr\u00e1ci.&nbsp;<\/p>\n\n\n\n<p>V&nbsp;pr\u016fb\u011bhu cel\u00e9ho t\u00fddne n\u00e1m veden\u00ed \u0161koly i jednotliv\u00ed u\u010ditel\u00e9 ochotn\u011b v\u011bnovali sv\u016fj \u010das. Diskutovali s&nbsp;n\u00e1mi jak\u00e9koliv ot\u00e1zky a sna\u017eili se n\u00e1m odpov\u011bd\u011bt na v\u0161e, co n\u00e1s zaj\u00edmalo. Krom\u011b setk\u00e1n\u00ed s&nbsp;velmi mil\u00fdmi lidmi a profesion\u00e1ly ve sv\u00e9m oboru jsme diskutovaly i s&nbsp;\u017e\u00e1ky, kte\u0159\u00ed n\u00e1s ve sv\u00fdch hodin\u00e1ch v\u017edy v\u0159ele p\u0159iv\u00edtali.<\/p>\n\n\n\n<p>Odpoledn\u00ed hodiny jsme vyu\u017eily k&nbsp;n\u00e1v\u0161t\u011bv\u00e1m zaj\u00edmav\u00fdch m\u00edst ve m\u011bst\u011b i jeho okol\u00ed. Nav\u0161t\u00edvily jsme Slovensk\u00e9 komorn\u00e9 divadlo Martin a v okol\u00ed Martina ly\u017ea\u0159sk\u00e9 st\u0159edisko v&nbsp;Jasensk\u00e9 a Val\u010diansk\u00e9 dolin\u011b.<\/p>\n\n\n\n<p>Velmi r\u00e1di v&nbsp;budoucnu p\u0159iv\u00edt\u00e1me kolegy z&nbsp;Martina v&nbsp;r\u00e1mci st\u00ednov\u00e1n\u00ed na na\u0161\u00ed \u0161kole a v\u0161em na\u0161im koleg\u016fm pobyt na jin\u00e9 \u0161kole v\u0159ele doporu\u010duji, proto\u017ee spole\u010dn\u00e9 sd\u00edlen\u00ed zku\u0161enost\u00ed je velmi p\u0159\u00edjemnou cestou k&nbsp;profesn\u00edmu i osobnostn\u00edmu r\u016fstu a mo\u017en\u00e1 tak\u00e9 ke zm\u011bn\u011b.<\/p>\n\n\n\n<figure class=\"wp-block-gallery has-nested-images columns-default is-cropped wp-block-gallery-1 is-layout-flex wp-block-gallery-is-layout-flex\">\n<figure class=\"wp-block-image size-large\"><img loading=\"lazy\" decoding=\"async\" width=\"1024\" height=\"768\" data-id=\"4843\" src=\"https:\/\/www.gym-karvina.cz\/wp-content\/uploads\/2025\/04\/Di1-1024x768.jpg\" alt=\"\" class=\"wp-image-4843\" srcset=\"https:\/\/www.gym-karvina.cz\/wp-content\/uploads\/2025\/04\/Di1-1024x768.jpg 1024w, https:\/\/www.gym-karvina.cz\/wp-content\/uploads\/2025\/04\/Di1-300x225.jpg 300w, https:\/\/www.gym-karvina.cz\/wp-content\/uploads\/2025\/04\/Di1-768x576.jpg 768w, https:\/\/www.gym-karvina.cz\/wp-content\/uploads\/2025\/04\/Di1-24x18.jpg 24w, https:\/\/www.gym-karvina.cz\/wp-content\/uploads\/2025\/04\/Di1-36x27.jpg 36w, https:\/\/www.gym-karvina.cz\/wp-content\/uploads\/2025\/04\/Di1-48x36.jpg 48w, https:\/\/www.gym-karvina.cz\/wp-content\/uploads\/2025\/04\/Di1.jpg 1245w\" sizes=\"auto, (max-width: 1024px) 100vw, 1024px\" \/><\/figure>\n\n\n\n<figure class=\"wp-block-image size-large\"><img loading=\"lazy\" decoding=\"async\" width=\"640\" height=\"480\" data-id=\"4844\" src=\"https:\/\/www.gym-karvina.cz\/wp-content\/uploads\/2025\/04\/Di2.jpg\" alt=\"\" class=\"wp-image-4844\" srcset=\"https:\/\/www.gym-karvina.cz\/wp-content\/uploads\/2025\/04\/Di2.jpg 640w, https:\/\/www.gym-karvina.cz\/wp-content\/uploads\/2025\/04\/Di2-300x225.jpg 300w, https:\/\/www.gym-karvina.cz\/wp-content\/uploads\/2025\/04\/Di2-24x18.jpg 24w, https:\/\/www.gym-karvina.cz\/wp-content\/uploads\/2025\/04\/Di2-36x27.jpg 36w, https:\/\/www.gym-karvina.cz\/wp-content\/uploads\/2025\/04\/Di2-48x36.jpg 48w\" sizes=\"auto, (max-width: 640px) 100vw, 640px\" \/><\/figure>\n<\/figure>\n\n\n\n<p class=\"has-text-align-right\"><em>Mgr. Sylva Divi\u0161ov\u00e1<\/em><\/p>\n","protected":false},"excerpt":{"rendered":"<p>10. 2. 2025 \u2013 14. 2. 2025 St\u00ednov\u00e1n\u00ed zam\u011b\u0159en\u00e9 na vyu\u010dovac\u00ed a u\u010debn\u00ed proces, Gymn\u00e1zium Jozefa Lettricha, Martin V&nbsp;term\u00ednu od 10. do 14. \u00fanora jsem v r\u00e1mci projektu Erasmus+ spole\u010dn\u011b s&nbsp;kolegyn\u00ed Monikou Brzou absolvovala st\u00ednov\u00e1n\u00ed&#46;&#46;&#46;<\/p>\n","protected":false},"author":9,"featured_media":3627,"comment_status":"closed","ping_status":"closed","sticky":false,"template":"","format":"standard","meta":{"footnotes":""},"categories":[41],"tags":[],"class_list":["post-4840","post","type-post","status-publish","format-standard","has-post-thumbnail","hentry","category-akreditace-a2"],"_links":{"self":[{"href":"https:\/\/www.gym-karvina.cz\/index.php?rest_route=\/wp\/v2\/posts\/4840","targetHints":{"allow":["GET"]}}],"collection":[{"href":"https:\/\/www.gym-karvina.cz\/index.php?rest_route=\/wp\/v2\/posts"}],"about":[{"href":"https:\/\/www.gym-karvina.cz\/index.php?rest_route=\/wp\/v2\/types\/post"}],"author":[{"embeddable":true,"href":"https:\/\/www.gym-karvina.cz\/index.php?rest_route=\/wp\/v2\/users\/9"}],"replies":[{"embeddable":true,"href":"https:\/\/www.gym-karvina.cz\/index.php?rest_route=%2Fwp%2Fv2%2Fcomments&post=4840"}],"version-history":[{"count":3,"href":"https:\/\/www.gym-karvina.cz\/index.php?rest_route=\/wp\/v2\/posts\/4840\/revisions"}],"predecessor-version":[{"id":5564,"href":"https:\/\/www.gym-karvina.cz\/index.php?rest_route=\/wp\/v2\/posts\/4840\/revisions\/5564"}],"wp:featuredmedia":[{"embeddable":true,"href":"https:\/\/www.gym-karvina.cz\/index.php?rest_route=\/wp\/v2\/media\/3627"}],"wp:attachment":[{"href":"https:\/\/www.gym-karvina.cz\/index.php?rest_route=%2Fwp%2Fv2%2Fmedia&parent=4840"}],"wp:term":[{"taxonomy":"category","embeddable":true,"href":"https:\/\/www.gym-karvina.cz\/index.php?rest_route=%2Fwp%2Fv2%2Fcategories&post=4840"},{"taxonomy":"post_tag","embeddable":true,"href":"https:\/\/www.gym-karvina.cz\/index.php?rest_route=%2Fwp%2Fv2%2Ftags&post=4840"}],"curies":[{"name":"wp","href":"https:\/\/api.w.org\/{rel}","templated":true}]}}