{"id":4849,"date":"2025-04-10T21:48:39","date_gmt":"2025-04-10T19:48:39","guid":{"rendered":"https:\/\/www.gym-karvina.cz\/?p=4849"},"modified":"2025-04-16T09:23:01","modified_gmt":"2025-04-16T07:23:01","slug":"vymenny-pobyt-erasmus-s-rakouskem","status":"publish","type":"post","link":"https:\/\/www.gym-karvina.cz\/?p=4849","title":{"rendered":"V\u00fdm\u011bnn\u00fd pobyt Erasmus+ s Rakouskem"},"content":{"rendered":"\n<p>Getting to know each other in the real and digital world<\/p>\n\n\n\n<p>Kennenlernen in der digitalen und der realen Welt&nbsp;<\/p>\n\n\n\n<p>31. 3. 2025 \u2013 4. 4. 2025<\/p>\n\n\n\n<p>Skupinov\u00e1 mobilita \u017e\u00e1k\u016f, Bundesgymnasium &amp; Bundesrealgymnasium, Gro\u00df-Enzersdorf<\/p>\n\n\n\n<p>V prvn\u00edm dubnov\u00e9m t\u00fddnu jsme se znovu shledali se studenty z partnersk\u00e9 \u0161koly z&nbsp; Gro\u00df-Enzersdorfu. Od na\u0161\u00ed podzimn\u00ed n\u00e1v\u0161t\u011bvy ub\u011bhlo ji\u017e n\u011bkolik m\u011bs\u00edc\u016f (m\u016f\u017eete si o n\u00ed p\u0159e\u010d\u00edst <a href=\"https:\/\/www.gym-karvina.cz\/?p=3540\">ZDE<\/a>), ale na\u0161e vzpom\u00ednky a z\u00e1\u017eitky jsou st\u00e1le \u017eiv\u00e9. A p\u0159idali jsme nov\u00e9, dal\u0161\u00ed.&nbsp;<\/p>\n\n\n\n<p>A co jsme v\u0161echno za\u017eili?<br><\/p>\n\n\n\n<p>Na\u0161i partne\u0159i p\u0159ijeli ji\u017e v ned\u011bli vlakem, cesta z p\u0159edm\u011bst\u00ed V\u00eddn\u011b jim netrvalo dlouho. V pond\u011bl\u00ed jsme jim p\u0159edstavili na\u0161i \u0161kolu a sezn\u00e1mili je s programem spole\u010dn\u00e9ho t\u00fddne. Tvo\u0159ili jsme zdoben\u00e9 ta\u0161ky, p\u0159i\u010dem\u017e ka\u017ed\u00fd \u00fa\u010dastn\u00edk mohl vyu\u017e\u00edt techniku a motiv, kter\u00fd mu byl bl\u00edzk\u00fd. V \u00fater\u00fd jsme, i p\u0159es nep\u0159\u00edze\u0148 po\u010das\u00ed, pozn\u00e1vali Ostravu. Shl\u00e9dli jsme na ni z v\u00fd\u0161ky v\u011b\u017ee Nov\u00e9 radnice, ale tak\u00e9 zpod povrchu, a to z podzemn\u00ed expozice Ostravsk\u00e9ho muzea. Den jsme zakon\u010dili v Doln\u00ed oblasti V\u00edtkovice a ve Velk\u00e9m sv\u011bt\u011b techniky.&nbsp;<\/p>\n\n\n\n<p>Ve st\u0159edu jsme se prokousali mlhou a nav\u0161t\u00edvili D\u0159ev\u011bn\u00e9 m\u011bste\u010dko v p\u0159\u00edrod\u011b v Ro\u017enov\u011b pod Radho\u0161t\u011bm a pot\u00e9 pozdravili Radegasta na Pustevn\u00e1ch.<br>Na\u0161i partne\u0159i m\u011bli tak\u00e9 p\u0159\u00edle\u017eitost sezn\u00e1mit se s \u017eivotem na\u0161\u00ed \u0161koly a \u010desk\u00fdm vzd\u011bl\u00e1vac\u00edm syst\u00e9mem, a to ve \u010dtvrtek, kdy se aktivn\u011b \u00fa\u010dastnili v\u00fduky. Odpoledne jsme nav\u0161t\u00edvili \u0160ikm\u00fd kostel a b\u00fdval\u00fd d\u016fl Gabriela, kde n\u00e1m pan Sikora, \u0159editel projektu POHO, p\u0159edstavil vizi transformace dolu v m\u00edsto ur\u010den\u00e9 pro r\u016fzn\u00e9 kulturn\u00ed akce.<br>V p\u00e1tek jsme prost\u0159ednictv\u00edm interaktivn\u00ed fotosout\u011b\u017ee pozn\u00e1vali centrum m\u011bsta Karvin\u00e1 a kone\u010dn\u011b si u\u017eili p\u011bkn\u00e9ho po\u010das\u00ed. V pr\u016fb\u011bhu podzimn\u00edho i jarn\u00edho programu \u00fa\u010dastn\u00edci vytv\u00e1\u0159eli virtu\u00e1ln\u00ed muzea a pracovali s 3D br\u00fdlemi.&nbsp;<\/p>\n\n\n\n<p>Host\u00e9 z Rakouska bydleli u \u010desk\u00fdch hostitelsk\u00fdch rodin, kter\u00e9 jim p\u0159ipravily z\u00e1bavn\u00fd program. Partne\u0159i mj. nav\u0161t\u00edvili ZOO, zkusili vyrobit sushi, okusili karvinskou pizzu, zahr\u00e1li si bowling a pro\u0161li se kolem Karvinsk\u00e9ho mo\u0159e.&nbsp;<\/p>\n\n\n\n<p>Z\u00e1v\u011bre\u010dn\u00e9 rozlou\u010den\u00ed se neobe\u0161lo bez slz. N\u011bkte\u0159\u00ed \u00fa\u010dastn\u00edci se sp\u0159\u00e1telili natolik, \u017ee si ji\u017e napl\u00e1novali soukrom\u00e9 v\u00fdlety.&nbsp;<\/p>\n\n\n\n<p>D\u011bkujeme v\u0161em z\u00fa\u010dastn\u011bn\u00fdm \u2013 \u017e\u00e1k\u016fm, \u017e\u00e1kyn\u00edm, organiz\u00e1tor\u016fm i hostitelsk\u00fdm rodin\u00e1m.&nbsp;<\/p>\n\n\n\n<p>Tato aktivita byla spolufinancov\u00e1na Evropskou uni\u00ed.<\/p>\n\n\n\n<figure class=\"wp-block-image size-medium\"><img loading=\"lazy\" decoding=\"async\" width=\"300\" height=\"86\" src=\"https:\/\/www.gym-karvina.cz\/wp-content\/uploads\/2024\/08\/eu_flag_co_funded-300x86.jpg\" alt=\"\" class=\"wp-image-2697\" srcset=\"https:\/\/www.gym-karvina.cz\/wp-content\/uploads\/2024\/08\/eu_flag_co_funded-300x86.jpg 300w, https:\/\/www.gym-karvina.cz\/wp-content\/uploads\/2024\/08\/eu_flag_co_funded-1024x292.jpg 1024w, https:\/\/www.gym-karvina.cz\/wp-content\/uploads\/2024\/08\/eu_flag_co_funded-768x219.jpg 768w, https:\/\/www.gym-karvina.cz\/wp-content\/uploads\/2024\/08\/eu_flag_co_funded-1536x439.jpg 1536w, https:\/\/www.gym-karvina.cz\/wp-content\/uploads\/2024\/08\/eu_flag_co_funded-24x7.jpg 24w, https:\/\/www.gym-karvina.cz\/wp-content\/uploads\/2024\/08\/eu_flag_co_funded-36x10.jpg 36w, https:\/\/www.gym-karvina.cz\/wp-content\/uploads\/2024\/08\/eu_flag_co_funded-48x14.jpg 48w, https:\/\/www.gym-karvina.cz\/wp-content\/uploads\/2024\/08\/eu_flag_co_funded.jpg 1964w\" sizes=\"auto, (max-width: 300px) 100vw, 300px\" \/><\/figure>\n\n\n\n<p class=\"has-text-align-right\"><em>Julie Jankov\u00e1, Milena Foksov\u00e1<\/em><\/p>\n\n\n\n<p class=\"has-text-align-center\"><a href=\"https:\/\/photos.app.goo.gl\/nrUfQ4nytELxFBoTA\">Fotogalerie<\/a><\/p>\n\n\n\n<figure class=\"wp-block-image size-large is-style-rounded\"><img loading=\"lazy\" decoding=\"async\" width=\"1024\" height=\"576\" src=\"https:\/\/www.gym-karvina.cz\/wp-content\/uploads\/2025\/04\/20250331_092418-1024x576.jpg\" alt=\"\" class=\"wp-image-4866\" srcset=\"https:\/\/www.gym-karvina.cz\/wp-content\/uploads\/2025\/04\/20250331_092418-1024x576.jpg 1024w, https:\/\/www.gym-karvina.cz\/wp-content\/uploads\/2025\/04\/20250331_092418-300x169.jpg 300w, https:\/\/www.gym-karvina.cz\/wp-content\/uploads\/2025\/04\/20250331_092418-768x432.jpg 768w, https:\/\/www.gym-karvina.cz\/wp-content\/uploads\/2025\/04\/20250331_092418-1536x864.jpg 1536w, https:\/\/www.gym-karvina.cz\/wp-content\/uploads\/2025\/04\/20250331_092418-24x13.jpg 24w, https:\/\/www.gym-karvina.cz\/wp-content\/uploads\/2025\/04\/20250331_092418-36x20.jpg 36w, https:\/\/www.gym-karvina.cz\/wp-content\/uploads\/2025\/04\/20250331_092418-48x27.jpg 48w, https:\/\/www.gym-karvina.cz\/wp-content\/uploads\/2025\/04\/20250331_092418.jpg 1620w\" sizes=\"auto, (max-width: 1024px) 100vw, 1024px\" \/><\/figure>\n","protected":false},"excerpt":{"rendered":"<p>Getting to know each other in the real and digital world Kennenlernen in der digitalen und der realen Welt&nbsp; 31. 3. 2025 \u2013 4. 4. 2025 Skupinov\u00e1 mobilita \u017e\u00e1k\u016f, Bundesgymnasium &amp; Bundesrealgymnasium, Gro\u00df-Enzersdorf V prvn\u00edm&#46;&#46;&#46;<\/p>\n","protected":false},"author":6,"featured_media":3014,"comment_status":"closed","ping_status":"closed","sticky":false,"template":"","format":"standard","meta":{"footnotes":""},"categories":[41,33],"tags":[],"class_list":["post-4849","post","type-post","status-publish","format-standard","has-post-thumbnail","hentry","category-akreditace-a2","category-homepage"],"_links":{"self":[{"href":"https:\/\/www.gym-karvina.cz\/index.php?rest_route=\/wp\/v2\/posts\/4849","targetHints":{"allow":["GET"]}}],"collection":[{"href":"https:\/\/www.gym-karvina.cz\/index.php?rest_route=\/wp\/v2\/posts"}],"about":[{"href":"https:\/\/www.gym-karvina.cz\/index.php?rest_route=\/wp\/v2\/types\/post"}],"author":[{"embeddable":true,"href":"https:\/\/www.gym-karvina.cz\/index.php?rest_route=\/wp\/v2\/users\/6"}],"replies":[{"embeddable":true,"href":"https:\/\/www.gym-karvina.cz\/index.php?rest_route=%2Fwp%2Fv2%2Fcomments&post=4849"}],"version-history":[{"count":3,"href":"https:\/\/www.gym-karvina.cz\/index.php?rest_route=\/wp\/v2\/posts\/4849\/revisions"}],"predecessor-version":[{"id":4867,"href":"https:\/\/www.gym-karvina.cz\/index.php?rest_route=\/wp\/v2\/posts\/4849\/revisions\/4867"}],"wp:featuredmedia":[{"embeddable":true,"href":"https:\/\/www.gym-karvina.cz\/index.php?rest_route=\/wp\/v2\/media\/3014"}],"wp:attachment":[{"href":"https:\/\/www.gym-karvina.cz\/index.php?rest_route=%2Fwp%2Fv2%2Fmedia&parent=4849"}],"wp:term":[{"taxonomy":"category","embeddable":true,"href":"https:\/\/www.gym-karvina.cz\/index.php?rest_route=%2Fwp%2Fv2%2Fcategories&post=4849"},{"taxonomy":"post_tag","embeddable":true,"href":"https:\/\/www.gym-karvina.cz\/index.php?rest_route=%2Fwp%2Fv2%2Ftags&post=4849"}],"curies":[{"name":"wp","href":"https:\/\/api.w.org\/{rel}","templated":true}]}}