{"id":4852,"date":"2025-04-10T21:54:42","date_gmt":"2025-04-10T19:54:42","guid":{"rendered":"https:\/\/www.gym-karvina.cz\/?p=4852"},"modified":"2025-04-16T09:22:39","modified_gmt":"2025-04-16T07:22:39","slug":"projektove-setkani-s-rumunskou-skolou","status":"publish","type":"post","link":"https:\/\/www.gym-karvina.cz\/?p=4852","title":{"rendered":"Projektov\u00e9 setk\u00e1n\u00ed s rumunskou \u0161kolou"},"content":{"rendered":"\n<p>Ve dnech 30. b\u0159ezna a\u017e 5. dubna hostila na\u0161e \u0161kola n\u00e1v\u0161t\u011bvu z Rumunska, konkr\u00e9tn\u011b z partnersk\u00e9 \u0161koly Colegiul na\u021bional Unirea z transylv\u00e1nsk\u00e9ho m\u011bsta T\u00e2rgu Mure\u0219. Deset rumunsk\u00fdch \u017e\u00e1k\u016f a jedna u\u010ditelka k n\u00e1m p\u0159ijeli v r\u00e1mci projektu LaDiE (Languages in the Digital Era), kter\u00fd na na\u0161\u00ed \u0161kole b\u011b\u017e\u00ed d\u00edky akreditaci v programu Erasmus+ a jeho\u017e hlavn\u00edm t\u00e9matem je v\u00fduka ciz\u00edch jazyk\u016f.<\/p>\n\n\n\n<p>Rumun\u0161t\u00ed \u017e\u00e1ci byli ubytov\u00e1ni v hostitelsk\u00fdch rodin\u00e1ch, d\u00edky kter\u00fdm mohli nejl\u00e9pe zakusit \u010deskou kulturu a atmosf\u00e9ru. B\u011bhem projektov\u00fdch aktivit ve \u0161kole si na\u0161i partne\u0159i se sv\u00fdmi \u010desk\u00fdmi prot\u011bj\u0161ky vyzkou\u0161eli tvorbu digit\u00e1ln\u00edch materi\u00e1l\u016f jako map, pohlednic, prezentac\u00ed, playlist\u016f, komiks\u016f, vide\u00ed a dal\u0161\u00edch produkt\u016f, kter\u00e9 mapovaly spole\u010dn\u00e9 a rozd\u00edln\u00e9 prvky \u010desk\u00e9 a rumunsk\u00e9 kultury a obou jazyk\u016f. D\u00edky virtu\u00e1ln\u00ed realit\u011b jsme se mohli proj\u00edt po \u010desk\u00fdch i rumunsk\u00fdch pam\u00e1tk\u00e1ch, d\u00e1le jsme se v\u011bnovali \u010desk\u00e9 literatu\u0159e (nad\u010dasov\u00fd Erben) a zdobili ta\u0161ky. Spolupr\u00e1ce s Vyslanci Evropsk\u00e9ho parlamentu na \u0161kol\u00e1ch a krou\u017ekem Globe n\u00e1m umo\u017enila zapojit se do simulovan\u00e9ho schvalov\u00e1n\u00ed legislativy a environment\u00e1ln\u00edch m\u011b\u0159en\u00ed. Vyjeli jsme tak\u00e9 do bl\u00edzk\u00e9ho okol\u00ed, kde jsme p\u0159\u00e1tel\u016fm p\u0159edstavili pohornickou krajinu. Zlat\u00fdm h\u0159ebem byla exkurze do \u010cesk\u00e9ho T\u011b\u0161\u00edna a polsk\u00e9ho Cieszyna, kde jsme vyu\u017eili t\u00e9matu projektu a p\u0159edstavili sv\u00fdm partner\u016fm, jak se \u017eije ve dvojjazy\u010dn\u00e9m m\u011bst\u011b a mezin\u00e1rodn\u00edm prost\u0159ed\u00ed ve 21. stolet\u00ed.<\/p>\n\n\n\n<p>Rumun\u0161t\u00ed partne\u0159i si tak\u00e9 vyzkou\u0161eli slo\u017eit na\u0161i maturitn\u00ed zkou\u0161ku z angli\u010dtiny (poprali se s n\u00ed velice dob\u0159e) a nav\u0161t\u00edvili \u0159adovou v\u00fduku. Pr\u00e1v\u011b prost\u0159ed\u00ed na\u0161\u00ed \u0161koly a na\u0161e technick\u00e9 z\u00e1zem\u00ed byly t\u00edm, co je na cel\u00e9 n\u00e1v\u0161t\u011bv\u011b fascinovalo nejv\u00edce. Cel\u00e9 setk\u00e1n\u00ed nejl\u00e9pe shrnuje reakce jednoho z Rumun\u016f:<\/p>\n\n\n\n<p><em>\u201eM\u00e1 zku\u0161enost s mobiltou Erasmus+ v Karvin\u00e9 mi v mnoh\u00e9m otev\u0159ela o\u010di. Poskytla mi mo\u017enost vystoupit z komfortn\u00ed z\u00f3ny, spolupracovat s lidmi z odli\u0161n\u00e9ho prost\u0159ed\u00ed a za\u017e\u00edt jinou kulturu. Po\u010d\u00ednaje podn\u011btn\u00fdmi aktivitami jako simulovan\u00fdm jedn\u00e1n\u00edm Evropsk\u00e9ho parlamentu a kon\u010de kreativn\u00edmi d\u00edlnami, ka\u017ed\u00e1 chv\u00edle p\u0159inesla n\u011bco edukativn\u00edho a obohacuj\u00edc\u00edho. Mimo projektov\u00e9 aktivity jsme si tak\u00e9 u\u017eili proch\u00e1zky po m\u011bst\u011b, kde jsme m\u011bli mo\u017enost pozn\u00e1vat kulturn\u00ed rozd\u00edly a podobnosti, a tak\u00e9 jsme dostali p\u0159\u00edle\u017eitost p\u0159ekro\u010dit hranici a zav\u00edtat do Polska, co\u017e mi p\u0159i\u0161lo a\u017e neskute\u010dn\u00e9. P\u0159\u00e1telstv\u00ed, kter\u00e1 jsme nav\u00e1zali, a vzpom\u00ednky, kter\u00e9 si odv\u00e1\u017e\u00edme, n\u00e1m z\u016fstanou nadlouho, a tato zku\u0161enost jen podn\u00edtila mou zv\u011bdavost. Erasmus mi uk\u00e1zal, co svede v\u00fdm\u011bnn\u00fd pobyt. Jednalo se o opravdu nezapomenuteln\u00fd z\u00e1\u017eitek. D\u00edky, Karvin\u00e1!\u201c<\/em><\/p>\n\n\n\n<p>Tato aktivita byla spolufinancov\u00e1na Evropskou uni\u00ed.<\/p>\n\n\n\n<figure class=\"wp-block-image size-medium\"><img loading=\"lazy\" decoding=\"async\" width=\"300\" height=\"86\" src=\"https:\/\/www.gym-karvina.cz\/wp-content\/uploads\/2024\/08\/eu_flag_co_funded-300x86.jpg\" alt=\"\" class=\"wp-image-2697\" srcset=\"https:\/\/www.gym-karvina.cz\/wp-content\/uploads\/2024\/08\/eu_flag_co_funded-300x86.jpg 300w, https:\/\/www.gym-karvina.cz\/wp-content\/uploads\/2024\/08\/eu_flag_co_funded-1024x292.jpg 1024w, https:\/\/www.gym-karvina.cz\/wp-content\/uploads\/2024\/08\/eu_flag_co_funded-768x219.jpg 768w, https:\/\/www.gym-karvina.cz\/wp-content\/uploads\/2024\/08\/eu_flag_co_funded-1536x439.jpg 1536w, https:\/\/www.gym-karvina.cz\/wp-content\/uploads\/2024\/08\/eu_flag_co_funded-24x7.jpg 24w, https:\/\/www.gym-karvina.cz\/wp-content\/uploads\/2024\/08\/eu_flag_co_funded-36x10.jpg 36w, https:\/\/www.gym-karvina.cz\/wp-content\/uploads\/2024\/08\/eu_flag_co_funded-48x14.jpg 48w, https:\/\/www.gym-karvina.cz\/wp-content\/uploads\/2024\/08\/eu_flag_co_funded.jpg 1964w\" sizes=\"auto, (max-width: 300px) 100vw, 300px\" \/><\/figure>\n\n\n\n<p class=\"has-text-align-right\"><em>Michal Ledwo\u0144<\/em><\/p>\n\n\n\n<p class=\"has-text-align-center\"><a href=\"https:\/\/photos.app.goo.gl\/EmyXWvAFjBc3MF6cA\" data-type=\"link\" data-id=\"https:\/\/photos.app.goo.gl\/EmyXWvAFjBc3MF6cA\">Fotoalbum<\/a><\/p>\n\n\n\n<figure class=\"wp-block-image size-large is-style-rounded\"><img loading=\"lazy\" decoding=\"async\" width=\"1024\" height=\"576\" src=\"https:\/\/www.gym-karvina.cz\/wp-content\/uploads\/2025\/04\/20250404_110626-1024x576.jpg\" alt=\"\" class=\"wp-image-4848\" srcset=\"https:\/\/www.gym-karvina.cz\/wp-content\/uploads\/2025\/04\/20250404_110626-1024x576.jpg 1024w, https:\/\/www.gym-karvina.cz\/wp-content\/uploads\/2025\/04\/20250404_110626-300x169.jpg 300w, https:\/\/www.gym-karvina.cz\/wp-content\/uploads\/2025\/04\/20250404_110626-768x432.jpg 768w, https:\/\/www.gym-karvina.cz\/wp-content\/uploads\/2025\/04\/20250404_110626-1536x864.jpg 1536w, https:\/\/www.gym-karvina.cz\/wp-content\/uploads\/2025\/04\/20250404_110626-2048x1153.jpg 2048w, https:\/\/www.gym-karvina.cz\/wp-content\/uploads\/2025\/04\/20250404_110626-24x14.jpg 24w, https:\/\/www.gym-karvina.cz\/wp-content\/uploads\/2025\/04\/20250404_110626-36x20.jpg 36w, https:\/\/www.gym-karvina.cz\/wp-content\/uploads\/2025\/04\/20250404_110626-48x27.jpg 48w\" sizes=\"auto, (max-width: 1024px) 100vw, 1024px\" \/><\/figure>\n","protected":false},"excerpt":{"rendered":"<p>Ve dnech 30. b\u0159ezna a\u017e 5. dubna hostila na\u0161e \u0161kola n\u00e1v\u0161t\u011bvu z Rumunska, konkr\u00e9tn\u011b z partnersk\u00e9 \u0161koly Colegiul na\u021bional Unirea z transylv\u00e1nsk\u00e9ho m\u011bsta T\u00e2rgu Mure\u0219. Deset rumunsk\u00fdch \u017e\u00e1k\u016f a jedna u\u010ditelka k n\u00e1m p\u0159ijeli v&#46;&#46;&#46;<\/p>\n","protected":false},"author":6,"featured_media":3014,"comment_status":"closed","ping_status":"closed","sticky":false,"template":"","format":"standard","meta":{"footnotes":""},"categories":[41,33],"tags":[],"class_list":["post-4852","post","type-post","status-publish","format-standard","has-post-thumbnail","hentry","category-akreditace-a2","category-homepage"],"_links":{"self":[{"href":"https:\/\/www.gym-karvina.cz\/index.php?rest_route=\/wp\/v2\/posts\/4852","targetHints":{"allow":["GET"]}}],"collection":[{"href":"https:\/\/www.gym-karvina.cz\/index.php?rest_route=\/wp\/v2\/posts"}],"about":[{"href":"https:\/\/www.gym-karvina.cz\/index.php?rest_route=\/wp\/v2\/types\/post"}],"author":[{"embeddable":true,"href":"https:\/\/www.gym-karvina.cz\/index.php?rest_route=\/wp\/v2\/users\/6"}],"replies":[{"embeddable":true,"href":"https:\/\/www.gym-karvina.cz\/index.php?rest_route=%2Fwp%2Fv2%2Fcomments&post=4852"}],"version-history":[{"count":2,"href":"https:\/\/www.gym-karvina.cz\/index.php?rest_route=\/wp\/v2\/posts\/4852\/revisions"}],"predecessor-version":[{"id":4862,"href":"https:\/\/www.gym-karvina.cz\/index.php?rest_route=\/wp\/v2\/posts\/4852\/revisions\/4862"}],"wp:featuredmedia":[{"embeddable":true,"href":"https:\/\/www.gym-karvina.cz\/index.php?rest_route=\/wp\/v2\/media\/3014"}],"wp:attachment":[{"href":"https:\/\/www.gym-karvina.cz\/index.php?rest_route=%2Fwp%2Fv2%2Fmedia&parent=4852"}],"wp:term":[{"taxonomy":"category","embeddable":true,"href":"https:\/\/www.gym-karvina.cz\/index.php?rest_route=%2Fwp%2Fv2%2Fcategories&post=4852"},{"taxonomy":"post_tag","embeddable":true,"href":"https:\/\/www.gym-karvina.cz\/index.php?rest_route=%2Fwp%2Fv2%2Ftags&post=4852"}],"curies":[{"name":"wp","href":"https:\/\/api.w.org\/{rel}","templated":true}]}}