{"id":4854,"date":"2025-04-10T22:00:00","date_gmt":"2025-04-10T20:00:00","guid":{"rendered":"https:\/\/www.gym-karvina.cz\/?p=4854"},"modified":"2025-04-11T09:54:57","modified_gmt":"2025-04-11T07:54:57","slug":"projektove-setkani-s-francouzskou-skolou-aneb-co-ma-spolecneho-croissant-a-frgal","status":"publish","type":"post","link":"https:\/\/www.gym-karvina.cz\/?p=4854","title":{"rendered":"Projektov\u00e9 setk\u00e1n\u00ed s francouzskou \u0161kolou aneb &#8222;Co m\u00e1 spole\u010dn\u00e9ho croissant a frg\u00e1l?&#8220;"},"content":{"rendered":"\n<p>V&nbsp;r\u00e1mci <strong><em>T\u00fddne s&nbsp;Erasmem<\/em><\/strong> nav\u0161t\u00edvila na\u0161i \u0161kolu a na\u0161e m\u011bsto skupina student\u016f z&nbsp;lycea Sacr\u00e9 Coeur z&nbsp;francouzsk\u00e9ho m\u011bsta Tourcoing (sever Francie). Jednalo se o recipro\u010dn\u00ed n\u00e1v\u0161t\u011bvu pot\u00e9, co na podzim 2024 cestovali na\u0161i studenti pr\u00e1v\u011b tam, do rodin sv\u00fdch francouzsk\u00fdch korespondent\u016f \u2013 zkr\u00e1cen\u011b corres.<\/p>\n\n\n\n<p>S&nbsp;na\u0161imi p\u0159\u00e1teli jsme str\u00e1vili t\u00fdden nabit\u00fd r\u016fzn\u00fdmi akcemi, aktivitami a dobrodru\u017estv\u00edmi. Objevovali jsme Beskydy, Karvinou a jej\u00ed okol\u00ed, pono\u0159ili jsme se do hlubin v\u011bdy ve Velk\u00e9m sv\u011bt\u011b techniky v&nbsp;Ostrav\u011b, pr\u016fchod vlastn\u00ed kreativit\u011b a energii jsme dali ve v\u00fdtvarn\u00e9m atelieru, hudebn\u011b i t\u011blocvi\u010dn\u011b na\u0161\u00ed \u0161koly.<\/p>\n\n\n\n<p>St\u011b\u017eejn\u00edm bodem v\u0161ak byla pond\u011bln\u00ed exkurze do Osv\u011btimi. Kus historie, kter\u00e1 nikdy nesm\u00ed b\u00fdt zapomenuta. Jak \u0159ekl pan profesor J\u00e9r\u00e9mie Moreau, vedouc\u00ed francouzsk\u00e9 v\u00fdpravy, na pozad\u00ed sou\u010dasn\u00e9ho d\u011bn\u00ed je toto memento je\u0161t\u011b d\u016fle\u017eit\u011bj\u0161\u00ed ne\u017e kdy d\u0159\u00edve.<\/p>\n\n\n\n<p>Sou\u010d\u00e1st\u00ed programu byla samoz\u0159ejm\u011b i neform\u00e1ln\u00ed \u010d\u00e1st \u2013 ta, kter\u00e1 se odehr\u00e1vala v&nbsp;rodin\u00e1ch, ve skupink\u00e1ch, mezi mlad\u00fdmi lidmi, kte\u0159\u00ed m\u011bli mo\u017enost zjistit, \u017ee v\u0161ude \u017eij\u00ed lid\u00e9, kte\u0159\u00ed se cht\u011bj\u00ed sm\u00e1t a klidn\u011b sp\u00e1t. \u017de v\u0161ichni m\u00e1me vlastn\u011b stejn\u00e9 starosti i radosti. \u017de chl\u00e9b je v\u0161ude o dvou k\u016frk\u00e1ch a croissant m\u016f\u017ee b\u00fdt stejn\u011b dobr\u00fd jako frg\u00e1l. Anebo naopak. A to je dob\u0159e.<\/p>\n\n\n\n<p>Z\u00e1v\u011brem velk\u00e9 d\u00edky v\u0161em z\u00fa\u010dastn\u011bn\u00fdm, hlavn\u011b na\u0161im \u017e\u00e1k\u016fm a jejich rodin\u00e1m za to, \u017ee na cel\u00fd t\u00fdden otev\u0159ely sv\u00e9 domovy a \u010dasto i svou n\u00e1ru\u010d d\u011btem, se kter\u00fdmi se \u010desky nedomluv\u00edte. Odvaha, velk\u00e1 a n\u00e1ro\u010dn\u00e1 pr\u00e1ce, ale i kr\u00e1sn\u00e1 zku\u0161enost.<\/p>\n\n\n\n<p>T\u011b\u0161\u00edme se na p\u0159\u00ed\u0161t\u00ed ro\u010dn\u00edk \ud83d\ude0a!<\/p>\n\n\n\n<p>Tato aktivita byla spolufinancov\u00e1na Evropskou uni\u00ed.<\/p>\n\n\n\n<figure class=\"wp-block-image size-medium\"><img loading=\"lazy\" decoding=\"async\" width=\"300\" height=\"86\" src=\"https:\/\/www.gym-karvina.cz\/wp-content\/uploads\/2024\/08\/eu_flag_co_funded-300x86.jpg\" alt=\"\" class=\"wp-image-2697\" srcset=\"https:\/\/www.gym-karvina.cz\/wp-content\/uploads\/2024\/08\/eu_flag_co_funded-300x86.jpg 300w, https:\/\/www.gym-karvina.cz\/wp-content\/uploads\/2024\/08\/eu_flag_co_funded-1024x292.jpg 1024w, https:\/\/www.gym-karvina.cz\/wp-content\/uploads\/2024\/08\/eu_flag_co_funded-768x219.jpg 768w, https:\/\/www.gym-karvina.cz\/wp-content\/uploads\/2024\/08\/eu_flag_co_funded-1536x439.jpg 1536w, https:\/\/www.gym-karvina.cz\/wp-content\/uploads\/2024\/08\/eu_flag_co_funded-24x7.jpg 24w, https:\/\/www.gym-karvina.cz\/wp-content\/uploads\/2024\/08\/eu_flag_co_funded-36x10.jpg 36w, https:\/\/www.gym-karvina.cz\/wp-content\/uploads\/2024\/08\/eu_flag_co_funded-48x14.jpg 48w, https:\/\/www.gym-karvina.cz\/wp-content\/uploads\/2024\/08\/eu_flag_co_funded.jpg 1964w\" sizes=\"auto, (max-width: 300px) 100vw, 300px\" \/><\/figure>\n\n\n\n<p class=\"has-text-align-right\"><em>Za organiza\u010dn\u00ed t\u00fdm \u00c9change \u2013 francouzsk\u00e9 sekce &#8211; Mgr. Radka Dr\u00e1bov\u00e1<\/em><\/p>\n\n\n\n<p class=\"has-text-align-center\"><a href=\"https:\/\/photos.app.goo.gl\/F7ivyBaQ3PVTT5Uo9\">Fotoalbum<\/a><\/p>\n\n\n\n<figure class=\"wp-block-image size-large is-style-rounded\"><img loading=\"lazy\" decoding=\"async\" width=\"1024\" height=\"768\" src=\"https:\/\/www.gym-karvina.cz\/wp-content\/uploads\/2025\/04\/20250404_084553-1024x768.jpg\" alt=\"\" class=\"wp-image-4857\" srcset=\"https:\/\/www.gym-karvina.cz\/wp-content\/uploads\/2025\/04\/20250404_084553-1024x768.jpg 1024w, https:\/\/www.gym-karvina.cz\/wp-content\/uploads\/2025\/04\/20250404_084553-300x225.jpg 300w, https:\/\/www.gym-karvina.cz\/wp-content\/uploads\/2025\/04\/20250404_084553-768x576.jpg 768w, https:\/\/www.gym-karvina.cz\/wp-content\/uploads\/2025\/04\/20250404_084553-24x18.jpg 24w, https:\/\/www.gym-karvina.cz\/wp-content\/uploads\/2025\/04\/20250404_084553-36x27.jpg 36w, https:\/\/www.gym-karvina.cz\/wp-content\/uploads\/2025\/04\/20250404_084553-48x36.jpg 48w, https:\/\/www.gym-karvina.cz\/wp-content\/uploads\/2025\/04\/20250404_084553.jpg 1215w\" sizes=\"auto, (max-width: 1024px) 100vw, 1024px\" \/><\/figure>\n","protected":false},"excerpt":{"rendered":"<p>V&nbsp;r\u00e1mci T\u00fddne s&nbsp;Erasmem nav\u0161t\u00edvila na\u0161i \u0161kolu a na\u0161e m\u011bsto skupina student\u016f z&nbsp;lycea Sacr\u00e9 Coeur z&nbsp;francouzsk\u00e9ho m\u011bsta Tourcoing (sever Francie). Jednalo se o recipro\u010dn\u00ed n\u00e1v\u0161t\u011bvu pot\u00e9, co na podzim 2024 cestovali na\u0161i studenti pr\u00e1v\u011b tam, do&#46;&#46;&#46;<\/p>\n","protected":false},"author":9,"featured_media":3014,"comment_status":"closed","ping_status":"closed","sticky":false,"template":"","format":"standard","meta":{"footnotes":""},"categories":[41,33],"tags":[],"class_list":["post-4854","post","type-post","status-publish","format-standard","has-post-thumbnail","hentry","category-akreditace-a2","category-homepage"],"_links":{"self":[{"href":"https:\/\/www.gym-karvina.cz\/index.php?rest_route=\/wp\/v2\/posts\/4854","targetHints":{"allow":["GET"]}}],"collection":[{"href":"https:\/\/www.gym-karvina.cz\/index.php?rest_route=\/wp\/v2\/posts"}],"about":[{"href":"https:\/\/www.gym-karvina.cz\/index.php?rest_route=\/wp\/v2\/types\/post"}],"author":[{"embeddable":true,"href":"https:\/\/www.gym-karvina.cz\/index.php?rest_route=\/wp\/v2\/users\/9"}],"replies":[{"embeddable":true,"href":"https:\/\/www.gym-karvina.cz\/index.php?rest_route=%2Fwp%2Fv2%2Fcomments&post=4854"}],"version-history":[{"count":4,"href":"https:\/\/www.gym-karvina.cz\/index.php?rest_route=\/wp\/v2\/posts\/4854\/revisions"}],"predecessor-version":[{"id":4861,"href":"https:\/\/www.gym-karvina.cz\/index.php?rest_route=\/wp\/v2\/posts\/4854\/revisions\/4861"}],"wp:featuredmedia":[{"embeddable":true,"href":"https:\/\/www.gym-karvina.cz\/index.php?rest_route=\/wp\/v2\/media\/3014"}],"wp:attachment":[{"href":"https:\/\/www.gym-karvina.cz\/index.php?rest_route=%2Fwp%2Fv2%2Fmedia&parent=4854"}],"wp:term":[{"taxonomy":"category","embeddable":true,"href":"https:\/\/www.gym-karvina.cz\/index.php?rest_route=%2Fwp%2Fv2%2Fcategories&post=4854"},{"taxonomy":"post_tag","embeddable":true,"href":"https:\/\/www.gym-karvina.cz\/index.php?rest_route=%2Fwp%2Fv2%2Ftags&post=4854"}],"curies":[{"name":"wp","href":"https:\/\/api.w.org\/{rel}","templated":true}]}}