{"id":4869,"date":"2025-04-14T15:11:07","date_gmt":"2025-04-14T13:11:07","guid":{"rendered":"https:\/\/www.gym-karvina.cz\/?p=4869"},"modified":"2025-04-14T15:11:08","modified_gmt":"2025-04-14T13:11:08","slug":"florbalova-reprezentace-opet-vitezna","status":"publish","type":"post","link":"https:\/\/www.gym-karvina.cz\/?p=4869","title":{"rendered":"Florbalov\u00e1 reprezentace op\u011bt v\u00edt\u011bzn\u00e1"},"content":{"rendered":"\n<p>Dne 9. 4. 2025 se konalo okresn\u00ed kolo Sportovn\u00ed ligy \u0161kol ve florbale, kter\u00e9 hostil \u010cesk\u00fd T\u011b\u0161\u00edn. <\/p>\n\n\n\n<p>Na\u0161e reprezentace i po nutn\u00e9m omlazen\u00ed zv\u00edt\u011bzila nad Gymn\u00e1ziem Bohum\u00edn, SZ\u0160 Karvin\u00e1, Gymn\u00e1ziem \u010cesk\u00fd\u00a0T\u011b\u0161\u00edn\u00a0a postoupila do krajsk\u00e9ho kola.<\/p>\n\n\n\n<p>\u0160kolu reprezentovali: Eli\u0161ka Kostkov\u00e1, Bruno Barno\u0161\u00e1k, Luk\u00e1\u0161 Gola,\u00a0\u0160imon Jand\u00e1k, Samuel Strako\u0161, Daniel Kantor, Tom\u00e1\u0161 Kubicius, Tobi\u00e1\u0161 Barczok, Jind\u0159ich Such\u00e1r, Michal Kristen, Ale\u0161 Tiahnibok. <\/p>\n\n\n\n<p>D\u011bkujeme za vzornou reprezentaci na\u0161eho gymn\u00e1zia.<\/p>\n\n\n\n<p class=\"has-text-align-right\"><em>Mgr. Ji\u0159\u00ed Klupa<\/em><\/p>\n\n\n\n<p class=\"has-text-align-center\"><a href=\"https:\/\/photos.app.goo.gl\/jSF43PnryUUX6As6A\">FOTOgalerie<\/a><\/p>\n\n\n<div class=\"wp-block-image is-style-rounded\">\n<figure class=\"aligncenter size-full is-resized\"><img loading=\"lazy\" decoding=\"async\" width=\"900\" height=\"675\" src=\"https:\/\/www.gym-karvina.cz\/wp-content\/uploads\/2025\/04\/Florbalova_reprezentace_w900.jpg\" alt=\"\" class=\"wp-image-4871\" style=\"width:639px;height:auto\" srcset=\"https:\/\/www.gym-karvina.cz\/wp-content\/uploads\/2025\/04\/Florbalova_reprezentace_w900.jpg 900w, https:\/\/www.gym-karvina.cz\/wp-content\/uploads\/2025\/04\/Florbalova_reprezentace_w900-300x225.jpg 300w, https:\/\/www.gym-karvina.cz\/wp-content\/uploads\/2025\/04\/Florbalova_reprezentace_w900-768x576.jpg 768w, https:\/\/www.gym-karvina.cz\/wp-content\/uploads\/2025\/04\/Florbalova_reprezentace_w900-24x18.jpg 24w, https:\/\/www.gym-karvina.cz\/wp-content\/uploads\/2025\/04\/Florbalova_reprezentace_w900-36x27.jpg 36w, https:\/\/www.gym-karvina.cz\/wp-content\/uploads\/2025\/04\/Florbalova_reprezentace_w900-48x36.jpg 48w\" sizes=\"auto, (max-width: 900px) 100vw, 900px\" \/><\/figure>\n<\/div>","protected":false},"excerpt":{"rendered":"<p>Dne 9. 4. 2025 se konalo okresn\u00ed kolo Sportovn\u00ed ligy \u0161kol ve florbale, kter\u00e9 hostil \u010cesk\u00fd T\u011b\u0161\u00edn. Na\u0161e reprezentace i po nutn\u00e9m omlazen\u00ed zv\u00edt\u011bzila nad Gymn\u00e1ziem Bohum\u00edn, SZ\u0160 Karvin\u00e1, Gymn\u00e1ziem \u010cesk\u00fd\u00a0T\u011b\u0161\u00edn\u00a0a postoupila do krajsk\u00e9ho kola.&#46;&#46;&#46;<\/p>\n","protected":false},"author":8,"featured_media":4870,"comment_status":"closed","ping_status":"closed","sticky":false,"template":"","format":"standard","meta":{"footnotes":""},"categories":[33],"tags":[],"class_list":["post-4869","post","type-post","status-publish","format-standard","has-post-thumbnail","hentry","category-homepage"],"_links":{"self":[{"href":"https:\/\/www.gym-karvina.cz\/index.php?rest_route=\/wp\/v2\/posts\/4869","targetHints":{"allow":["GET"]}}],"collection":[{"href":"https:\/\/www.gym-karvina.cz\/index.php?rest_route=\/wp\/v2\/posts"}],"about":[{"href":"https:\/\/www.gym-karvina.cz\/index.php?rest_route=\/wp\/v2\/types\/post"}],"author":[{"embeddable":true,"href":"https:\/\/www.gym-karvina.cz\/index.php?rest_route=\/wp\/v2\/users\/8"}],"replies":[{"embeddable":true,"href":"https:\/\/www.gym-karvina.cz\/index.php?rest_route=%2Fwp%2Fv2%2Fcomments&post=4869"}],"version-history":[{"count":1,"href":"https:\/\/www.gym-karvina.cz\/index.php?rest_route=\/wp\/v2\/posts\/4869\/revisions"}],"predecessor-version":[{"id":4872,"href":"https:\/\/www.gym-karvina.cz\/index.php?rest_route=\/wp\/v2\/posts\/4869\/revisions\/4872"}],"wp:featuredmedia":[{"embeddable":true,"href":"https:\/\/www.gym-karvina.cz\/index.php?rest_route=\/wp\/v2\/media\/4870"}],"wp:attachment":[{"href":"https:\/\/www.gym-karvina.cz\/index.php?rest_route=%2Fwp%2Fv2%2Fmedia&parent=4869"}],"wp:term":[{"taxonomy":"category","embeddable":true,"href":"https:\/\/www.gym-karvina.cz\/index.php?rest_route=%2Fwp%2Fv2%2Fcategories&post=4869"},{"taxonomy":"post_tag","embeddable":true,"href":"https:\/\/www.gym-karvina.cz\/index.php?rest_route=%2Fwp%2Fv2%2Ftags&post=4869"}],"curies":[{"name":"wp","href":"https:\/\/api.w.org\/{rel}","templated":true}]}}