{"id":5020,"date":"2025-05-06T13:40:00","date_gmt":"2025-05-06T11:40:00","guid":{"rendered":"https:\/\/www.gym-karvina.cz\/?p=5020"},"modified":"2025-05-07T21:42:38","modified_gmt":"2025-05-07T19:42:38","slug":"evropsky-den-solidarity-mezi-generacemi","status":"publish","type":"post","link":"https:\/\/www.gym-karvina.cz\/?p=5020","title":{"rendered":"Evropsk\u00fd den solidarity mezi generacemi"},"content":{"rendered":"\n<p>Evropsk\u00fd den solidarity mezi generacemi vyhl\u00e1silo jako v\u00fdznamn\u00fd den v roce 2008 slovinsk\u00e9 p\u0159edsednictv\u00ed a Evropsk\u00e1 komise jej t\u00e9ho\u017e roku p\u0159ijala. Tento den m\u00e1 upozornit evropskou spole\u010dnost na nutnost podniknout nejen politick\u00e9 zm\u011bny souvisej\u00edc\u00ed s demografick\u00fdm v\u00fdvojem, ale i zm\u011bny v\u0161eobecn\u00e9ho vn\u00edm\u00e1n\u00ed mezi v\u011bkov\u00fdmi skupinami. Evropsk\u00fd den solidarity mezi generacemi m\u00e1 b\u00fdt v\u00fdzvou k nov\u00fdm p\u0159\u00edstup\u016fm k n\u011bkter\u00fdm ekonomick\u00fdm a soci\u00e1ln\u00edm aspekt\u016fm uvnit\u0159 spole\u010dnosti, proto\u017ee mezigenera\u010dn\u00ed solidarita tvo\u0159\u00ed integr\u00e1ln\u00ed sou\u010d\u00e1st evropsk\u00e9ho ekonomick\u00e9ho a soci\u00e1ln\u00edho syst\u00e9mu. <a href=\"https:\/\/vlada.gov.cz\/cz\/media-centrum\/aktualne\/evropsky-den-solidarity-mezi-generacemi-71249\/#\">(zdroj)<\/a><\/p>\n\n\n\n<p><strong>T\u00fdm Vyslanc\u016f Evropsk\u00e9ho parlamentu<\/strong> se p\u0159ipojil k Evropsk\u00e9mu dni solidarity mezi generacemi a nav\u0161t\u00edvil domov pro seniory Nov\u00fd domov v Karvin\u00e9. D\u011bkujeme za v\u0159el\u00e9 p\u0159ijet\u00ed a mil\u00e9 pov\u00edd\u00e1n\u00ed \u2013 nejen s pan\u00ed Bo\u017eenkou Peka\u0159ovou, kter\u00e1 u n\u00e1s na \u0161kole dlouh\u00e1 l\u00e9ta p\u016fsobila, ale i s dal\u0161\u00edmi klienty a pracovnicemi. Sd\u00edleli jsme z\u00e1\u017eitky z r\u016fzn\u00fdch \u0161koln\u00edch projekt\u016f a spole\u010dn\u011b zavzpom\u00ednali na \u0161koln\u00ed l\u00e9ta.<\/p>\n\n\n\n<p>Douf\u00e1me, \u017ee jsme se nevid\u011bli naposledy, a v\u011b\u0159\u00edme, \u017ee spolupr\u00e1ce mezi Gymn\u00e1ziem Karvin\u00e1 a Nov\u00fdm domovem bude nad\u00e1le pokra\u010dovat.<\/p>\n\n\n\n<p>Pod\u011bkov\u00e1n\u00ed pat\u0159\u00ed tak\u00e9 Michalu \u0160ev\u010d\u00edkovi, kter\u00fd se dobrovolnick\u00e9 \u010dinnosti v Nov\u00e9m domov\u011b dlouhodob\u011b v\u011bnuje a tuto n\u00e1v\u0161t\u011bvu zprost\u0159edkoval.<\/p>\n\n\n\n<p class=\"has-text-align-right\"><em>Julie Jankov\u00e1, Monika Brz\u00e1<\/em><\/p>\n\n\n\n<p class=\"has-text-align-center\">#JsmeGymnaziumKarvina #TemporaMutanturEtNosMutamurInIllis #VyslanciEP2025<\/p>\n\n\n\n<figure class=\"wp-block-gallery has-nested-images columns-default is-cropped wp-block-gallery-1 is-layout-flex wp-block-gallery-is-layout-flex\">\n<figure class=\"wp-block-image size-full\"><img loading=\"lazy\" decoding=\"async\" width=\"1321\" height=\"991\" data-id=\"5002\" src=\"https:\/\/www.gym-karvina.cz\/wp-content\/uploads\/2025\/05\/IMG-20250430-WA0004.jpg\" alt=\"\" class=\"wp-image-5002\" srcset=\"https:\/\/www.gym-karvina.cz\/wp-content\/uploads\/2025\/05\/IMG-20250430-WA0004.jpg 1321w, https:\/\/www.gym-karvina.cz\/wp-content\/uploads\/2025\/05\/IMG-20250430-WA0004-300x225.jpg 300w, https:\/\/www.gym-karvina.cz\/wp-content\/uploads\/2025\/05\/IMG-20250430-WA0004-1024x768.jpg 1024w, https:\/\/www.gym-karvina.cz\/wp-content\/uploads\/2025\/05\/IMG-20250430-WA0004-768x576.jpg 768w, https:\/\/www.gym-karvina.cz\/wp-content\/uploads\/2025\/05\/IMG-20250430-WA0004-24x18.jpg 24w, https:\/\/www.gym-karvina.cz\/wp-content\/uploads\/2025\/05\/IMG-20250430-WA0004-36x27.jpg 36w, https:\/\/www.gym-karvina.cz\/wp-content\/uploads\/2025\/05\/IMG-20250430-WA0004-48x36.jpg 48w\" sizes=\"auto, (max-width: 1321px) 100vw, 1321px\" \/><\/figure>\n\n\n\n<figure class=\"wp-block-image size-full\"><img loading=\"lazy\" decoding=\"async\" width=\"1321\" height=\"991\" data-id=\"5001\" src=\"https:\/\/www.gym-karvina.cz\/wp-content\/uploads\/2025\/05\/image-4.png\" alt=\"\" class=\"wp-image-5001\" srcset=\"https:\/\/www.gym-karvina.cz\/wp-content\/uploads\/2025\/05\/image-4.png 1321w, https:\/\/www.gym-karvina.cz\/wp-content\/uploads\/2025\/05\/image-4-300x225.png 300w, https:\/\/www.gym-karvina.cz\/wp-content\/uploads\/2025\/05\/image-4-1024x768.png 1024w, https:\/\/www.gym-karvina.cz\/wp-content\/uploads\/2025\/05\/image-4-768x576.png 768w, https:\/\/www.gym-karvina.cz\/wp-content\/uploads\/2025\/05\/image-4-24x18.png 24w, https:\/\/www.gym-karvina.cz\/wp-content\/uploads\/2025\/05\/image-4-36x27.png 36w, https:\/\/www.gym-karvina.cz\/wp-content\/uploads\/2025\/05\/image-4-48x36.png 48w\" sizes=\"auto, (max-width: 1321px) 100vw, 1321px\" \/><\/figure>\n<\/figure>\n","protected":false},"excerpt":{"rendered":"<p>Evropsk\u00fd den solidarity mezi generacemi vyhl\u00e1silo jako v\u00fdznamn\u00fd den v roce 2008 slovinsk\u00e9 p\u0159edsednictv\u00ed a Evropsk\u00e1 komise jej t\u00e9ho\u017e roku p\u0159ijala. Tento den m\u00e1 upozornit evropskou spole\u010dnost na nutnost podniknout nejen politick\u00e9 zm\u011bny souvisej\u00edc\u00ed s&#46;&#46;&#46;<\/p>\n","protected":false},"author":8,"featured_media":5008,"comment_status":"closed","ping_status":"closed","sticky":false,"template":"","format":"standard","meta":{"footnotes":""},"categories":[33,42],"tags":[],"class_list":["post-5020","post","type-post","status-publish","format-standard","has-post-thumbnail","hentry","category-homepage","category-skoly-vyslanci-ep"],"_links":{"self":[{"href":"https:\/\/www.gym-karvina.cz\/index.php?rest_route=\/wp\/v2\/posts\/5020","targetHints":{"allow":["GET"]}}],"collection":[{"href":"https:\/\/www.gym-karvina.cz\/index.php?rest_route=\/wp\/v2\/posts"}],"about":[{"href":"https:\/\/www.gym-karvina.cz\/index.php?rest_route=\/wp\/v2\/types\/post"}],"author":[{"embeddable":true,"href":"https:\/\/www.gym-karvina.cz\/index.php?rest_route=\/wp\/v2\/users\/8"}],"replies":[{"embeddable":true,"href":"https:\/\/www.gym-karvina.cz\/index.php?rest_route=%2Fwp%2Fv2%2Fcomments&post=5020"}],"version-history":[{"count":2,"href":"https:\/\/www.gym-karvina.cz\/index.php?rest_route=\/wp\/v2\/posts\/5020\/revisions"}],"predecessor-version":[{"id":5189,"href":"https:\/\/www.gym-karvina.cz\/index.php?rest_route=\/wp\/v2\/posts\/5020\/revisions\/5189"}],"wp:featuredmedia":[{"embeddable":true,"href":"https:\/\/www.gym-karvina.cz\/index.php?rest_route=\/wp\/v2\/media\/5008"}],"wp:attachment":[{"href":"https:\/\/www.gym-karvina.cz\/index.php?rest_route=%2Fwp%2Fv2%2Fmedia&parent=5020"}],"wp:term":[{"taxonomy":"category","embeddable":true,"href":"https:\/\/www.gym-karvina.cz\/index.php?rest_route=%2Fwp%2Fv2%2Fcategories&post=5020"},{"taxonomy":"post_tag","embeddable":true,"href":"https:\/\/www.gym-karvina.cz\/index.php?rest_route=%2Fwp%2Fv2%2Ftags&post=5020"}],"curies":[{"name":"wp","href":"https:\/\/api.w.org\/{rel}","templated":true}]}}