{"id":5025,"date":"2025-05-05T17:58:29","date_gmt":"2025-05-05T15:58:29","guid":{"rendered":"https:\/\/www.gym-karvina.cz\/?p=5025"},"modified":"2025-05-07T21:50:30","modified_gmt":"2025-05-07T19:50:30","slug":"vernisaz-vystavy-lidska-prava","status":"publish","type":"post","link":"https:\/\/www.gym-karvina.cz\/?p=5025","title":{"rendered":"Vernis\u00e1\u017e v\u00fdstavy Lidsk\u00e1 pr\u00e1va"},"content":{"rendered":"\n<p>Dne 24. dubna na\u0161e \u0161kola uspo\u0159\u00e1dala vernis\u00e1\u017e v\u00fdstavy Lidsk\u00e1 pr\u00e1va. K&nbsp;vid\u011bn\u00ed zde byly pr\u00e1ce na\u0161ich \u017e\u00e1k\u016f, kter\u00e9 se v\u011bnovaly t\u00e9matu lidsk\u00fdch pr\u00e1v. V\u00fdstava nab\u00eddla origin\u00e1ln\u00ed pohledy na d\u016fle\u017eit\u00e1 spole\u010densk\u00e1 t\u00e9mata a uk\u00e1zala, \u017ee i mlad\u00ed lid\u00e9 maj\u00ed co \u0159\u00edci k ot\u00e1zk\u00e1m svobody, rovnosti a spravedlnosti.<\/p>\n\n\n\n<p>Lidsk\u00e1 pr\u00e1va tvo\u0159\u00ed z\u00e1kladn\u00ed pil\u00ed\u0159e ka\u017ed\u00e9 demokratick\u00e9 spole\u010dnosti. P\u0159ipom\u00ednat si jejich v\u00fdznam a v\u00e9st o nich otev\u0159en\u00fd dialog je d\u016fle\u017eit\u00e9. Pr\u00e1v\u011b prost\u0159ednictv\u00edm v\u00fdtvarn\u00e9ho um\u011bn\u00ed mohli \u017e\u00e1ci vyj\u00e1d\u0159it sv\u00e9 postoje a p\u0159em\u00fd\u0161let o tom, co pro n\u011b lidsk\u00e1 pr\u00e1va znamenaj\u00ed.<\/p>\n\n\n\n<p>Za veden\u00ed \u017e\u00e1k\u016f p\u0159i tvorb\u011b t\u011bchto obraz\u016f a organizaci v\u00fdstavy d\u011bkujeme na\u0161\u00ed b\u00fdval\u00e9 kolegyni Mgr. Kate\u0159in\u011b Fabi\u00e1nov\u00e9 a Mgr. Barbo\u0159e Pr\u016fdkov\u00e9.<\/p>\n\n\n\n<p class=\"has-text-align-right\"><em>Mgr. Barbora Pr\u016fdkov\u00e1<\/em><\/p>\n\n\n\n<p class=\"has-text-align-center has-medium-font-size\"><a href=\"https:\/\/photos.google.com\/share\/AF1QipMrh0ck3VVQLzJA0KrGAxSlrFMtM6WUxyMpKC7afhIf_eFme1lrafdN5oVJ7eRSgQ?key=M1NTWlFPMnlENWlLSU54cDU2V3o2QU1ycGR1WGd3\"><strong>FOTOGALERIE<\/strong><\/a><\/p>\n","protected":false},"excerpt":{"rendered":"<p>Dne 24. dubna na\u0161e \u0161kola uspo\u0159\u00e1dala vernis\u00e1\u017e v\u00fdstavy Lidsk\u00e1 pr\u00e1va. K&nbsp;vid\u011bn\u00ed zde byly pr\u00e1ce na\u0161ich \u017e\u00e1k\u016f, kter\u00e9 se v\u011bnovaly t\u00e9matu lidsk\u00fdch pr\u00e1v. V\u00fdstava nab\u00eddla origin\u00e1ln\u00ed pohledy na d\u016fle\u017eit\u00e1 spole\u010densk\u00e1 t\u00e9mata a uk\u00e1zala, \u017ee i mlad\u00ed&#46;&#46;&#46;<\/p>\n","protected":false},"author":6,"featured_media":5191,"comment_status":"closed","ping_status":"closed","sticky":false,"template":"","format":"standard","meta":{"footnotes":""},"categories":[33],"tags":[],"class_list":["post-5025","post","type-post","status-publish","format-standard","has-post-thumbnail","hentry","category-homepage"],"_links":{"self":[{"href":"https:\/\/www.gym-karvina.cz\/index.php?rest_route=\/wp\/v2\/posts\/5025","targetHints":{"allow":["GET"]}}],"collection":[{"href":"https:\/\/www.gym-karvina.cz\/index.php?rest_route=\/wp\/v2\/posts"}],"about":[{"href":"https:\/\/www.gym-karvina.cz\/index.php?rest_route=\/wp\/v2\/types\/post"}],"author":[{"embeddable":true,"href":"https:\/\/www.gym-karvina.cz\/index.php?rest_route=\/wp\/v2\/users\/6"}],"replies":[{"embeddable":true,"href":"https:\/\/www.gym-karvina.cz\/index.php?rest_route=%2Fwp%2Fv2%2Fcomments&post=5025"}],"version-history":[{"count":3,"href":"https:\/\/www.gym-karvina.cz\/index.php?rest_route=\/wp\/v2\/posts\/5025\/revisions"}],"predecessor-version":[{"id":5192,"href":"https:\/\/www.gym-karvina.cz\/index.php?rest_route=\/wp\/v2\/posts\/5025\/revisions\/5192"}],"wp:featuredmedia":[{"embeddable":true,"href":"https:\/\/www.gym-karvina.cz\/index.php?rest_route=\/wp\/v2\/media\/5191"}],"wp:attachment":[{"href":"https:\/\/www.gym-karvina.cz\/index.php?rest_route=%2Fwp%2Fv2%2Fmedia&parent=5025"}],"wp:term":[{"taxonomy":"category","embeddable":true,"href":"https:\/\/www.gym-karvina.cz\/index.php?rest_route=%2Fwp%2Fv2%2Fcategories&post=5025"},{"taxonomy":"post_tag","embeddable":true,"href":"https:\/\/www.gym-karvina.cz\/index.php?rest_route=%2Fwp%2Fv2%2Ftags&post=5025"}],"curies":[{"name":"wp","href":"https:\/\/api.w.org\/{rel}","templated":true}]}}