{"id":5027,"date":"2025-05-05T18:09:35","date_gmt":"2025-05-05T16:09:35","guid":{"rendered":"https:\/\/www.gym-karvina.cz\/?p=5027"},"modified":"2025-05-05T21:47:56","modified_gmt":"2025-05-05T19:47:56","slug":"uspech-v-krajskem-kole-fyzikalni-olympiady","status":"publish","type":"post","link":"https:\/\/www.gym-karvina.cz\/?p=5027","title":{"rendered":"\u00dasp\u011bch v\u00a0krajsk\u00e9m kole Fyzik\u00e1ln\u00ed olympi\u00e1dy"},"content":{"rendered":"\n<p>Nejlep\u0161\u00ed \u0159e\u0161itel\u00e9 okresn\u00edch kol Fyzik\u00e1ln\u00ed olympi\u00e1dy kategorie E se ve st\u0159edu 9. dubna 2025 v\u00a0Ostrav\u011b utkali v\u00a0kole krajsk\u00e9m. \u010cekaly je \u010dty\u0159i hodiny, v\u00a0nich\u017e zpracov\u00e1vali \u010dty\u0159i fyzik\u00e1ln\u00ed \u00falohy. Mezi 41 \u0159e\u0161iteli se na skv\u011bl\u00e9 10. p\u0159\u00ed\u010dce um\u00edstil kvart\u00e1n Tom\u00e1\u0161 Vu Minh Duc. Stal se \u00fasp\u011b\u0161n\u00fdm \u0159e\u0161itelem a prok\u00e1zal, \u017ee je nejen v\u00fdborn\u00fdm matematikem, ale tak\u00e9 fyzikem. P\u0159ejeme Tomovi, a\u0165 se mu stejn\u011b dob\u0159e da\u0159\u00ed i na vy\u0161\u0161\u00edm gymn\u00e1ziu.<\/p>\n\n\n\n<p class=\"has-text-align-right\">Za PK fyziky <em>Mgr. Andrea Pieczonkov\u00e1<\/em><\/p>\n\n\n\n<p class=\"has-text-align-center\"><a href=\"https:\/\/www.gym-karvina.cz\/wp-content\/uploads\/2025\/05\/Vysledkova-listina-KK_FO-_E-2025.pdf\">V\u00fdsledkov\u00e1 listina<\/a><\/p>\n\n\n<div class=\"wp-block-image is-style-rounded\">\n<figure class=\"aligncenter size-full is-resized\"><img loading=\"lazy\" decoding=\"async\" width=\"800\" height=\"600\" src=\"https:\/\/www.gym-karvina.cz\/wp-content\/uploads\/2025\/05\/kuk.jpg\" alt=\"\" class=\"wp-image-5030\" style=\"width:581px;height:auto\" srcset=\"https:\/\/www.gym-karvina.cz\/wp-content\/uploads\/2025\/05\/kuk.jpg 800w, https:\/\/www.gym-karvina.cz\/wp-content\/uploads\/2025\/05\/kuk-300x225.jpg 300w, https:\/\/www.gym-karvina.cz\/wp-content\/uploads\/2025\/05\/kuk-768x576.jpg 768w, https:\/\/www.gym-karvina.cz\/wp-content\/uploads\/2025\/05\/kuk-24x18.jpg 24w, https:\/\/www.gym-karvina.cz\/wp-content\/uploads\/2025\/05\/kuk-36x27.jpg 36w, https:\/\/www.gym-karvina.cz\/wp-content\/uploads\/2025\/05\/kuk-48x36.jpg 48w\" sizes=\"auto, (max-width: 800px) 100vw, 800px\" \/><\/figure>\n<\/div>","protected":false},"excerpt":{"rendered":"<p>Nejlep\u0161\u00ed \u0159e\u0161itel\u00e9 okresn\u00edch kol Fyzik\u00e1ln\u00ed olympi\u00e1dy kategorie E se ve st\u0159edu 9. dubna 2025 v\u00a0Ostrav\u011b utkali v\u00a0kole krajsk\u00e9m. \u010cekaly je \u010dty\u0159i hodiny, v\u00a0nich\u017e zpracov\u00e1vali \u010dty\u0159i fyzik\u00e1ln\u00ed \u00falohy. Mezi 41 \u0159e\u0161iteli se na skv\u011bl\u00e9 10. p\u0159\u00ed\u010dce&#46;&#46;&#46;<\/p>\n","protected":false},"author":6,"featured_media":4735,"comment_status":"closed","ping_status":"closed","sticky":false,"template":"","format":"standard","meta":{"footnotes":""},"categories":[33],"tags":[],"class_list":["post-5027","post","type-post","status-publish","format-standard","has-post-thumbnail","hentry","category-homepage"],"_links":{"self":[{"href":"https:\/\/www.gym-karvina.cz\/index.php?rest_route=\/wp\/v2\/posts\/5027","targetHints":{"allow":["GET"]}}],"collection":[{"href":"https:\/\/www.gym-karvina.cz\/index.php?rest_route=\/wp\/v2\/posts"}],"about":[{"href":"https:\/\/www.gym-karvina.cz\/index.php?rest_route=\/wp\/v2\/types\/post"}],"author":[{"embeddable":true,"href":"https:\/\/www.gym-karvina.cz\/index.php?rest_route=\/wp\/v2\/users\/6"}],"replies":[{"embeddable":true,"href":"https:\/\/www.gym-karvina.cz\/index.php?rest_route=%2Fwp%2Fv2%2Fcomments&post=5027"}],"version-history":[{"count":5,"href":"https:\/\/www.gym-karvina.cz\/index.php?rest_route=\/wp\/v2\/posts\/5027\/revisions"}],"predecessor-version":[{"id":5036,"href":"https:\/\/www.gym-karvina.cz\/index.php?rest_route=\/wp\/v2\/posts\/5027\/revisions\/5036"}],"wp:featuredmedia":[{"embeddable":true,"href":"https:\/\/www.gym-karvina.cz\/index.php?rest_route=\/wp\/v2\/media\/4735"}],"wp:attachment":[{"href":"https:\/\/www.gym-karvina.cz\/index.php?rest_route=%2Fwp%2Fv2%2Fmedia&parent=5027"}],"wp:term":[{"taxonomy":"category","embeddable":true,"href":"https:\/\/www.gym-karvina.cz\/index.php?rest_route=%2Fwp%2Fv2%2Fcategories&post=5027"},{"taxonomy":"post_tag","embeddable":true,"href":"https:\/\/www.gym-karvina.cz\/index.php?rest_route=%2Fwp%2Fv2%2Ftags&post=5027"}],"curies":[{"name":"wp","href":"https:\/\/api.w.org\/{rel}","templated":true}]}}