{"id":5197,"date":"2025-05-11T13:22:56","date_gmt":"2025-05-11T11:22:56","guid":{"rendered":"https:\/\/www.gym-karvina.cz\/?p=5197"},"modified":"2025-05-11T17:35:13","modified_gmt":"2025-05-11T15:35:13","slug":"tradicni-fotbalove-utkani","status":"publish","type":"post","link":"https:\/\/www.gym-karvina.cz\/?p=5197","title":{"rendered":"Tradi\u010dn\u00ed fotbalov\u00e9 utk\u00e1n\u00ed"},"content":{"rendered":"\n<p>Ve st\u0159edu 7. kv\u011btna 2025 se uskute\u010dnilo v r\u00e1mci posledn\u00edho zvon\u011bn\u00ed na \u0161koln\u00edm h\u0159i\u0161ti tradi\u010dn\u00ed fotbalov\u00e9 utk\u00e1n\u00ed mezi maturanty a kantory. Letos byli \u00fasp\u011b\u0161n\u011bj\u0161\u00ed maturanti, jejich v\u00edt\u011bzstv\u00ed pom\u011brem <strong>9:5<\/strong> bylo zaslou\u017een\u00e9. <\/p>\n\n\n\n<p class=\"has-text-align-center\">Gratulujeme! <\/p>\n\n\n\n<p class=\"has-text-align-center has-medium-font-size\"><a href=\"https:\/\/photos.app.goo.gl\/Xg9LUkCZ6EkDRzbNA\"><strong>FOTOALBUM<\/strong><\/a><\/p>\n\n\n\n<p class=\"has-text-align-right\"><em>Mgr. Milo\u0161 Ku\u010dera<\/em><\/p>\n\n\n\n<p><\/p>\n","protected":false},"excerpt":{"rendered":"<p>Ve st\u0159edu 7. kv\u011btna 2025 se uskute\u010dnilo v r\u00e1mci posledn\u00edho zvon\u011bn\u00ed na \u0161koln\u00edm h\u0159i\u0161ti tradi\u010dn\u00ed fotbalov\u00e9 utk\u00e1n\u00ed mezi maturanty a kantory. Letos byli \u00fasp\u011b\u0161n\u011bj\u0161\u00ed maturanti, jejich v\u00edt\u011bzstv\u00ed pom\u011brem 9:5 bylo zaslou\u017een\u00e9. Gratulujeme! FOTOALBUM Mgr. Milo\u0161&#46;&#46;&#46;<\/p>\n","protected":false},"author":3,"featured_media":5198,"comment_status":"closed","ping_status":"closed","sticky":false,"template":"","format":"standard","meta":{"footnotes":""},"categories":[33],"tags":[],"class_list":["post-5197","post","type-post","status-publish","format-standard","has-post-thumbnail","hentry","category-homepage"],"_links":{"self":[{"href":"https:\/\/www.gym-karvina.cz\/index.php?rest_route=\/wp\/v2\/posts\/5197","targetHints":{"allow":["GET"]}}],"collection":[{"href":"https:\/\/www.gym-karvina.cz\/index.php?rest_route=\/wp\/v2\/posts"}],"about":[{"href":"https:\/\/www.gym-karvina.cz\/index.php?rest_route=\/wp\/v2\/types\/post"}],"author":[{"embeddable":true,"href":"https:\/\/www.gym-karvina.cz\/index.php?rest_route=\/wp\/v2\/users\/3"}],"replies":[{"embeddable":true,"href":"https:\/\/www.gym-karvina.cz\/index.php?rest_route=%2Fwp%2Fv2%2Fcomments&post=5197"}],"version-history":[{"count":8,"href":"https:\/\/www.gym-karvina.cz\/index.php?rest_route=\/wp\/v2\/posts\/5197\/revisions"}],"predecessor-version":[{"id":5218,"href":"https:\/\/www.gym-karvina.cz\/index.php?rest_route=\/wp\/v2\/posts\/5197\/revisions\/5218"}],"wp:featuredmedia":[{"embeddable":true,"href":"https:\/\/www.gym-karvina.cz\/index.php?rest_route=\/wp\/v2\/media\/5198"}],"wp:attachment":[{"href":"https:\/\/www.gym-karvina.cz\/index.php?rest_route=%2Fwp%2Fv2%2Fmedia&parent=5197"}],"wp:term":[{"taxonomy":"category","embeddable":true,"href":"https:\/\/www.gym-karvina.cz\/index.php?rest_route=%2Fwp%2Fv2%2Fcategories&post=5197"},{"taxonomy":"post_tag","embeddable":true,"href":"https:\/\/www.gym-karvina.cz\/index.php?rest_route=%2Fwp%2Fv2%2Ftags&post=5197"}],"curies":[{"name":"wp","href":"https:\/\/api.w.org\/{rel}","templated":true}]}}