{"id":5255,"date":"2025-05-12T19:18:26","date_gmt":"2025-05-12T17:18:26","guid":{"rendered":"https:\/\/www.gym-karvina.cz\/?p=5255"},"modified":"2025-05-12T19:22:18","modified_gmt":"2025-05-12T17:22:18","slug":"uspech-naseho-zaka-v-krajskem-kole-souteze-soc","status":"publish","type":"post","link":"https:\/\/www.gym-karvina.cz\/?p=5255","title":{"rendered":"\u00dasp\u011bch na\u0161eho \u017e\u00e1ka v\u00a0krajsk\u00e9m kole sout\u011b\u017ee SO\u010c"},"content":{"rendered":"\n<figure class=\"wp-block-image size-full is-resized is-style-default\"><img loading=\"lazy\" decoding=\"async\" width=\"310\" height=\"163\" src=\"https:\/\/www.gym-karvina.cz\/wp-content\/uploads\/2025\/05\/logo-SOC.png\" alt=\"\" class=\"wp-image-5256\" style=\"width:243px;height:auto\" srcset=\"https:\/\/www.gym-karvina.cz\/wp-content\/uploads\/2025\/05\/logo-SOC.png 310w, https:\/\/www.gym-karvina.cz\/wp-content\/uploads\/2025\/05\/logo-SOC-300x158.png 300w, https:\/\/www.gym-karvina.cz\/wp-content\/uploads\/2025\/05\/logo-SOC-24x13.png 24w, https:\/\/www.gym-karvina.cz\/wp-content\/uploads\/2025\/05\/logo-SOC-36x19.png 36w, https:\/\/www.gym-karvina.cz\/wp-content\/uploads\/2025\/05\/logo-SOC-48x25.png 48w\" sizes=\"auto, (max-width: 310px) 100vw, 310px\" \/><\/figure>\n\n\n\n<p>V&nbsp;p\u00e1tek 9. kv\u011btna 2025 se konalo krajsk\u00e9 kolo Sout\u011b\u017ee odborn\u00fdch \u010dinnost\u00ed (SO\u010c), kter\u00e9ho se z\u00fa\u010dastnil i n\u00e1\u0161 \u017e\u00e1k Michal \u0160ev\u010d\u00edk. Ve sv\u00e9 kategorii dos\u00e1hl vynikaj\u00edc\u00edho v\u00fdsledku a obsadil 1. &nbsp;m\u00edsto.<\/p>\n\n\n\n<p>Michal sout\u011b\u017eil s&nbsp;odbornou prac\u00ed na t\u00e9ma \u201eStudie elektrochemick\u00e9ho chov\u00e1n\u00ed fungicidu folpetu a v\u00fdvoj voltametrick\u00e9 metody pro jeho stanoven\u00ed\u201c, kter\u00e1 je v\u00fdsledkem spolupr\u00e1ce s&nbsp;odborn\u00edky z&nbsp;Fakulty chemicko-technologick\u00e9 Pardubick\u00e9 univerzity.<\/p>\n\n\n\n<p>Gratulujeme Michalovi k&nbsp;tomuto skv\u011bl\u00e9mu \u00fasp\u011bchu a p\u0159ejeme hodn\u011b \u0161t\u011bst\u00ed v&nbsp;celost\u00e1tn\u00edm kole sout\u011b\u017ee.<\/p>\n\n\n\n<p class=\"has-text-align-right\"><em>Za PK chemie Petra Brz\u00f3skov\u00e1<\/em><\/p>\n\n\n\n<div class=\"wp-block-columns is-layout-flex wp-container-core-columns-is-layout-9d6595d7 wp-block-columns-is-layout-flex\">\n<div class=\"wp-block-column is-layout-flow wp-block-column-is-layout-flow\" style=\"flex-basis:100%\">\n<figure class=\"wp-block-gallery has-nested-images columns-2 wp-block-gallery-1 is-layout-flex wp-block-gallery-is-layout-flex\">\n<figure class=\"wp-block-image size-large\"><a href=\"https:\/\/www.gym-karvina.cz\/wp-content\/uploads\/2025\/05\/Misa3_h850.jpg\"><img loading=\"lazy\" decoding=\"async\" width=\"601\" height=\"850\" data-id=\"5260\" src=\"https:\/\/www.gym-karvina.cz\/wp-content\/uploads\/2025\/05\/Misa3_h850.jpg\" alt=\"\" class=\"wp-image-5260\" srcset=\"https:\/\/www.gym-karvina.cz\/wp-content\/uploads\/2025\/05\/Misa3_h850.jpg 601w, https:\/\/www.gym-karvina.cz\/wp-content\/uploads\/2025\/05\/Misa3_h850-212x300.jpg 212w, https:\/\/www.gym-karvina.cz\/wp-content\/uploads\/2025\/05\/Misa3_h850-17x24.jpg 17w, https:\/\/www.gym-karvina.cz\/wp-content\/uploads\/2025\/05\/Misa3_h850-25x36.jpg 25w, https:\/\/www.gym-karvina.cz\/wp-content\/uploads\/2025\/05\/Misa3_h850-34x48.jpg 34w\" sizes=\"auto, (max-width: 601px) 100vw, 601px\" \/><\/a><\/figure>\n\n\n\n<figure class=\"wp-block-image size-large\"><a href=\"https:\/\/www.gym-karvina.cz\/wp-content\/uploads\/2025\/05\/Misa2_h850.jpg\"><img loading=\"lazy\" decoding=\"async\" width=\"478\" height=\"850\" data-id=\"5258\" src=\"https:\/\/www.gym-karvina.cz\/wp-content\/uploads\/2025\/05\/Misa2_h850.jpg\" alt=\"\" class=\"wp-image-5258\" srcset=\"https:\/\/www.gym-karvina.cz\/wp-content\/uploads\/2025\/05\/Misa2_h850.jpg 478w, https:\/\/www.gym-karvina.cz\/wp-content\/uploads\/2025\/05\/Misa2_h850-169x300.jpg 169w, https:\/\/www.gym-karvina.cz\/wp-content\/uploads\/2025\/05\/Misa2_h850-13x24.jpg 13w, https:\/\/www.gym-karvina.cz\/wp-content\/uploads\/2025\/05\/Misa2_h850-20x36.jpg 20w, https:\/\/www.gym-karvina.cz\/wp-content\/uploads\/2025\/05\/Misa2_h850-27x48.jpg 27w\" sizes=\"auto, (max-width: 478px) 100vw, 478px\" \/><\/a><\/figure>\n\n\n<div class=\"wp-block-image\">\n<figure class=\"aligncenter size-large is-resized\"><a href=\"https:\/\/www.gym-karvina.cz\/wp-content\/uploads\/2025\/05\/Misa1_w850.jpg\"><img loading=\"lazy\" decoding=\"async\" width=\"850\" height=\"478\" data-id=\"5257\" src=\"https:\/\/www.gym-karvina.cz\/wp-content\/uploads\/2025\/05\/Misa1_w850.jpg\" alt=\"\" class=\"wp-image-5257\" style=\"width:473px;height:auto\" srcset=\"https:\/\/www.gym-karvina.cz\/wp-content\/uploads\/2025\/05\/Misa1_w850.jpg 850w, https:\/\/www.gym-karvina.cz\/wp-content\/uploads\/2025\/05\/Misa1_w850-300x169.jpg 300w, https:\/\/www.gym-karvina.cz\/wp-content\/uploads\/2025\/05\/Misa1_w850-768x432.jpg 768w, https:\/\/www.gym-karvina.cz\/wp-content\/uploads\/2025\/05\/Misa1_w850-24x13.jpg 24w, https:\/\/www.gym-karvina.cz\/wp-content\/uploads\/2025\/05\/Misa1_w850-36x20.jpg 36w, https:\/\/www.gym-karvina.cz\/wp-content\/uploads\/2025\/05\/Misa1_w850-48x27.jpg 48w\" sizes=\"auto, (max-width: 850px) 100vw, 850px\" \/><\/a><\/figure>\n<\/div><\/figure>\n<\/div>\n<\/div>\n\n\n\n<p><\/p>\n","protected":false},"excerpt":{"rendered":"<p>V&nbsp;p\u00e1tek 9. kv\u011btna 2025 se konalo krajsk\u00e9 kolo Sout\u011b\u017ee odborn\u00fdch \u010dinnost\u00ed (SO\u010c), kter\u00e9ho se z\u00fa\u010dastnil i n\u00e1\u0161 \u017e\u00e1k Michal \u0160ev\u010d\u00edk. Ve sv\u00e9 kategorii dos\u00e1hl vynikaj\u00edc\u00edho v\u00fdsledku a obsadil 1. &nbsp;m\u00edsto. Michal sout\u011b\u017eil s&nbsp;odbornou prac\u00ed na&#46;&#46;&#46;<\/p>\n","protected":false},"author":8,"featured_media":5259,"comment_status":"closed","ping_status":"closed","sticky":false,"template":"","format":"standard","meta":{"footnotes":""},"categories":[33],"tags":[],"class_list":["post-5255","post","type-post","status-publish","format-standard","has-post-thumbnail","hentry","category-homepage"],"_links":{"self":[{"href":"https:\/\/www.gym-karvina.cz\/index.php?rest_route=\/wp\/v2\/posts\/5255","targetHints":{"allow":["GET"]}}],"collection":[{"href":"https:\/\/www.gym-karvina.cz\/index.php?rest_route=\/wp\/v2\/posts"}],"about":[{"href":"https:\/\/www.gym-karvina.cz\/index.php?rest_route=\/wp\/v2\/types\/post"}],"author":[{"embeddable":true,"href":"https:\/\/www.gym-karvina.cz\/index.php?rest_route=\/wp\/v2\/users\/8"}],"replies":[{"embeddable":true,"href":"https:\/\/www.gym-karvina.cz\/index.php?rest_route=%2Fwp%2Fv2%2Fcomments&post=5255"}],"version-history":[{"count":8,"href":"https:\/\/www.gym-karvina.cz\/index.php?rest_route=\/wp\/v2\/posts\/5255\/revisions"}],"predecessor-version":[{"id":5272,"href":"https:\/\/www.gym-karvina.cz\/index.php?rest_route=\/wp\/v2\/posts\/5255\/revisions\/5272"}],"wp:featuredmedia":[{"embeddable":true,"href":"https:\/\/www.gym-karvina.cz\/index.php?rest_route=\/wp\/v2\/media\/5259"}],"wp:attachment":[{"href":"https:\/\/www.gym-karvina.cz\/index.php?rest_route=%2Fwp%2Fv2%2Fmedia&parent=5255"}],"wp:term":[{"taxonomy":"category","embeddable":true,"href":"https:\/\/www.gym-karvina.cz\/index.php?rest_route=%2Fwp%2Fv2%2Fcategories&post=5255"},{"taxonomy":"post_tag","embeddable":true,"href":"https:\/\/www.gym-karvina.cz\/index.php?rest_route=%2Fwp%2Fv2%2Ftags&post=5255"}],"curies":[{"name":"wp","href":"https:\/\/api.w.org\/{rel}","templated":true}]}}