{"id":5273,"date":"2025-05-13T16:17:59","date_gmt":"2025-05-13T14:17:59","guid":{"rendered":"https:\/\/www.gym-karvina.cz\/?p=5273"},"modified":"2025-05-13T19:51:04","modified_gmt":"2025-05-13T17:51:04","slug":"spolecenskovedni-exkurze-brno","status":"publish","type":"post","link":"https:\/\/www.gym-karvina.cz\/?p=5273","title":{"rendered":"Spole\u010denskov\u011bdn\u00ed exkurze &#8211; Brno"},"content":{"rendered":"\n<p>Ve dnech 6. a 7. kv\u011btna jsme se my, \u017e\u00e1ci t\u0159et\u00edch ro\u010dn\u00edk\u016f, v r\u00e1mci spole\u010denskov\u011bdn\u00edho semin\u00e1\u0159e z\u00fa\u010dastnili tradi\u010dn\u00ed dvoudenn\u00ed exkurze do Brna.<\/p>\n\n\n\n<p>Po p\u0159\u00edjezdu jsme nejprve nav\u0161t\u00edvili Kancel\u00e1\u0159 ve\u0159ejn\u00e9ho ochr\u00e1nce pr\u00e1v. Dozv\u011bd\u011bli jsme se, jak a kdy n\u00e1m ombudsman a jeho t\u00fdm mohou pomoci a co v\u0161echno jejich pr\u00e1ce obn\u00e1\u0161\u00ed. P\u0159esto\u017ee jsme se osobn\u011b s panem ombudsmanem nesetkali, jeho asistent n\u00e1m zprost\u0159edkoval mnoho zaj\u00edmav\u00fdch informac\u00ed.<br>Dal\u0161\u00ed zast\u00e1vkou byl Nejvy\u0161\u0161\u00ed soud. Monument\u00e1ln\u00ed funkcionalistick\u00e1 budova n\u00e1s ohromila u\u017e na prvn\u00ed pohled. D\u00edky ochot\u011b pan\u00ed tiskov\u00e9 mluv\u010d\u00ed jsme si pro\u0161li interi\u00e9r a nap\u0159\u00edklad si mohli vyzkou\u0161et i pouta justi\u010dn\u00ed str\u00e1\u017ee.<\/p>\n\n\n\n<p>V podve\u010der jsme se vydali do brn\u011bnsk\u00e9ho podzem\u00ed, kde n\u00e1m m\u00edstn\u00ed pr\u016fvodkyn\u011b poutav\u011b p\u0159ibl\u00ed\u017eila d\u011bjiny m\u011bsta.<\/p>\n\n\n\n<p>Druh\u00fd den jsme za\u010dali n\u00e1v\u0161t\u011bvou \u010cesk\u00e9 n\u00e1rodn\u00ed banky. Pr\u016fvodce n\u00e1m s humorem a nad\u0161en\u00edm vysv\u011btlil jej\u00ed v\u00fdznam, pod\u011blil se o zaj\u00edmav\u00e9 p\u0159\u00edb\u011bhy z praxe a p\u0159ipomn\u011bl osobnost Old\u0159icha Kulh\u00e1nka \u2013 autora sou\u010dasn\u00fdch \u010desk\u00fdch bankovek.<\/p>\n\n\n\n<p>Pot\u00e9 n\u00e1sledovala exkurze na Nejvy\u0161\u0161\u00ed spr\u00e1vn\u00ed soud. Dozv\u011bd\u011bli jsme se n\u011bco z historie budovy, sly\u0161eli mnoho p\u0159\u00edpad\u016f ze \u017eivota a vyslechli p\u0159edn\u00e1\u0161ku o v\u00fdznamu spr\u00e1vn\u00edho soudnictv\u00ed.<\/p>\n\n\n\n<p>Exkurze se n\u00e1m velmi l\u00edbila a r\u00e1di bychom v\u0161em pod\u011bkovali. Zvl\u00e1\u0161tn\u00ed pod\u011bkov\u00e1n\u00ed pat\u0159\u00ed pan\u00ed u\u010ditelce Mgr. Monice Brz\u00e9, kter\u00e1 celou akci napl\u00e1novala a zorganizovala.<\/p>\n\n\n\n<p class=\"has-text-align-right\"><em>Mat\u011bj Moj<\/em>, <em>z\u00fa\u010dastn\u011bn\u00fd student<\/em><\/p>\n\n\n\n<p class=\"has-text-align-center has-medium-font-size\"><a href=\"https:\/\/photos.app.goo.gl\/E2SDqFwREVWtoNmV8\" target=\"_blank\" rel=\"noreferrer noopener\">Fotoalbum<\/a><\/p>\n\n\n\n<figure class=\"wp-block-image alignwide size-full is-style-default\"><a href=\"https:\/\/www.gym-karvina.cz\/wp-content\/uploads\/2025\/05\/ExBr_w850-1.jpg\"><img loading=\"lazy\" decoding=\"async\" width=\"850\" height=\"346\" src=\"https:\/\/www.gym-karvina.cz\/wp-content\/uploads\/2025\/05\/ExBr_w850-1.jpg\" alt=\"\" class=\"wp-image-5276\" srcset=\"https:\/\/www.gym-karvina.cz\/wp-content\/uploads\/2025\/05\/ExBr_w850-1.jpg 850w, https:\/\/www.gym-karvina.cz\/wp-content\/uploads\/2025\/05\/ExBr_w850-1-300x122.jpg 300w, https:\/\/www.gym-karvina.cz\/wp-content\/uploads\/2025\/05\/ExBr_w850-1-768x313.jpg 768w, https:\/\/www.gym-karvina.cz\/wp-content\/uploads\/2025\/05\/ExBr_w850-1-24x10.jpg 24w, https:\/\/www.gym-karvina.cz\/wp-content\/uploads\/2025\/05\/ExBr_w850-1-36x15.jpg 36w, https:\/\/www.gym-karvina.cz\/wp-content\/uploads\/2025\/05\/ExBr_w850-1-48x20.jpg 48w\" sizes=\"auto, (max-width: 850px) 100vw, 850px\" \/><\/a><\/figure>\n","protected":false},"excerpt":{"rendered":"<p>Ve dnech 6. a 7. kv\u011btna jsme se my, \u017e\u00e1ci t\u0159et\u00edch ro\u010dn\u00edk\u016f, v r\u00e1mci spole\u010denskov\u011bdn\u00edho semin\u00e1\u0159e z\u00fa\u010dastnili tradi\u010dn\u00ed dvoudenn\u00ed exkurze do Brna. Po p\u0159\u00edjezdu jsme nejprve nav\u0161t\u00edvili Kancel\u00e1\u0159 ve\u0159ejn\u00e9ho ochr\u00e1nce pr\u00e1v. Dozv\u011bd\u011bli jsme se, jak&#46;&#46;&#46;<\/p>\n","protected":false},"author":8,"featured_media":5274,"comment_status":"closed","ping_status":"closed","sticky":false,"template":"","format":"standard","meta":{"footnotes":""},"categories":[33],"tags":[],"class_list":["post-5273","post","type-post","status-publish","format-standard","has-post-thumbnail","hentry","category-homepage"],"_links":{"self":[{"href":"https:\/\/www.gym-karvina.cz\/index.php?rest_route=\/wp\/v2\/posts\/5273","targetHints":{"allow":["GET"]}}],"collection":[{"href":"https:\/\/www.gym-karvina.cz\/index.php?rest_route=\/wp\/v2\/posts"}],"about":[{"href":"https:\/\/www.gym-karvina.cz\/index.php?rest_route=\/wp\/v2\/types\/post"}],"author":[{"embeddable":true,"href":"https:\/\/www.gym-karvina.cz\/index.php?rest_route=\/wp\/v2\/users\/8"}],"replies":[{"embeddable":true,"href":"https:\/\/www.gym-karvina.cz\/index.php?rest_route=%2Fwp%2Fv2%2Fcomments&post=5273"}],"version-history":[{"count":6,"href":"https:\/\/www.gym-karvina.cz\/index.php?rest_route=\/wp\/v2\/posts\/5273\/revisions"}],"predecessor-version":[{"id":5283,"href":"https:\/\/www.gym-karvina.cz\/index.php?rest_route=\/wp\/v2\/posts\/5273\/revisions\/5283"}],"wp:featuredmedia":[{"embeddable":true,"href":"https:\/\/www.gym-karvina.cz\/index.php?rest_route=\/wp\/v2\/media\/5274"}],"wp:attachment":[{"href":"https:\/\/www.gym-karvina.cz\/index.php?rest_route=%2Fwp%2Fv2%2Fmedia&parent=5273"}],"wp:term":[{"taxonomy":"category","embeddable":true,"href":"https:\/\/www.gym-karvina.cz\/index.php?rest_route=%2Fwp%2Fv2%2Fcategories&post=5273"},{"taxonomy":"post_tag","embeddable":true,"href":"https:\/\/www.gym-karvina.cz\/index.php?rest_route=%2Fwp%2Fv2%2Ftags&post=5273"}],"curies":[{"name":"wp","href":"https:\/\/api.w.org\/{rel}","templated":true}]}}