{"id":5338,"date":"2025-05-28T16:40:44","date_gmt":"2025-05-28T14:40:44","guid":{"rendered":"https:\/\/www.gym-karvina.cz\/?p=5338"},"modified":"2025-05-28T16:44:27","modified_gmt":"2025-05-28T14:44:27","slug":"tym-globe-opet-na-badatelske-konferenci","status":"publish","type":"post","link":"https:\/\/www.gym-karvina.cz\/?p=5338","title":{"rendered":"T\u00fdm GLOBE op\u011bt na badatelsk\u00e9 konferenci"},"content":{"rendered":"\n<p>V\u00a0na\u0161em \u0161koln\u00edm krou\u017eku GLOBE se ji\u017e stalo milou tradic\u00ed, \u017ee na konci \u0161koln\u00edho roku odj\u00ed\u017ed\u00ed t\u00fdm mlad\u00fdch badatel\u016f prezentovat v\u00fdsledky sv\u00e9 celoro\u010dn\u00ed pr\u00e1ce na \u017e\u00e1kovskou konferenci. Ta leto\u0161n\u00ed se konala na Z\u0160 \u017didlochovice a n\u00e1\u0161 t\u00fdm GLOBE zde prezentoval dva projekty. Jeden zam\u011b\u0159en\u00fd na obsah CO<sub>2<\/sub> ve t\u0159\u00edd\u011b a druh\u00fd hydrologick\u00fd zam\u011b\u0159en\u00fd na monitoring kvality vody. K\u00a0tradici krou\u017eku tak\u00e9 pat\u0159\u00ed, \u017ee jeden z\u00a0projekt\u016f je v\u00fdsledkem spolupr\u00e1ce na\u0161eho t\u00fdmu se skupinou badatel\u016f ze St\u0159edn\u00ed pr\u016fmyslov\u00e9 \u0161koly Karvin\u00e1. Ani to jsme letos neporu\u0161ili. V\u0161em na\u0161im Gloub\u00e1k\u016fm d\u011bkujeme za sv\u011bdomitou celoro\u010dn\u00ed badatelskou pr\u00e1ci a tak\u00e9 za vzornou reprezentaci na\u0161\u00ed \u0161koly. Sv\u00e9 z\u00e1\u017eitky a zku\u0161enosti z\u00a0konference podrobn\u011bji pop\u00ed\u0161e jedna z\u00a0\u010dlenek na\u0161eho t\u00fdmu.<\/p>\n\n\n\n<blockquote class=\"wp-block-quote is-layout-flow wp-block-quote-is-layout-flow\">\n<p><em>\u201eVe dnech 22. a 23. kv\u011btna jsme s na\u0161\u00edm t\u00fdmem GLOBE vyrazili na badatelskou konferenci v&nbsp;\u017didlochovic\u00edch spole\u010dn\u011b s \u017e\u00e1ky ze St\u0159edn\u00ed pr\u016fmyslov\u00e9 \u0161koly Karvin\u00e1, se nimi\u017e jsme m\u011bli jeden spole\u010dn\u00fd projekt.<\/em><\/p>\n\n\n\n<p><em>Letos se na konferenci sjely t\u00fdmy i ze Slovenska, Ukrajiny, Srbska nebo dokonce z Irska. Dohromady se akce z\u00fa\u010dastnilo zhruba 300 \u017e\u00e1k\u016f, kte\u0159\u00ed s n\u00e1mi p\u0159ijeli sd\u00edlet sv\u00e9 badatelsk\u00e9 aktivity. N\u00e1\u0161 t\u00fdm vystoupil se dv\u011bma projekty \u2013 Jak spr\u00e1vn\u011b v\u011btrat a Porovn\u00e1n\u00ed vlastnosti \u0159eky a potoka.<\/em><\/p>\n\n\n\n<p><em>Po p\u0159\u00edjezdu jsme si odlo\u017eili v\u011bci ve sportovn\u00edm are\u00e1lu Sokol a n\u00e1sledn\u011b vyrazili k budov\u011b Z\u0160 \u017didlochovice, kde zapo\u010dal dopoledn\u00ed program. \u010cekalo n\u00e1s prvn\u00ed kolo prezentac\u00ed, kde n\u00e1s nap\u0159\u00edklad zaujal projekt M\u0148am m\u0148am m\u0148am odpadky.<\/em><\/p>\n\n\n\n<p><em>Po ob\u011bd\u011b prob\u011bhlo druh\u00e9 kolo prezentac\u00ed a hned pot\u00e9 i tr\u017ei\u0161t\u011b projekt\u016f a aktivit. Mohli jsme si t\u0159eba vyzkou\u0161et pozn\u00e1va\u010dku bylin, dozv\u011bd\u011bli jsme se, jak rozpoznat mikroplasty pod mikroskopem a zaujaly n\u00e1s tak\u00e9 r\u016fzn\u00e9 experimenty s vodou.&nbsp;N\u00e1sledoval ve\u010dern\u00ed program, kde jsme dostali na v\u00fdb\u011br z r\u016fzn\u00fdch aktivit. My jsme si nap\u0159\u00edklad vybrali hran\u00ed divadla pantomimou. Ale hr\u00e1la se i vyb\u00edjen\u00e1, prob\u00edhalo sledov\u00e1n\u00ed filmu nebo jsme se mohli v\u011bnovat jin\u00fdm kreativn\u00edm \u010dinnostem.<\/em><\/p>\n\n\n\n<p><em>Druh\u00fd den byl ozvl\u00e1\u0161tn\u011bn workshopy, kter\u00e9 jsme si ji\u017e p\u0159edem vybrali. V r\u00e1mci nich jsme mohli d\u011blat n\u011bkolik aktivit na t\u00e9mata t\u00fdkaj\u00edc\u00ed se p\u0159\u00edrody a v pr\u016fb\u011bhu se i n\u011bco nov\u00e9ho dozv\u011bd\u011bt. V nab\u00eddce byl t\u0159eba Pekeln\u00fd rok, Biodiverzita hmyzu nebo Mikroplasty.<\/em><\/p>\n\n\n\n<p><em>Cel\u00e1 akce se n\u00e1m nesm\u00edrn\u011b l\u00edbila, dozv\u011bd\u011bli jsme se spoustu nov\u00fdch informac\u00ed a vyzkou\u0161eli si nov\u00e9 v\u011bci. Pod\u011bkov\u00e1n\u00ed pat\u0159\u00ed p\u0159edev\u0161\u00edm panu u\u010diteli Martinu Brz\u00f3skovi za ve\u0161kerou p\u0159\u00edpravu a pomoc p\u0159i projektech a&nbsp; tak\u00e9 panu Mari\u00e1nu Divi\u0161ovi ze St\u0159edn\u00ed pr\u016fmyslov\u00e9 \u0161koly Karvin\u00e1, kter\u00fd s n\u00e1mi na konferenci jel.\u201c<\/em><\/p>\n<\/blockquote>\n\n\n\n<p class=\"has-text-align-right\"><em>Ema Wawrzosov\u00e1, \u017e\u00e1kyn\u011b 5.X<\/em><\/p>\n\n\n\n<figure class=\"wp-block-gallery has-nested-images columns-2 wp-block-gallery-1 is-layout-flex wp-block-gallery-is-layout-flex\">\n<figure class=\"wp-block-image size-large\"><a href=\"https:\/\/www.gym-karvina.cz\/wp-content\/uploads\/2025\/05\/Globe1_w1200-1.jpg\"><img loading=\"lazy\" decoding=\"async\" width=\"1024\" height=\"770\" data-id=\"5343\" src=\"https:\/\/www.gym-karvina.cz\/wp-content\/uploads\/2025\/05\/Globe1_w1200-1-1024x770.jpg\" alt=\"\" class=\"wp-image-5343\" srcset=\"https:\/\/www.gym-karvina.cz\/wp-content\/uploads\/2025\/05\/Globe1_w1200-1-1024x770.jpg 1024w, https:\/\/www.gym-karvina.cz\/wp-content\/uploads\/2025\/05\/Globe1_w1200-1-300x226.jpg 300w, https:\/\/www.gym-karvina.cz\/wp-content\/uploads\/2025\/05\/Globe1_w1200-1-768x577.jpg 768w, https:\/\/www.gym-karvina.cz\/wp-content\/uploads\/2025\/05\/Globe1_w1200-1-24x18.jpg 24w, https:\/\/www.gym-karvina.cz\/wp-content\/uploads\/2025\/05\/Globe1_w1200-1-36x27.jpg 36w, https:\/\/www.gym-karvina.cz\/wp-content\/uploads\/2025\/05\/Globe1_w1200-1-48x36.jpg 48w, https:\/\/www.gym-karvina.cz\/wp-content\/uploads\/2025\/05\/Globe1_w1200-1.jpg 1200w\" sizes=\"auto, (max-width: 1024px) 100vw, 1024px\" \/><\/a><\/figure>\n\n\n\n<figure class=\"wp-block-image size-large\"><a href=\"https:\/\/www.gym-karvina.cz\/wp-content\/uploads\/2025\/05\/Globe2_w1200-1.jpg\"><img loading=\"lazy\" decoding=\"async\" width=\"1024\" height=\"768\" data-id=\"5344\" src=\"https:\/\/www.gym-karvina.cz\/wp-content\/uploads\/2025\/05\/Globe2_w1200-1-1024x768.jpg\" alt=\"\" class=\"wp-image-5344\" srcset=\"https:\/\/www.gym-karvina.cz\/wp-content\/uploads\/2025\/05\/Globe2_w1200-1-1024x768.jpg 1024w, https:\/\/www.gym-karvina.cz\/wp-content\/uploads\/2025\/05\/Globe2_w1200-1-300x225.jpg 300w, https:\/\/www.gym-karvina.cz\/wp-content\/uploads\/2025\/05\/Globe2_w1200-1-768x576.jpg 768w, https:\/\/www.gym-karvina.cz\/wp-content\/uploads\/2025\/05\/Globe2_w1200-1-24x18.jpg 24w, https:\/\/www.gym-karvina.cz\/wp-content\/uploads\/2025\/05\/Globe2_w1200-1-36x27.jpg 36w, https:\/\/www.gym-karvina.cz\/wp-content\/uploads\/2025\/05\/Globe2_w1200-1-48x36.jpg 48w, https:\/\/www.gym-karvina.cz\/wp-content\/uploads\/2025\/05\/Globe2_w1200-1.jpg 1200w\" sizes=\"auto, (max-width: 1024px) 100vw, 1024px\" \/><\/a><\/figure>\n<\/figure>\n\n\n\n<p>  <br>  <\/p>\n\n\n<div class=\"wp-block-image\">\n<figure class=\"aligncenter size-large is-resized\"><a href=\"https:\/\/www.gym-karvina.cz\/wp-content\/uploads\/2025\/05\/Globe3_h1200.jpg\"><img loading=\"lazy\" decoding=\"async\" width=\"768\" height=\"1024\" src=\"https:\/\/www.gym-karvina.cz\/wp-content\/uploads\/2025\/05\/Globe3_h1200-768x1024.jpg\" alt=\"\" class=\"wp-image-5342\" style=\"width:514px;height:auto\" srcset=\"https:\/\/www.gym-karvina.cz\/wp-content\/uploads\/2025\/05\/Globe3_h1200-768x1024.jpg 768w, https:\/\/www.gym-karvina.cz\/wp-content\/uploads\/2025\/05\/Globe3_h1200-225x300.jpg 225w, https:\/\/www.gym-karvina.cz\/wp-content\/uploads\/2025\/05\/Globe3_h1200-18x24.jpg 18w, https:\/\/www.gym-karvina.cz\/wp-content\/uploads\/2025\/05\/Globe3_h1200-27x36.jpg 27w, https:\/\/www.gym-karvina.cz\/wp-content\/uploads\/2025\/05\/Globe3_h1200-36x48.jpg 36w, https:\/\/www.gym-karvina.cz\/wp-content\/uploads\/2025\/05\/Globe3_h1200.jpg 900w\" sizes=\"auto, (max-width: 768px) 100vw, 768px\" \/><\/a><\/figure>\n<\/div>","protected":false},"excerpt":{"rendered":"<p>V\u00a0na\u0161em \u0161koln\u00edm krou\u017eku GLOBE se ji\u017e stalo milou tradic\u00ed, \u017ee na konci \u0161koln\u00edho roku odj\u00ed\u017ed\u00ed t\u00fdm mlad\u00fdch badatel\u016f prezentovat v\u00fdsledky sv\u00e9 celoro\u010dn\u00ed pr\u00e1ce na \u017e\u00e1kovskou konferenci. Ta leto\u0161n\u00ed se konala na Z\u0160 \u017didlochovice a n\u00e1\u0161&#46;&#46;&#46;<\/p>\n","protected":false},"author":8,"featured_media":5341,"comment_status":"closed","ping_status":"closed","sticky":false,"template":"","format":"standard","meta":{"footnotes":""},"categories":[33],"tags":[],"class_list":["post-5338","post","type-post","status-publish","format-standard","has-post-thumbnail","hentry","category-homepage"],"_links":{"self":[{"href":"https:\/\/www.gym-karvina.cz\/index.php?rest_route=\/wp\/v2\/posts\/5338","targetHints":{"allow":["GET"]}}],"collection":[{"href":"https:\/\/www.gym-karvina.cz\/index.php?rest_route=\/wp\/v2\/posts"}],"about":[{"href":"https:\/\/www.gym-karvina.cz\/index.php?rest_route=\/wp\/v2\/types\/post"}],"author":[{"embeddable":true,"href":"https:\/\/www.gym-karvina.cz\/index.php?rest_route=\/wp\/v2\/users\/8"}],"replies":[{"embeddable":true,"href":"https:\/\/www.gym-karvina.cz\/index.php?rest_route=%2Fwp%2Fv2%2Fcomments&post=5338"}],"version-history":[{"count":4,"href":"https:\/\/www.gym-karvina.cz\/index.php?rest_route=\/wp\/v2\/posts\/5338\/revisions"}],"predecessor-version":[{"id":5350,"href":"https:\/\/www.gym-karvina.cz\/index.php?rest_route=\/wp\/v2\/posts\/5338\/revisions\/5350"}],"wp:featuredmedia":[{"embeddable":true,"href":"https:\/\/www.gym-karvina.cz\/index.php?rest_route=\/wp\/v2\/media\/5341"}],"wp:attachment":[{"href":"https:\/\/www.gym-karvina.cz\/index.php?rest_route=%2Fwp%2Fv2%2Fmedia&parent=5338"}],"wp:term":[{"taxonomy":"category","embeddable":true,"href":"https:\/\/www.gym-karvina.cz\/index.php?rest_route=%2Fwp%2Fv2%2Fcategories&post=5338"},{"taxonomy":"post_tag","embeddable":true,"href":"https:\/\/www.gym-karvina.cz\/index.php?rest_route=%2Fwp%2Fv2%2Ftags&post=5338"}],"curies":[{"name":"wp","href":"https:\/\/api.w.org\/{rel}","templated":true}]}}