{"id":5352,"date":"2025-05-30T14:15:12","date_gmt":"2025-05-30T12:15:12","guid":{"rendered":"https:\/\/www.gym-karvina.cz\/?p=5352"},"modified":"2025-05-30T14:15:12","modified_gmt":"2025-05-30T12:15:12","slug":"cesta-ke-zlatu","status":"publish","type":"post","link":"https:\/\/www.gym-karvina.cz\/?p=5352","title":{"rendered":"CESTA KE ZLATU"},"content":{"rendered":"\n<p><strong>Florbalist\u00e9 Gymn\u00e1zia Karvin\u00e1 jsou mistry \u010cesk\u00e9 republiky st\u0159edn\u00edch \u0161kol<\/strong><\/p>\n\n\n\n<p>Okresn\u00ed kolo \u2013 \u010cesk\u00fd T\u011b\u0161\u00edn&nbsp;<\/p>\n\n\n\n<p>Dne 9. 4. jsme odehr\u00e1li okresn\u00ed kolo ve florbale, kter\u00e9 hostil \u010cesk\u00fd T\u011b\u0161\u00edn. V\u0161echny t\u0159i z\u00e1pasy jsme vyhr\u00e1li. Posledn\u00ed z\u00e1pas s t\u011b\u0161\u00ednsk\u00fdm gymn\u00e1ziem n\u00e1s sice st\u00e1l hodn\u011b sil, ale nakonec jsme ho zvl\u00e1dli a postoupili do krajsk\u00e9ho kola.<\/p>\n\n\n\n<p>Krajsk\u00e9 kolo \u2013 Paskov<\/p>\n\n\n\n<p>Dne 28. 4. jsme vyhr\u00e1li krajsk\u00e9 kolo ve florbale, kter\u00e9 hostil Paskov. N\u00e1\u0161 t\u00fdm, dopln\u011bn\u00fd o n\u011bkolik posil, porazil v\u0161echny \u010dty\u0159i soupe\u0159e a postoupil tak do kvalifikace na republikov\u00e9 fin\u00e1le. Toto kolo mi p\u0159i\u0161lo jako v\u016fbec nejleh\u010d\u00ed ze v\u0161ech a v klidu jsme ho zvl\u00e1dli.<\/p>\n\n\n\n<p>Kvalifikace na republikov\u00e9 fin\u00e1le \u2013 Uhersk\u00fd Brod\u00a0\/ <a href=\"https:\/\/photos.app.goo.gl\/5QpcLVEi8nJ7YQBy8\" target=\"_blank\" rel=\"noreferrer noopener\">FOTOgalerie<\/a><\/p>\n\n\n\n<p>7. 5. jsme odehr\u00e1li kvalifikaci na \u201erepubliku\u201c proti Vset\u00ednu. V dvojz\u00e1pase jsme nakonec zv\u00edt\u011bzili a slavili postup. Za m\u011b to byl asi v\u016fbec nejt\u011b\u017e\u0161\u00ed soupe\u0159 v&nbsp;pr\u016fb\u011bhu cel\u00e9 na\u0161\u00ed cesty. Nesed\u011bl n\u00e1m jejich hern\u00ed styl a nev\u011bd\u011bli jsme, jak je \u00fa\u010dinn\u011b br\u00e1nit. Svou roli hr\u00e1ly tak\u00e9 emoce, a to zejm\u00e9na v prvn\u00edm z\u00e1pase, jen\u017e byl nakonec t\u00edm jedin\u00fdm, kter\u00fd jsme za celou dobu nevyhr\u00e1li a skon\u010dil rem\u00edzou.<\/p>\n\n\n\n<p>Republikov\u00e9 fin\u00e1le \u2013 Brno \/ <a href=\"https:\/\/photos.app.goo.gl\/MsRLrkRF63tPV2r67\" target=\"_blank\" rel=\"noreferrer noopener\">FOTOgalerie<\/a><\/p>\n\n\n\n<p>Ve dnech 15. a 16. 5. jsme hr\u00e1li republikov\u00e9 fin\u00e1le v Brn\u011b. Byl to velk\u00fd sportovn\u00ed z\u00e1\u017eitek spojen\u00fd s&nbsp;ve\u010dern\u00ed prohl\u00eddkou m\u011bsta. 6 t\u00fdm\u016f bylo rozd\u011bleno do dvou skupin po t\u0159ech, p\u0159i\u010dem\u017e prvn\u00ed s druh\u00fdm n\u00e1sledn\u011b postoupili do semifin\u00e1le, kter\u00e9 se hr\u00e1lo vy\u0159azovac\u00edm zp\u016fsobem.<\/p>\n\n\n\n<p>M\u011bli jsme v\u00fdhodu, \u017ee jsme se mohli pod\u00edvat na prvn\u00ed z\u00e1pas, kter\u00fd n\u00e1s jen utvrdil v tom, \u017ee to nebude proch\u00e1zka r\u016f\u017eov\u00fdm sadem. Dom\u00e1c\u00ed Brno vyhr\u00e1lo s Hradcem Kr\u00e1lov\u00e9 8:1 a my hr\u00e1li s Brnem dal\u0161\u00ed z\u00e1pas. N\u00e1\u0161 t\u00fdm byl nav\u00edc oproti kvalifikaci v&nbsp;Uhersk\u00e9m Brod\u011b zna\u010dn\u011b oslaben\u00fd. Nakonec jsme dom\u00e1c\u00ed t\u00fdm porazili jasn\u011b 4:0. Dal\u0161\u00ed z\u00e1pas s Hradcem jsme tak\u00e9 vyhr\u00e1li a postoupili tak do semifin\u00e1le z prvn\u00edho m\u00edsta. Z\u00e1pas se hr\u00e1l druh\u00fd den a na\u0161eho soupe\u0159e, Pardubice, jsme v&nbsp;n\u011bm porazili 7:2. a postoupili tak do fin\u00e1le! Stihli jsme se pod\u00edvat tak\u00e9 na n\u00e1jezdy v druh\u00e9m semifin\u00e1le mezi Brnem a Jind\u0159ichov\u00fdm Hradcem. Po n\u00e1jezdech vyhr\u00e1lo Brno a bylo jasn\u00e9, \u017ee fin\u00e1le bude odvetou z\u00e1pasu ze skupiny.<\/p>\n\n\n\n<p>Do rozhoduj\u00edc\u00edho z\u00e1pasu jsme vstoupili skv\u011ble a v p\u016flce utk\u00e1n\u00ed vedli ji\u017e 3:0. Pot\u00e9 n\u00e1m ale za\u010dala doch\u00e1zet \u201e\u0161\u0165\u00e1va\u201c, proto\u017ee zat\u00edmco ostatn\u00ed t\u00fdmy hr\u00e1li zhruba na 12 hr\u00e1\u010d\u016f, my jich m\u011bli k dispozici jen 8 a v posledn\u00edm z\u00e1pase to bylo zn\u00e1t. Brno b\u011bhem chvilky srovnalo na 3:3 a mohlo se za\u010d\u00edt od za\u010d\u00e1tku. Nav\u00edc se projevila podpora dom\u00e1c\u00edch na tribun\u011b a v ten moment n\u00e1m p\u0159\u00edjemn\u011b nebylo.<\/p>\n\n\n\n<p>Pot\u00e9 jsme ale na\u0161t\u011bst\u00ed dali g\u00f3l na 4:3 a do pr\u00e1zdn\u00e9 branky n\u00e1sledn\u011b p\u0159idali pojistku na 5:3. Brno je\u0161t\u011b stihlo sn\u00ed\u017eit 6 sekund p\u0159ed koncem, to u\u017e ale na kone\u010dn\u00e9m v\u00fdsledku nic nezm\u011bnilo. Vyhr\u00e1li jsme republikov\u00e9 fin\u00e1le!<\/p>\n\n\n\n<p>Byl to opravdu velk\u00fd z\u00e1\u017eitek a mysl\u00edm si, \u017ee ka\u017ed\u00fd z&nbsp;n\u00e1s si jej bude pamatovat. Hlavn\u011b proto, \u017ee ta na\u0161e cesta \u201ez&nbsp;Karvin\u00e9 do Brna\u201c byla krom\u011b d\u0159iny tak\u00e9 velk\u00e1 legrace. Pot\u00e9 jsme triumf je\u0161t\u011b \u0159\u00e1dn\u011b oslavili a m\u016f\u017eeme sm\u011ble konstatovat, \u017ee st\u00e1le \u010dek\u00e1me na sv\u00e9ho p\u0159emo\u017eitele.<\/p>\n\n\n\n<p>Bruno Barno\u0161\u00e1k\u00a0 Gymn\u00e1zium reprezentovali: Ale\u0161 Tiahnibok, Luk\u00e1\u0161 Gola, Samuel Strako\u0161, Jind\u0159ich Such\u00e1r, Tobi\u00e1\u0161 Barczok, Daniel Kantor, \u0160imon Jand\u00e1k, Bruno Barno\u0161\u00e1k, Old\u0159ich Han\u00e1k, B\u0159etislav Han\u00e1k, Tobi\u00e1\u0161 Szturc, Tom\u00e1\u0161 Kubicius, Tom\u00e1\u0161 Hansel, Michal Kristen a Eli\u0161ka Kostkov\u00e1<\/p>\n","protected":false},"excerpt":{"rendered":"<p>Florbalist\u00e9 Gymn\u00e1zia Karvin\u00e1 jsou mistry \u010cesk\u00e9 republiky st\u0159edn\u00edch \u0161kol Okresn\u00ed kolo \u2013 \u010cesk\u00fd T\u011b\u0161\u00edn&nbsp; Dne 9. 4. jsme odehr\u00e1li okresn\u00ed kolo ve florbale, kter\u00e9 hostil \u010cesk\u00fd T\u011b\u0161\u00edn. V\u0161echny t\u0159i z\u00e1pasy jsme vyhr\u00e1li. Posledn\u00ed z\u00e1pas s&#46;&#46;&#46;<\/p>\n","protected":false},"author":3,"featured_media":5353,"comment_status":"closed","ping_status":"closed","sticky":false,"template":"","format":"standard","meta":{"footnotes":""},"categories":[33],"tags":[],"class_list":["post-5352","post","type-post","status-publish","format-standard","has-post-thumbnail","hentry","category-homepage"],"_links":{"self":[{"href":"https:\/\/www.gym-karvina.cz\/index.php?rest_route=\/wp\/v2\/posts\/5352","targetHints":{"allow":["GET"]}}],"collection":[{"href":"https:\/\/www.gym-karvina.cz\/index.php?rest_route=\/wp\/v2\/posts"}],"about":[{"href":"https:\/\/www.gym-karvina.cz\/index.php?rest_route=\/wp\/v2\/types\/post"}],"author":[{"embeddable":true,"href":"https:\/\/www.gym-karvina.cz\/index.php?rest_route=\/wp\/v2\/users\/3"}],"replies":[{"embeddable":true,"href":"https:\/\/www.gym-karvina.cz\/index.php?rest_route=%2Fwp%2Fv2%2Fcomments&post=5352"}],"version-history":[{"count":1,"href":"https:\/\/www.gym-karvina.cz\/index.php?rest_route=\/wp\/v2\/posts\/5352\/revisions"}],"predecessor-version":[{"id":5354,"href":"https:\/\/www.gym-karvina.cz\/index.php?rest_route=\/wp\/v2\/posts\/5352\/revisions\/5354"}],"wp:featuredmedia":[{"embeddable":true,"href":"https:\/\/www.gym-karvina.cz\/index.php?rest_route=\/wp\/v2\/media\/5353"}],"wp:attachment":[{"href":"https:\/\/www.gym-karvina.cz\/index.php?rest_route=%2Fwp%2Fv2%2Fmedia&parent=5352"}],"wp:term":[{"taxonomy":"category","embeddable":true,"href":"https:\/\/www.gym-karvina.cz\/index.php?rest_route=%2Fwp%2Fv2%2Fcategories&post=5352"},{"taxonomy":"post_tag","embeddable":true,"href":"https:\/\/www.gym-karvina.cz\/index.php?rest_route=%2Fwp%2Fv2%2Ftags&post=5352"}],"curies":[{"name":"wp","href":"https:\/\/api.w.org\/{rel}","templated":true}]}}