{"id":5366,"date":"2025-06-02T22:41:58","date_gmt":"2025-06-02T20:41:58","guid":{"rendered":"https:\/\/www.gym-karvina.cz\/?p=5366"},"modified":"2025-06-02T22:43:01","modified_gmt":"2025-06-02T20:43:01","slug":"pozvanka-na-koncert-skolni-kapely","status":"publish","type":"post","link":"https:\/\/www.gym-karvina.cz\/?p=5366","title":{"rendered":"Pozv\u00e1nka na koncert \u0161koln\u00ed kapely"},"content":{"rendered":"\n<p class=\"has-text-align-left\">Zdrav\u00edme v\u0161echny!<br>Moc r\u00e1dy bychom v\u00e1s v\u0161echny pozvaly na n\u00e1\u0161 koncert, kter\u00fd se uskute\u010dn\u00ed 5. 6. 2025 v 16:30 v u\u010debn\u011b hudebn\u00ed v\u00fdchovy na na\u0161em gymplu.<br><br>A kdo jsme? Jsme \u0161koln\u00ed kapela SMP-16 (b\u00fdval\u00e1 kapela V rukavi\u010dk\u00e1ch) a spole\u010dn\u011b hrajeme u\u017e skoro dva roky. Za sebou m\u00e1me u\u017e p\u00e1r men\u0161\u00edch koncert\u016f a n\u011bkolik p\u00edsni\u010dek, kter\u00e9 bychom pro v\u00e1s r\u00e1dy zahr\u00e1ly a obohatily t\u00edm va\u0161e odpoledne.<br><br>Budeme moc r\u00e1dy, kdy\u017e p\u0159ijdete a podpo\u0159\u00edte n\u00e1s. Krom\u011b samotn\u00e9ho koncertu bude pro v\u00e1s p\u0159ipraveno i men\u0161\u00ed ob\u010derstven\u00ed. Ale pozor \u2013 vstup je omezen\u00fd! Nev\u00e1hejte a zajist\u011bte si svou vstupenku co nejd\u0159\u00edv. Sta\u010d\u00ed zaj\u00edt bu\u010f za Toly ze 7.X, anebo za Val\u010dou, Market nebo Terez z 3.B.<br><br>Budeme se na v\u00e1s moc t\u011b\u0161it!<\/p>\n\n\n\n<p class=\"has-text-align-right\"><br><em>S l\u00e1skou kapela SMP-16 \ud83d\ude42<\/em><\/p>\n\n\n\n<figure class=\"wp-block-image size-large\"><img loading=\"lazy\" decoding=\"async\" width=\"723\" height=\"1024\" src=\"https:\/\/www.gym-karvina.cz\/wp-content\/uploads\/2025\/06\/obrazek_2025-06-02_224102890-723x1024.png\" alt=\"\" class=\"wp-image-5369\" srcset=\"https:\/\/www.gym-karvina.cz\/wp-content\/uploads\/2025\/06\/obrazek_2025-06-02_224102890-723x1024.png 723w, https:\/\/www.gym-karvina.cz\/wp-content\/uploads\/2025\/06\/obrazek_2025-06-02_224102890-212x300.png 212w, https:\/\/www.gym-karvina.cz\/wp-content\/uploads\/2025\/06\/obrazek_2025-06-02_224102890-768x1088.png 768w, https:\/\/www.gym-karvina.cz\/wp-content\/uploads\/2025\/06\/obrazek_2025-06-02_224102890-17x24.png 17w, https:\/\/www.gym-karvina.cz\/wp-content\/uploads\/2025\/06\/obrazek_2025-06-02_224102890-25x36.png 25w, https:\/\/www.gym-karvina.cz\/wp-content\/uploads\/2025\/06\/obrazek_2025-06-02_224102890-34x48.png 34w, https:\/\/www.gym-karvina.cz\/wp-content\/uploads\/2025\/06\/obrazek_2025-06-02_224102890.png 790w\" sizes=\"auto, (max-width: 723px) 100vw, 723px\" \/><\/figure>\n","protected":false},"excerpt":{"rendered":"<p>Zdrav\u00edme v\u0161echny!Moc r\u00e1dy bychom v\u00e1s v\u0161echny pozvaly na n\u00e1\u0161 koncert, kter\u00fd se uskute\u010dn\u00ed 5. 6. 2025 v 16:30 v u\u010debn\u011b hudebn\u00ed v\u00fdchovy na na\u0161em gymplu. A kdo jsme? Jsme \u0161koln\u00ed kapela SMP-16 (b\u00fdval\u00e1 kapela V&#46;&#46;&#46;<\/p>\n","protected":false},"author":6,"featured_media":5365,"comment_status":"closed","ping_status":"closed","sticky":false,"template":"","format":"standard","meta":{"footnotes":""},"categories":[33],"tags":[],"class_list":["post-5366","post","type-post","status-publish","format-standard","has-post-thumbnail","hentry","category-homepage"],"_links":{"self":[{"href":"https:\/\/www.gym-karvina.cz\/index.php?rest_route=\/wp\/v2\/posts\/5366","targetHints":{"allow":["GET"]}}],"collection":[{"href":"https:\/\/www.gym-karvina.cz\/index.php?rest_route=\/wp\/v2\/posts"}],"about":[{"href":"https:\/\/www.gym-karvina.cz\/index.php?rest_route=\/wp\/v2\/types\/post"}],"author":[{"embeddable":true,"href":"https:\/\/www.gym-karvina.cz\/index.php?rest_route=\/wp\/v2\/users\/6"}],"replies":[{"embeddable":true,"href":"https:\/\/www.gym-karvina.cz\/index.php?rest_route=%2Fwp%2Fv2%2Fcomments&post=5366"}],"version-history":[{"count":3,"href":"https:\/\/www.gym-karvina.cz\/index.php?rest_route=\/wp\/v2\/posts\/5366\/revisions"}],"predecessor-version":[{"id":5371,"href":"https:\/\/www.gym-karvina.cz\/index.php?rest_route=\/wp\/v2\/posts\/5366\/revisions\/5371"}],"wp:featuredmedia":[{"embeddable":true,"href":"https:\/\/www.gym-karvina.cz\/index.php?rest_route=\/wp\/v2\/media\/5365"}],"wp:attachment":[{"href":"https:\/\/www.gym-karvina.cz\/index.php?rest_route=%2Fwp%2Fv2%2Fmedia&parent=5366"}],"wp:term":[{"taxonomy":"category","embeddable":true,"href":"https:\/\/www.gym-karvina.cz\/index.php?rest_route=%2Fwp%2Fv2%2Fcategories&post=5366"},{"taxonomy":"post_tag","embeddable":true,"href":"https:\/\/www.gym-karvina.cz\/index.php?rest_route=%2Fwp%2Fv2%2Ftags&post=5366"}],"curies":[{"name":"wp","href":"https:\/\/api.w.org\/{rel}","templated":true}]}}