{"id":5426,"date":"2025-06-12T16:28:36","date_gmt":"2025-06-12T14:28:36","guid":{"rendered":"https:\/\/www.gym-karvina.cz\/?p=5426"},"modified":"2025-06-12T16:28:36","modified_gmt":"2025-06-12T14:28:36","slug":"nasi-vyslanci-ziskali-cestu-do-strasburku","status":"publish","type":"post","link":"https:\/\/www.gym-karvina.cz\/?p=5426","title":{"rendered":"Na\u0161i vyslanci z\u00edskali cestu do \u0160trasburku!"},"content":{"rendered":"\n<p>Dne 6. 6. 2025 jsme se v&nbsp;Praze z\u00fa\u010dastnili z\u00e1v\u011bre\u010dn\u00e9 ceremonie a vyhl\u00e1\u0161en\u00ed v\u00edt\u011bz\u016f projektu \u201e\u0160koly \u2013 vyslanci Evropsk\u00e9ho parlamentu\u201c. Vyslanci na\u0161\u00ed \u0161koly si p\u0159ijeli pro kr\u00e1sn\u00e9 druh\u00e9 m\u00edsto. Programu, jeho\u017e c\u00edlem je \u0161\u00ed\u0159it pov\u011bdom\u00ed o Evropsk\u00e9 unii a evropsk\u00e9 parlamentn\u00ed demokracii mezi mlad\u00fdmi lidmi prost\u0159ednictv\u00edm poskytov\u00e1n\u00ed aktu\u00e1ln\u00edch a praktick\u00fdch v\u011bdomost\u00ed, se \u017e\u00e1ci aktivn\u011b \u00fa\u010dastnili od prosince 2024 do kv\u011btna 2025. Jejich \u00fakolem bylo v&nbsp;pravideln\u00fdch m\u011bs\u00ed\u010dn\u00edch intervalech vytv\u00e1\u0159et takov\u00e9 aktivity pro ostatn\u00ed \u017e\u00e1ky i u\u010ditele, aby se zamysleli nad t\u00edm, jak ovliv\u0148uje EU na\u0161e \u017eivoty, jak\u00e9 v\u00fdhody, ale i povinnosti n\u00e1m \u010dlenstv\u00ed v&nbsp;EU p\u0159in\u00e1\u0161\u00ed, jak\u00e9 to bylo p\u0159edt\u00edm, ne\u017e jsme do Unie vstoupili, a jak\u00e9 to bude za 10 nebo 20 let. <\/p>\n\n\n\n<p>Na za\u010d\u00e1tku si patn\u00e1cti\u010dlenn\u00fd t\u00fdm stanovil ambici\u00f3zn\u00ed c\u00edl \u2013 z\u00edskat hlavn\u00ed cenu, cestu do \u0160trasburku, s\u00eddla Evropsk\u00e9ho parlamentu. C\u00edl byl spln\u011bn! <\/p>\n\n\n\n<p>Moji mil\u00ed, mlad\u00ed Evropan\u00e9, celou dobu jsme pozorovaly Va\u0161i pr\u00e1ci a v\u00edme, jak\u00e9 m\u00e1me \u0161t\u011bst\u00ed, \u017ee v\u00e1s m\u016f\u017eeme potk\u00e1vat na na\u0161\u00ed \u0161kole. Jste mlad\u00ed lid\u00e9 se z\u00e1jmem o d\u011bn\u00ed kolem n\u00e1s, s&nbsp;empati\u00ed, se schopnost\u00ed vy\u0159e\u0161it probl\u00e9m a v\u00e9st korektn\u00ed dialog s&nbsp;respektem k&nbsp;n\u00e1zoru druh\u00e9ho. Jste kreativn\u00ed a zodpov\u011bdn\u00ed. Jsme p\u0159esv\u011bd\u010deny, \u017ee s&nbsp;mlad\u00fdmi lidmi jako jste vy nabere d\u011bn\u00ed v&nbsp;Evrop\u011b ten spr\u00e1vn\u00fd sm\u011br! <\/p>\n\n\n\n<p>Ocen\u011bn\u00ed si zaslou\u017e\u00edte a t\u011b\u0161\u00edme se, a\u017e spole\u010dn\u011b zasedneme do lavic Evropsk\u00e9ho parlamentu ve \u0160trasburku. Gratulujeme v\u00e1m v\u0161em!<\/p>\n\n\n\n<p class=\"has-text-align-right\"><em>Monika Brz\u00e1, Julie Jankov\u00e1<\/em><\/p>\n\n\n\n<p class=\"has-text-align-center has-medium-font-size\"><a href=\"https:\/\/photos.google.com\/share\/AF1QipNpBHbm_bAWPX_gJWPC__eoP6InhX4t4b3wwijEs4zCs56YhUq9J64b1DZDnm5mKg?key=UzlWT0lTRC1qcW1IUE9wSk5VQW10Z2VZMnluRWxB\" data-type=\"link\" data-id=\"https:\/\/photos.google.com\/share\/AF1QipNpBHbm_bAWPX_gJWPC__eoP6InhX4t4b3wwijEs4zCs56YhUq9J64b1DZDnm5mKg?key=UzlWT0lTRC1qcW1IUE9wSk5VQW10Z2VZMnluRWxB\" target=\"_blank\" rel=\"noreferrer noopener\">Fotogalerie<\/a><\/p>\n\n\n\n<figure class=\"wp-block-image size-full is-style-rounded\"><a href=\"https:\/\/www.gym-karvina.cz\/wp-content\/uploads\/2025\/06\/Vyslanci_w1000.jpg\"><img loading=\"lazy\" decoding=\"async\" width=\"1000\" height=\"667\" src=\"https:\/\/www.gym-karvina.cz\/wp-content\/uploads\/2025\/06\/Vyslanci_w1000.jpg\" alt=\"\" class=\"wp-image-5432\" srcset=\"https:\/\/www.gym-karvina.cz\/wp-content\/uploads\/2025\/06\/Vyslanci_w1000.jpg 1000w, https:\/\/www.gym-karvina.cz\/wp-content\/uploads\/2025\/06\/Vyslanci_w1000-300x200.jpg 300w, https:\/\/www.gym-karvina.cz\/wp-content\/uploads\/2025\/06\/Vyslanci_w1000-768x512.jpg 768w, https:\/\/www.gym-karvina.cz\/wp-content\/uploads\/2025\/06\/Vyslanci_w1000-24x16.jpg 24w, https:\/\/www.gym-karvina.cz\/wp-content\/uploads\/2025\/06\/Vyslanci_w1000-36x24.jpg 36w, https:\/\/www.gym-karvina.cz\/wp-content\/uploads\/2025\/06\/Vyslanci_w1000-48x32.jpg 48w\" sizes=\"auto, (max-width: 1000px) 100vw, 1000px\" \/><\/a><\/figure>\n","protected":false},"excerpt":{"rendered":"<p>Dne 6. 6. 2025 jsme se v&nbsp;Praze z\u00fa\u010dastnili z\u00e1v\u011bre\u010dn\u00e9 ceremonie a vyhl\u00e1\u0161en\u00ed v\u00edt\u011bz\u016f projektu \u201e\u0160koly \u2013 vyslanci Evropsk\u00e9ho parlamentu\u201c. Vyslanci na\u0161\u00ed \u0161koly si p\u0159ijeli pro kr\u00e1sn\u00e9 druh\u00e9 m\u00edsto. Programu, jeho\u017e c\u00edlem je \u0161\u00ed\u0159it pov\u011bdom\u00ed o&#46;&#46;&#46;<\/p>\n","protected":false},"author":8,"featured_media":5433,"comment_status":"closed","ping_status":"closed","sticky":false,"template":"","format":"standard","meta":{"footnotes":""},"categories":[33],"tags":[],"class_list":["post-5426","post","type-post","status-publish","format-standard","has-post-thumbnail","hentry","category-homepage"],"_links":{"self":[{"href":"https:\/\/www.gym-karvina.cz\/index.php?rest_route=\/wp\/v2\/posts\/5426","targetHints":{"allow":["GET"]}}],"collection":[{"href":"https:\/\/www.gym-karvina.cz\/index.php?rest_route=\/wp\/v2\/posts"}],"about":[{"href":"https:\/\/www.gym-karvina.cz\/index.php?rest_route=\/wp\/v2\/types\/post"}],"author":[{"embeddable":true,"href":"https:\/\/www.gym-karvina.cz\/index.php?rest_route=\/wp\/v2\/users\/8"}],"replies":[{"embeddable":true,"href":"https:\/\/www.gym-karvina.cz\/index.php?rest_route=%2Fwp%2Fv2%2Fcomments&post=5426"}],"version-history":[{"count":2,"href":"https:\/\/www.gym-karvina.cz\/index.php?rest_route=\/wp\/v2\/posts\/5426\/revisions"}],"predecessor-version":[{"id":5434,"href":"https:\/\/www.gym-karvina.cz\/index.php?rest_route=\/wp\/v2\/posts\/5426\/revisions\/5434"}],"wp:featuredmedia":[{"embeddable":true,"href":"https:\/\/www.gym-karvina.cz\/index.php?rest_route=\/wp\/v2\/media\/5433"}],"wp:attachment":[{"href":"https:\/\/www.gym-karvina.cz\/index.php?rest_route=%2Fwp%2Fv2%2Fmedia&parent=5426"}],"wp:term":[{"taxonomy":"category","embeddable":true,"href":"https:\/\/www.gym-karvina.cz\/index.php?rest_route=%2Fwp%2Fv2%2Fcategories&post=5426"},{"taxonomy":"post_tag","embeddable":true,"href":"https:\/\/www.gym-karvina.cz\/index.php?rest_route=%2Fwp%2Fv2%2Ftags&post=5426"}],"curies":[{"name":"wp","href":"https:\/\/api.w.org\/{rel}","templated":true}]}}