{"id":5457,"date":"2025-06-23T09:34:55","date_gmt":"2025-06-23T07:34:55","guid":{"rendered":"https:\/\/www.gym-karvina.cz\/?p=5457"},"modified":"2025-11-13T06:37:38","modified_gmt":"2025-11-13T05:37:38","slug":"european-youth-event-in-strasbourg-aneb-eye-2025","status":"publish","type":"post","link":"https:\/\/www.gym-karvina.cz\/?p=5457","title":{"rendered":"European Youth Event in Strasbourg aneb EYE 2025"},"content":{"rendered":"\n<p>D\u00edky tomu, \u017ee je na\u0161e gymn\u00e1zium za\u0159azeno do programu EPAS \u201e\u0160koly \u2013 vyslanci Evropsk\u00e9ho parlamentu\u201c, v n\u011bm\u017e pat\u0159\u00edme mezi nejl\u00e9pe hodnocen\u00e9 \u0161koly, z\u00edskali jsme poprv\u00e9 mo\u017enost vyslat s finan\u010dn\u00ed podporou Evropsk\u00e9ho parlamentu skupinu dev\u00edti \u017e\u00e1k\u016f na v\u00fd\u0161e jmenovanou happeningovou akci EYE 2025. Ta se kon\u00e1 jednou za dva roky ve \u0160trasburku a nab\u00edz\u00ed pestrou \u0161k\u00e1lu r\u016fzn\u00fdch diskus\u00ed, workshop\u016f, p\u0159edn\u00e1\u0161ek, v\u00fdstav, interaktivn\u00edch stanovi\u0161\u0165 \u010di kulturn\u00edch vystoupen\u00ed. V\u0161ichni mlad\u00ed \u00fa\u010dastn\u00edci si podle sv\u00fdch z\u00e1jm\u016f u\u017e v kv\u011btnu vyb\u00edrali z \u0161irok\u00e9 nab\u00eddky aktivit, do nich\u017e se na m\u00edst\u011b ihned zapojili. Nenechte se zm\u00e1st n\u00e1zvem \u2013 \u00fa\u010dastn\u00edci byli opravdu z cel\u00e9ho sv\u011bta a na\u0161i \u017e\u00e1ci m\u011bli mo\u017enost se s nimi setkat, sd\u00edlet s nimi sv\u00e9 n\u00e1zory, my\u0161lenky a pocity.&nbsp;<\/p>\n\n\n\n<p>\u00danavn\u00e1 n\u011bkolikaetapov\u00e1 cesta \u010dty\u0159mi dopravn\u00edmi prost\u0159edky se vyplatila. J\u00e1 jsem si nap\u0159\u00edklad uv\u011bdomila, \u017ee mlad\u00ed lid\u00e9 by se m\u011bli aktivn\u011b zapojovat do spole\u010densk\u00e9ho d\u011bn\u00ed daleko d\u0159\u00edve ne\u017e tomu bylo zvykem. Zm\u011bny ve spole\u010dnosti mus\u00ed dr\u017eet krok s rychl\u00fdmi zm\u011bnami technologi\u00ed, kter\u00e9 n\u00e1m zjednodu\u0161uj\u00ed \u017eivot, ale tak\u00e9 ovliv\u0148uj\u00ed na\u0161e my\u0161len\u00ed a klimatick\u00e9 podm\u00ednky na planet\u011b. Pades\u00e1tn\u00edk\u016fm se u\u017e v\u011bt\u0161inou zm\u011bny d\u011blat necht\u011bj\u00ed, tak\u017ee ot\u011b\u017ee mus\u00ed p\u0159evz\u00edt t\u0159ic\u00e1tn\u00edci, ale s n\u00e1pady by m\u011bli p\u0159ich\u00e1zet lid\u00e9 je\u0161t\u011b mlad\u0161\u00ed.<\/p>\n\n\n\n<p>Jsem r\u00e1da, \u017ee jsem mohla na\u0161im \u017e\u00e1k\u016fm \u2013 p\u0159edev\u0161\u00edm z \u0159ad Vyslanc\u016f Evropsk\u00e9ho parlamentu \u2013 zprost\u0159edkovat takto d\u016fle\u017eit\u00e1 setk\u00e1n\u00ed se stejn\u011b sm\u00fd\u0161lej\u00edc\u00edmi a \u010dinorod\u00fdmi mlad\u00fdmi lidmi a umo\u017enit jim pozn\u00e1n\u00ed, \u017ee v\u0161ichni cht\u011bj\u00ed tot\u00e9\u017e. Cht\u011bj\u00ed se nejen bavit, ale tak\u00e9 sv\u00fdmi n\u00e1zory a skutky m\u011bnit sv\u011bt.<\/p>\n\n\n\n<p class=\"has-text-align-right\"><em>Iva Vrbov\u00e1<\/em><\/p>\n\n\n\n<p class=\"has-text-align-center has-medium-font-size\"><a href=\"https:\/\/photos.app.goo.gl\/iHxtd923mRbeHucH8\">Fotoalbum<\/a><\/p>\n\n\n\n<figure class=\"wp-block-image size-large is-style-rounded\"><img loading=\"lazy\" decoding=\"async\" width=\"852\" height=\"1024\" src=\"https:\/\/www.gym-karvina.cz\/wp-content\/uploads\/2025\/06\/EYE1-852x1024.jpg\" alt=\"\" class=\"wp-image-5459\" srcset=\"https:\/\/www.gym-karvina.cz\/wp-content\/uploads\/2025\/06\/EYE1-852x1024.jpg 852w, https:\/\/www.gym-karvina.cz\/wp-content\/uploads\/2025\/06\/EYE1-250x300.jpg 250w, https:\/\/www.gym-karvina.cz\/wp-content\/uploads\/2025\/06\/EYE1-768x923.jpg 768w, https:\/\/www.gym-karvina.cz\/wp-content\/uploads\/2025\/06\/EYE1-1278x1536.jpg 1278w, https:\/\/www.gym-karvina.cz\/wp-content\/uploads\/2025\/06\/EYE1-1704x2048.jpg 1704w, https:\/\/www.gym-karvina.cz\/wp-content\/uploads\/2025\/06\/EYE1-20x24.jpg 20w, https:\/\/www.gym-karvina.cz\/wp-content\/uploads\/2025\/06\/EYE1-30x36.jpg 30w, https:\/\/www.gym-karvina.cz\/wp-content\/uploads\/2025\/06\/EYE1-40x48.jpg 40w\" sizes=\"auto, (max-width: 852px) 100vw, 852px\" \/><\/figure>\n\n\n\n<p>Za sebe mohu \u0159\u00edci, \u017ee \u0160trasburk byl neskute\u010dn\u00fdm z\u00e1\u017eitkem. Z cel\u00e9ho eventu vyza\u0159ovala skv\u011bl\u00e1 energie a \u010dlov\u011bk se tam c\u00edtil dob\u0159e. Potkali jsme plno sympatick\u00fdch lid\u00ed z r\u016fzn\u00fdch zem\u00ed a mysl\u00edm si, \u017ee je to zku\u0161enost, kterou \u010dlov\u011bk jen tak nem\u00e1. Aktivity, kter\u00e9 jsme tam m\u011bli, byly zaj\u00edmav\u00e9 a bylo z \u010deho vyb\u00edrat. Hodn\u011b jsme se dozv\u011bd\u011bli, pod\u00edvali se dovnit\u0159 Evropsk\u00e9ho parlamentu a zjistili, jak to tam chod\u00ed. Dokonce jsme mluvili i s n\u011bkter\u00fdmi poslanci EP.<\/p>\n\n\n\n<p class=\"has-text-align-right\"><em>B\u00e1ra Pollakov\u00e1<\/em><\/p>\n\n\n\n<p>Z\u00e1jezd do \u0160trasburku byl pro m\u011b opravdu nezapomenuteln\u00fdm z\u00e1\u017eitkem. M\u011bla jsem mo\u017enost vid\u011bt jednac\u00ed s\u00e1l a dozv\u011bd\u011bt se mnoho zaj\u00edmavost\u00ed o tom, jak funguj\u00ed evropsk\u00e9 instituce. B\u011bhem na\u0161eho pobytu jsme se z\u00fa\u010dastnili r\u016fzn\u00fdch program\u016f, kter\u00e9 byly nejen pou\u010dn\u00e9, ale i z\u00e1bavn\u00e9. Poznala jsem spoustu lid\u00ed z r\u016fzn\u00fdch evropsk\u00fdch zem\u00ed, se kter\u00fdmi jsme si mohli vym\u011bnit n\u00e1zory a zku\u0161enosti. Cel\u00e1 atmosf\u00e9ra parlamentu na m\u011b p\u016fsobila velmi inspirativn\u011b a uv\u011bdomila jsem si, jak d\u016fle\u017eit\u00e1 rozhodnut\u00ed se tam ka\u017ed\u00fd den p\u0159ij\u00edmaj\u00ed. Tento v\u00fdlet mi velmi roz\u0161\u00ed\u0159il obzory a jsem r\u00e1da, \u017ee jsem se ho mohla z\u00fa\u010dastnit.<\/p>\n\n\n\n<p class=\"has-text-align-right\"><em>Tereza Slov\u00e1kov\u00e1<\/em>&nbsp;<\/p>\n\n\n\n<p>Akce EYE 2025 pro m\u011b byla skv\u011blou zku\u0161enost\u00ed. L\u00edbilo se mi setk\u00e1n\u00ed s mlad\u00fdmi lidmi z cel\u00e9 Evropy a diskuze o d\u016fle\u017eit\u00fdch t\u00e9matech, jako jsou lidsk\u00e1 pr\u00e1va nebo klimatick\u00e1 krize. Dozv\u011bd\u011bla jsem se v\u00edce o Evropsk\u00e9m parlamentu a o tom, jak mlad\u00ed lid\u00e9 mohou ovlivnit budoucnost Evropy.<\/p>\n\n\n\n<p class=\"has-text-align-right\"><em>Tamara Szkorupov\u00e1<\/em>&nbsp;<\/p>\n\n\n\n<p>EYE pro m\u011b byl nezapomenuteln\u00fd z\u00e1\u017eitek, na kter\u00fd budu s radost\u00ed vzpom\u00ednat. M\u00edt mo\u017enost pod\u00edvat se do jedn\u00e9 ze dvou hlavn\u00edch budov Evropsk\u00e9ho parlamentu, z\u00fa\u010dastnit se workshop\u016f a p\u0159edn\u00e1\u0161ek spojen\u00fdch s Evropskou uni\u00ed a potkat se se spoustou mlad\u00fdch lid\u00ed z r\u016fzn\u00fdch zem\u00ed Evropsk\u00e9 unie, kte\u0159\u00ed se zaj\u00edmaj\u00ed o d\u011bn\u00ed a cht\u011bj\u00ed posouvat Evropskou unii d\u00e1l, bylo velice inspiruj\u00edc\u00ed a fascinuj\u00edc\u00ed. L\u00edbilo se mi, \u017ee na ka\u017ed\u00e9m rohu byla aktivita, kter\u00e9 jsme se mohli z\u00fa\u010dastnit a t\u00edm se tak v\u00edce vzd\u011bl\u00e1vat. Lid\u00e9 tam byli p\u0159\u00edjemn\u00ed, vym\u011b\u0148ovali jsme si n\u00e1zory a pov\u00eddali si o na\u0161ich zem\u00edch, jak to u n\u00e1s v\u0161echno funguje a co bychom p\u0159\u00edpadn\u011b zm\u011bnili. Odvezla jsem si n\u011bkolik z\u00e1\u017eitk\u016f a zku\u0161enost\u00ed. Jsem hodn\u011b vd\u011b\u010dn\u00e1 za to, \u017ee jsem to mohla za\u017e\u00edt a vid\u011bt, jak se Evropsk\u00e1 unie posouv\u00e1 dop\u0159edu.<\/p>\n\n\n\n<p class=\"has-text-align-right\"><em>Julie Pindorov\u00e1<\/em><\/p>\n","protected":false},"excerpt":{"rendered":"<p>D\u00edky tomu, \u017ee je na\u0161e gymn\u00e1zium za\u0159azeno do programu EPAS \u201e\u0160koly \u2013 vyslanci Evropsk\u00e9ho parlamentu\u201c, v n\u011bm\u017e pat\u0159\u00edme mezi nejl\u00e9pe hodnocen\u00e9 \u0161koly, z\u00edskali jsme poprv\u00e9 mo\u017enost vyslat s finan\u010dn\u00ed podporou Evropsk\u00e9ho parlamentu skupinu dev\u00edti \u017e\u00e1k\u016f&#46;&#46;&#46;<\/p>\n","protected":false},"author":9,"featured_media":5467,"comment_status":"closed","ping_status":"closed","sticky":false,"template":"","format":"standard","meta":{"footnotes":""},"categories":[41,33,42],"tags":[],"class_list":["post-5457","post","type-post","status-publish","format-standard","has-post-thumbnail","hentry","category-akreditace-a2","category-homepage","category-skoly-vyslanci-ep"],"_links":{"self":[{"href":"https:\/\/www.gym-karvina.cz\/index.php?rest_route=\/wp\/v2\/posts\/5457","targetHints":{"allow":["GET"]}}],"collection":[{"href":"https:\/\/www.gym-karvina.cz\/index.php?rest_route=\/wp\/v2\/posts"}],"about":[{"href":"https:\/\/www.gym-karvina.cz\/index.php?rest_route=\/wp\/v2\/types\/post"}],"author":[{"embeddable":true,"href":"https:\/\/www.gym-karvina.cz\/index.php?rest_route=\/wp\/v2\/users\/9"}],"replies":[{"embeddable":true,"href":"https:\/\/www.gym-karvina.cz\/index.php?rest_route=%2Fwp%2Fv2%2Fcomments&post=5457"}],"version-history":[{"count":3,"href":"https:\/\/www.gym-karvina.cz\/index.php?rest_route=\/wp\/v2\/posts\/5457\/revisions"}],"predecessor-version":[{"id":5465,"href":"https:\/\/www.gym-karvina.cz\/index.php?rest_route=\/wp\/v2\/posts\/5457\/revisions\/5465"}],"wp:featuredmedia":[{"embeddable":true,"href":"https:\/\/www.gym-karvina.cz\/index.php?rest_route=\/wp\/v2\/media\/5467"}],"wp:attachment":[{"href":"https:\/\/www.gym-karvina.cz\/index.php?rest_route=%2Fwp%2Fv2%2Fmedia&parent=5457"}],"wp:term":[{"taxonomy":"category","embeddable":true,"href":"https:\/\/www.gym-karvina.cz\/index.php?rest_route=%2Fwp%2Fv2%2Fcategories&post=5457"},{"taxonomy":"post_tag","embeddable":true,"href":"https:\/\/www.gym-karvina.cz\/index.php?rest_route=%2Fwp%2Fv2%2Ftags&post=5457"}],"curies":[{"name":"wp","href":"https:\/\/api.w.org\/{rel}","templated":true}]}}