{"id":5555,"date":"2025-07-28T17:11:00","date_gmt":"2025-07-28T15:11:00","guid":{"rendered":"https:\/\/www.gym-karvina.cz\/?p=5555"},"modified":"2025-11-13T06:36:48","modified_gmt":"2025-11-13T05:36:48","slug":"petra-brzoskova-kurz-v-irsku","status":"publish","type":"post","link":"https:\/\/www.gym-karvina.cz\/?p=5555","title":{"rendered":"Petra Brz\u00f3skov\u00e1 &#8211; kurz v Irsku"},"content":{"rendered":"\n<h6 class=\"wp-block-heading\">7. 7. 2025 \u2013 18. 7. 2025<\/h6>\n\n\n\n<h6 class=\"wp-block-heading\">Erasmus+ Teacher Training Programme: CLIL, Galway Cultural Institute, Galway<\/h6>\n\n\n\n<p>V&nbsp;r\u00e1mci sv\u00e9ho profesn\u00edho rozvoje jsem vyu\u017eila mo\u017enost absolvovat mobilitu v&nbsp;r\u00e1mci programu Erasmus+. Jednalo se o v\u00fdukov\u00fd program pro u\u010ditele v&nbsp;metod\u011b CLIL prob\u00edhaj\u00edc\u00ed v&nbsp;anglick\u00e9m jazyce. Aktivitu jsem absolvovala na jazykov\u00e9 \u0161kole Galway Cultural Institute v Irsku v&nbsp;term\u00ednu od 7.7. do 18.7. 2025.&nbsp; Po p\u0159\u00edjezdu na \u0161kolu m\u011b velmi mile p\u0159ekvapila vst\u0159\u00edcnost veden\u00ed \u0161koly a v\u0161ech vyu\u010duj\u00edc\u00edch a jejich pochopen\u00ed pro studenty, kte\u0159\u00ed nemluv\u00ed plynn\u011b anglicky a maj\u00ed ob\u010das probl\u00e9my se vyj\u00e1d\u0159it. Proto program proto byl rozd\u011blen na dv\u011b \u010d\u00e1sti.<\/p>\n\n\n\n<p>Prvn\u00ed \u010d\u00e1st byla koncipov\u00e1na jako jazykov\u00fd kurz General English in Use, prob\u00edhaj\u00edc\u00ed v&nbsp;mal\u00fdch skupink\u00e1ch (konkr\u00e9tn\u011b v&nbsp;m\u00e9 \u00farovni B1 n\u00e1s bylo 7), kde se st\u0159\u00eddaly hodiny gramatiky a konverzace. Vyu\u010duj\u00edc\u00ed n\u00e1s po celou dobu povzbuzovali, zam\u011b\u0159ili se na nej\u010dast\u011bj\u0161\u00ed chyby, kter\u00e9 jsme v&nbsp;hovoru \u010dinili a v&nbsp;r\u00e1mci konverzace i velmi milou formou upozor\u0148ovali na nedostatky ve v\u00fdslovnosti. Cel\u00e1 v\u00fduka prob\u00edhala ve velmi p\u0159\u00e1telsk\u00e9 atmosf\u00e9\u0159e, co\u017e mi pomohlo se zbavit ostychu a neb\u00e1t se mluvit i s&nbsp;chybami, sou\u010dasn\u011b se mi b\u011bhem t\u00e9to doby v\u00fdrazn\u011b zlep\u0161ila schopnost porozum\u011bn\u00ed mluven\u00e9mu slovu. Skv\u011bl\u00e9 bylo i to, \u017ee jsem se setk\u00e1vala se studenty s&nbsp;r\u016fzn\u00fdch zem\u00ed a v&nbsp;r\u00e1mci konverzace s&nbsp;nimi mohla pohovo\u0159it o r\u016fzn\u00fdch t\u00e9matech a v&nbsp;odpoledn\u00edch hodin\u00e1ch absolvovat r\u016fzn\u00e9 aktivity po\u0159\u00e1dan\u00e9 \u0161kolou.<\/p>\n\n\n\n<p>V&nbsp;druh\u00e9m t\u00fddnu jsem ji\u017e d\u00edky tomu byla p\u0159ipravena na vlastn\u00ed metodick\u00fd kurz absolvovan\u00fd s&nbsp;u\u010diteli z&nbsp;r\u016fzn\u00fdch zem\u00ed (It\u00e1lie, Rakousko, \u0160pan\u011blsko, Reunion), b\u011bhem kter\u00e9ho n\u00e1s lekto\u0159i seznamovali s&nbsp;r\u016fzn\u00fdmi metodami a aktivitami, kter\u00e9 m\u016f\u017eeme v&nbsp;r\u00e1mci v\u00fduky formou metody CLIL v&nbsp;na\u0161ich p\u0159edm\u011btech vyu\u017e\u00edt. Nejednalo se jen o such\u00fd v\u00fd\u010det metod, ale ka\u017edou z&nbsp;nich jsme si vyzkou\u0161eli, prodiskutovali, odhalovali jejich pozitiva a p\u0159\u00edpadn\u00e1 rizika. Hodiny tak ub\u00edhaly velmi rychle a svi\u017en\u011b. V&nbsp;r\u00e1mci p\u0159est\u00e1vek jsem s&nbsp;u\u010diteli sd\u00edlela zku\u0161enosti z&nbsp;vyu\u010dov\u00e1n\u00ed, sb\u00edrala dal\u0161\u00ed inspiraci, diskutovali jsme o syst\u00e9mech vzd\u011bl\u00e1v\u00e1n\u00ed v&nbsp;jednotliv\u00fdch zem\u00edch. Domn\u00edv\u00e1m se, \u017ee krom\u011b z\u00edskan\u00e9 inspirace pro v\u00fduku, m\u011bla tato \u010d\u00e1st aktivity nemal\u00fd vliv na zlep\u0161en\u00ed m\u00fdch jazykov\u00fdch schopnost\u00ed.<\/p>\n\n\n\n<p>V&nbsp;odpoledn\u00edch hodin\u00e1ch a p\u0159es v\u00edkend jsem m\u011bla mo\u017enost nav\u0161t\u00edvit i zaj\u00edmav\u00e1 m\u00edsta v&nbsp;okol\u00ed m\u011bsta Galway a pozn\u00e1vat historii a kulturu v&nbsp;t\u00e9to oblasti Irska (Aransk\u00e9 ostrovy, N\u00e1rodn\u00ed park Conemara, vystoupen\u00ed tradi\u010dn\u00edch irsk\u00fdch tanc\u016f a zp\u011bvu).<\/p>\n\n\n\n<p>Absolvovanou mobilitu v&nbsp;r\u00e1mci programu Erasmus+ hodnot\u00edm jako velmi p\u0159\u00ednosnou a inspiruj\u00edc\u00ed, nebo\u0165 m\u011b motivovala k&nbsp;dal\u0161\u00edmu rozvoji jazykov\u00fdch dovednost\u00ed a pokud bych m\u011bla dal\u0161\u00ed mo\u017enost, ur\u010dit\u011b bych r\u00e1da absolvovala dal\u0161\u00ed mobilitu v&nbsp;oblasti metodick\u00fdch kurz\u016f pro u\u010ditele nebo st\u00ednov\u00e1n\u00ed.<\/p>\n\n\n\n<figure class=\"wp-block-gallery has-nested-images columns-default is-cropped wp-block-gallery-1 is-layout-flex wp-block-gallery-is-layout-flex\">\n<figure data-wp-context=\"{&quot;imageId&quot;:&quot;69ec5bc6343ae&quot;}\" data-wp-interactive=\"core\/image\" data-wp-key=\"69ec5bc6343ae\" class=\"wp-block-image size-large wp-lightbox-container\"><img loading=\"lazy\" decoding=\"async\" width=\"1024\" height=\"771\" data-wp-class--hide=\"state.isContentHidden\" data-wp-class--show=\"state.isContentVisible\" data-wp-init=\"callbacks.setButtonStyles\" data-wp-on--click=\"actions.showLightbox\" data-wp-on--load=\"callbacks.setButtonStyles\" data-wp-on-window--resize=\"callbacks.setButtonStyles\" data-id=\"5556\" src=\"https:\/\/www.gym-karvina.cz\/wp-content\/uploads\/2025\/08\/brzoa1-1024x771.jpg\" alt=\"\" class=\"wp-image-5556\" srcset=\"https:\/\/www.gym-karvina.cz\/wp-content\/uploads\/2025\/08\/brzoa1-1024x771.jpg 1024w, https:\/\/www.gym-karvina.cz\/wp-content\/uploads\/2025\/08\/brzoa1-300x226.jpg 300w, https:\/\/www.gym-karvina.cz\/wp-content\/uploads\/2025\/08\/brzoa1-768x578.jpg 768w, https:\/\/www.gym-karvina.cz\/wp-content\/uploads\/2025\/08\/brzoa1-24x18.jpg 24w, https:\/\/www.gym-karvina.cz\/wp-content\/uploads\/2025\/08\/brzoa1-36x27.jpg 36w, https:\/\/www.gym-karvina.cz\/wp-content\/uploads\/2025\/08\/brzoa1-48x36.jpg 48w, https:\/\/www.gym-karvina.cz\/wp-content\/uploads\/2025\/08\/brzoa1.jpg 1049w\" sizes=\"auto, (max-width: 1024px) 100vw, 1024px\" \/><button\n\t\t\tclass=\"lightbox-trigger\"\n\t\t\ttype=\"button\"\n\t\t\taria-haspopup=\"dialog\"\n\t\t\taria-label=\"Zv\u011bt\u0161it\"\n\t\t\tdata-wp-init=\"callbacks.initTriggerButton\"\n\t\t\tdata-wp-on--click=\"actions.showLightbox\"\n\t\t\tdata-wp-style--right=\"state.imageButtonRight\"\n\t\t\tdata-wp-style--top=\"state.imageButtonTop\"\n\t\t>\n\t\t\t<svg xmlns=\"http:\/\/www.w3.org\/2000\/svg\" width=\"12\" height=\"12\" fill=\"none\" viewBox=\"0 0 12 12\">\n\t\t\t\t<path fill=\"#fff\" d=\"M2 0a2 2 0 0 0-2 2v2h1.5V2a.5.5 0 0 1 .5-.5h2V0H2Zm2 10.5H2a.5.5 0 0 1-.5-.5V8H0v2a2 2 0 0 0 2 2h2v-1.5ZM8 12v-1.5h2a.5.5 0 0 0 .5-.5V8H12v2a2 2 0 0 1-2 2H8Zm2-12a2 2 0 0 1 2 2v2h-1.5V2a.5.5 0 0 0-.5-.5H8V0h2Z\" \/>\n\t\t\t<\/svg>\n\t\t<\/button><\/figure>\n\n\n\n<figure data-wp-context=\"{&quot;imageId&quot;:&quot;69ec5bc6347a1&quot;}\" data-wp-interactive=\"core\/image\" data-wp-key=\"69ec5bc6347a1\" class=\"wp-block-image size-large wp-lightbox-container\"><img loading=\"lazy\" decoding=\"async\" width=\"1024\" height=\"770\" data-wp-class--hide=\"state.isContentHidden\" data-wp-class--show=\"state.isContentVisible\" data-wp-init=\"callbacks.setButtonStyles\" data-wp-on--click=\"actions.showLightbox\" data-wp-on--load=\"callbacks.setButtonStyles\" data-wp-on-window--resize=\"callbacks.setButtonStyles\" data-id=\"5557\" src=\"https:\/\/www.gym-karvina.cz\/wp-content\/uploads\/2025\/08\/brzoa2-1024x770.jpg\" alt=\"\" class=\"wp-image-5557\" srcset=\"https:\/\/www.gym-karvina.cz\/wp-content\/uploads\/2025\/08\/brzoa2-1024x770.jpg 1024w, https:\/\/www.gym-karvina.cz\/wp-content\/uploads\/2025\/08\/brzoa2-300x226.jpg 300w, https:\/\/www.gym-karvina.cz\/wp-content\/uploads\/2025\/08\/brzoa2-768x578.jpg 768w, https:\/\/www.gym-karvina.cz\/wp-content\/uploads\/2025\/08\/brzoa2-24x18.jpg 24w, https:\/\/www.gym-karvina.cz\/wp-content\/uploads\/2025\/08\/brzoa2-36x27.jpg 36w, https:\/\/www.gym-karvina.cz\/wp-content\/uploads\/2025\/08\/brzoa2-48x36.jpg 48w, https:\/\/www.gym-karvina.cz\/wp-content\/uploads\/2025\/08\/brzoa2.jpg 1054w\" sizes=\"auto, (max-width: 1024px) 100vw, 1024px\" \/><button\n\t\t\tclass=\"lightbox-trigger\"\n\t\t\ttype=\"button\"\n\t\t\taria-haspopup=\"dialog\"\n\t\t\taria-label=\"Zv\u011bt\u0161it\"\n\t\t\tdata-wp-init=\"callbacks.initTriggerButton\"\n\t\t\tdata-wp-on--click=\"actions.showLightbox\"\n\t\t\tdata-wp-style--right=\"state.imageButtonRight\"\n\t\t\tdata-wp-style--top=\"state.imageButtonTop\"\n\t\t>\n\t\t\t<svg xmlns=\"http:\/\/www.w3.org\/2000\/svg\" width=\"12\" height=\"12\" fill=\"none\" viewBox=\"0 0 12 12\">\n\t\t\t\t<path fill=\"#fff\" d=\"M2 0a2 2 0 0 0-2 2v2h1.5V2a.5.5 0 0 1 .5-.5h2V0H2Zm2 10.5H2a.5.5 0 0 1-.5-.5V8H0v2a2 2 0 0 0 2 2h2v-1.5ZM8 12v-1.5h2a.5.5 0 0 0 .5-.5V8H12v2a2 2 0 0 1-2 2H8Zm2-12a2 2 0 0 1 2 2v2h-1.5V2a.5.5 0 0 0-.5-.5H8V0h2Z\" \/>\n\t\t\t<\/svg>\n\t\t<\/button><\/figure>\n\n\n\n<figure class=\"wp-block-image size-large\"><img loading=\"lazy\" decoding=\"async\" width=\"768\" height=\"1024\" data-id=\"5559\" src=\"https:\/\/www.gym-karvina.cz\/wp-content\/uploads\/2025\/08\/brzoa4-768x1024.jpg\" alt=\"\" class=\"wp-image-5559\" srcset=\"https:\/\/www.gym-karvina.cz\/wp-content\/uploads\/2025\/08\/brzoa4-768x1024.jpg 768w, https:\/\/www.gym-karvina.cz\/wp-content\/uploads\/2025\/08\/brzoa4-225x300.jpg 225w, https:\/\/www.gym-karvina.cz\/wp-content\/uploads\/2025\/08\/brzoa4-18x24.jpg 18w, https:\/\/www.gym-karvina.cz\/wp-content\/uploads\/2025\/08\/brzoa4-27x36.jpg 27w, https:\/\/www.gym-karvina.cz\/wp-content\/uploads\/2025\/08\/brzoa4-36x48.jpg 36w, https:\/\/www.gym-karvina.cz\/wp-content\/uploads\/2025\/08\/brzoa4.jpg 862w\" sizes=\"auto, (max-width: 768px) 100vw, 768px\" \/><\/figure>\n\n\n\n<figure data-wp-context=\"{&quot;imageId&quot;:&quot;69ec5bc637dc0&quot;}\" data-wp-interactive=\"core\/image\" data-wp-key=\"69ec5bc637dc0\" class=\"wp-block-image size-full wp-lightbox-container\"><img loading=\"lazy\" decoding=\"async\" width=\"861\" height=\"649\" data-wp-class--hide=\"state.isContentHidden\" data-wp-class--show=\"state.isContentVisible\" data-wp-init=\"callbacks.setButtonStyles\" data-wp-on--click=\"actions.showLightbox\" data-wp-on--load=\"callbacks.setButtonStyles\" data-wp-on-window--resize=\"callbacks.setButtonStyles\" data-id=\"5558\" src=\"https:\/\/www.gym-karvina.cz\/wp-content\/uploads\/2025\/08\/brzoa3.jpg\" alt=\"\" class=\"wp-image-5558\" srcset=\"https:\/\/www.gym-karvina.cz\/wp-content\/uploads\/2025\/08\/brzoa3.jpg 861w, https:\/\/www.gym-karvina.cz\/wp-content\/uploads\/2025\/08\/brzoa3-300x226.jpg 300w, https:\/\/www.gym-karvina.cz\/wp-content\/uploads\/2025\/08\/brzoa3-768x579.jpg 768w, https:\/\/www.gym-karvina.cz\/wp-content\/uploads\/2025\/08\/brzoa3-24x18.jpg 24w, https:\/\/www.gym-karvina.cz\/wp-content\/uploads\/2025\/08\/brzoa3-36x27.jpg 36w, https:\/\/www.gym-karvina.cz\/wp-content\/uploads\/2025\/08\/brzoa3-48x36.jpg 48w\" sizes=\"auto, (max-width: 861px) 100vw, 861px\" \/><button\n\t\t\tclass=\"lightbox-trigger\"\n\t\t\ttype=\"button\"\n\t\t\taria-haspopup=\"dialog\"\n\t\t\taria-label=\"Zv\u011bt\u0161it\"\n\t\t\tdata-wp-init=\"callbacks.initTriggerButton\"\n\t\t\tdata-wp-on--click=\"actions.showLightbox\"\n\t\t\tdata-wp-style--right=\"state.imageButtonRight\"\n\t\t\tdata-wp-style--top=\"state.imageButtonTop\"\n\t\t>\n\t\t\t<svg xmlns=\"http:\/\/www.w3.org\/2000\/svg\" width=\"12\" height=\"12\" fill=\"none\" viewBox=\"0 0 12 12\">\n\t\t\t\t<path fill=\"#fff\" d=\"M2 0a2 2 0 0 0-2 2v2h1.5V2a.5.5 0 0 1 .5-.5h2V0H2Zm2 10.5H2a.5.5 0 0 1-.5-.5V8H0v2a2 2 0 0 0 2 2h2v-1.5ZM8 12v-1.5h2a.5.5 0 0 0 .5-.5V8H12v2a2 2 0 0 1-2 2H8Zm2-12a2 2 0 0 1 2 2v2h-1.5V2a.5.5 0 0 0-.5-.5H8V0h2Z\" \/>\n\t\t\t<\/svg>\n\t\t<\/button><\/figure>\n<\/figure>\n\n\n\n<p class=\"has-text-align-right\"><em>Mgr. Petra Brz\u00f3skov\u00e1<\/em><\/p>\n","protected":false},"excerpt":{"rendered":"<p>7. 7. 2025 \u2013 18. 7. 2025 Erasmus+ Teacher Training Programme: CLIL, Galway Cultural Institute, Galway V&nbsp;r\u00e1mci sv\u00e9ho profesn\u00edho rozvoje jsem vyu\u017eila mo\u017enost absolvovat mobilitu v&nbsp;r\u00e1mci programu Erasmus+. Jednalo se o v\u00fdukov\u00fd program pro u\u010ditele&#46;&#46;&#46;<\/p>\n","protected":false},"author":9,"featured_media":3627,"comment_status":"closed","ping_status":"closed","sticky":false,"template":"","format":"standard","meta":{"footnotes":""},"categories":[41],"tags":[],"class_list":["post-5555","post","type-post","status-publish","format-standard","has-post-thumbnail","hentry","category-akreditace-a2"],"_links":{"self":[{"href":"https:\/\/www.gym-karvina.cz\/index.php?rest_route=\/wp\/v2\/posts\/5555","targetHints":{"allow":["GET"]}}],"collection":[{"href":"https:\/\/www.gym-karvina.cz\/index.php?rest_route=\/wp\/v2\/posts"}],"about":[{"href":"https:\/\/www.gym-karvina.cz\/index.php?rest_route=\/wp\/v2\/types\/post"}],"author":[{"embeddable":true,"href":"https:\/\/www.gym-karvina.cz\/index.php?rest_route=\/wp\/v2\/users\/9"}],"replies":[{"embeddable":true,"href":"https:\/\/www.gym-karvina.cz\/index.php?rest_route=%2Fwp%2Fv2%2Fcomments&post=5555"}],"version-history":[{"count":2,"href":"https:\/\/www.gym-karvina.cz\/index.php?rest_route=\/wp\/v2\/posts\/5555\/revisions"}],"predecessor-version":[{"id":5563,"href":"https:\/\/www.gym-karvina.cz\/index.php?rest_route=\/wp\/v2\/posts\/5555\/revisions\/5563"}],"wp:featuredmedia":[{"embeddable":true,"href":"https:\/\/www.gym-karvina.cz\/index.php?rest_route=\/wp\/v2\/media\/3627"}],"wp:attachment":[{"href":"https:\/\/www.gym-karvina.cz\/index.php?rest_route=%2Fwp%2Fv2%2Fmedia&parent=5555"}],"wp:term":[{"taxonomy":"category","embeddable":true,"href":"https:\/\/www.gym-karvina.cz\/index.php?rest_route=%2Fwp%2Fv2%2Fcategories&post=5555"},{"taxonomy":"post_tag","embeddable":true,"href":"https:\/\/www.gym-karvina.cz\/index.php?rest_route=%2Fwp%2Fv2%2Ftags&post=5555"}],"curies":[{"name":"wp","href":"https:\/\/api.w.org\/{rel}","templated":true}]}}