{"id":5675,"date":"2025-09-14T22:35:22","date_gmt":"2025-09-14T20:35:22","guid":{"rendered":"https:\/\/www.gym-karvina.cz\/?p=5675"},"modified":"2025-09-14T22:35:23","modified_gmt":"2025-09-14T20:35:23","slug":"exkurze-do-rakouska","status":"publish","type":"post","link":"https:\/\/www.gym-karvina.cz\/?p=5675","title":{"rendered":"EXKURZE DO RAKOUSKA"},"content":{"rendered":"\n<p>Malebn\u00e1 vesni\u010dka Maishofen, rozprost\u00edraj\u00edc\u00ed se v \u00fadol\u00ed nedalek\u00fdch Alp, m\u00e1v\u00e1 \u017e\u00e1k\u016fm na\u0161eho karvinsk\u00e9ho gymn\u00e1zia na rozlou\u010denou. Z\u00e1jezd do Rakouska, kter\u00fd se uskute\u010dnil <strong>ve dnech 2.\u20135. 9. 2025,<\/strong> je u konce. V\u0161e je zase sbaleno, autobus startuje a \u017e\u00e1ci se naposledy mohou poohl\u00e9dnout za dechberouc\u00ed krajinou. A je skute\u010dn\u011b za \u010d\u00edm se ohl\u00ed\u017eet \u2013 cel\u00e1 pos\u00e1dka si jist\u011b uchov\u00e1v\u00e1 z tohoto idylick\u00e9ho m\u00edsta spoustu z\u00e1\u017eitk\u016f, vzpom\u00ednek a emoc\u00ed, pe\u010dliv\u011b ulo\u017een\u00fdch ve sv\u00fdch srdc\u00edch \u2013 nezapomenuteln\u00fdch a v\u00fdjime\u010dn\u00fdch. Tak si poj\u010fme v\u0161echno \u0159\u00edci od za\u010d\u00e1tku.<\/p>\n\n\n\n<p>N\u00e1\u0161 v\u00fdlet za\u010dal pr\u016fjezdem \u00fadol\u00edm <strong>Wachau<\/strong> a kr\u00e1tkou zast\u00e1vkou v <strong>Melku<\/strong>, kter\u00fd opl\u00fdv\u00e1 vinicemi a vynikaj\u00edc\u00edmi meru\u0148kami, je\u017e m\u00edstn\u00ed pe\u010dliv\u011b p\u011bstuj\u00ed do t\u00e9 nejvyt\u0159\u00edben\u011bj\u0161\u00ed kvality. Jen si to p\u0159edstavte: p\u0159\u00edroda, d\u0159ev\u011bn\u00e9 dome\u010dky a stovky \u0159ad vinn\u00e9 r\u00e9vy, \u0161plhaj\u00edc\u00ed se p\u0159es men\u0161\u00ed vrcholky. Prost\u011b n\u00e1dhera. Na\u0161e cesta t\u00edm v\u0161ak zdaleka nekon\u010dila.<\/p>\n\n\n\n<p>Dal\u0161\u00ed den jsme nav\u0161t\u00edvili kouzeln\u00fd <strong>Gollingsk\u00fd vodop\u00e1d<\/strong> a n\u00e1sledn\u011b se vydali do podzem\u00ed \u2013 p\u0159\u00edmo do samotn\u00e9ho srdce t\u00e9to \u00farodn\u00e9 oblasti, do <strong>soln\u00fdch dol\u016f v Halleinu<\/strong>. Tuto interaktivn\u00ed a nau\u010dnou v\u00fdpravu, plnou z\u00e1bavn\u00fdch skluzavek a vl\u00e1\u010dk\u016f, jsme absolvovali v pat\u0159i\u010dn\u00e9m stejnokroji. Nechyb\u011bla ani n\u00e1v\u0161t\u011bva <strong>Salzburgu<\/strong> a m\u00edstn\u00ed katedr\u00e1ly sv. Virgila a Ruperta.<\/p>\n\n\n\n<p>Z hlubok\u00fdch dol\u016f jsme n\u00e1sleduj\u00edc\u00ed den vystoupali pomoc\u00ed horsk\u00fdch autobus\u016f a v\u00fdtahu na jeden z vrchol\u016f. P\u0159\u00edmo z hory <strong>Kehlstein<\/strong> se p\u0159ed n\u00e1mi rozprost\u00edralo cel\u00e9 panorama p\u016fvabn\u00fdch Alp a okoln\u00edch m\u011bst spole\u010dn\u011b s jezerem <strong>K\u00f6nigssee<\/strong>, kter\u00e9 p\u0159edstavovalo na\u0161i dal\u0161\u00ed zast\u00e1vku. Zdej\u0161\u00ed men\u0161\u00ed promen\u00e1da se stala opravdov\u00fdm \u201ezlat\u00fdm dolem\u201c pro v\u0161echny hladov\u00e9, kte\u0159\u00ed dychtili po pln\u011bn\u00e9m precl\u00edku nebo c\u00edsa\u0159sk\u00e9m trhanci s Nutellou (\u201eKaiserschmarrn\u201d).<\/p>\n\n\n\n<p>Posledn\u00ed den jsme pro\u017eili v klidn\u00e9 atmosf\u00e9\u0159e okol\u00ed m\u011bste\u010dka <strong>Hallstatt<\/strong>. M\u00edstn\u00ed obch\u016fdky a p\u0159\u00edjemn\u00e9 prost\u0159ed\u00ed zakon\u010dily n\u00e1\u0161 v\u00fdlet k dokonalosti.<\/p>\n\n\n\n<p>Ka\u017ed\u00e9 m\u00edsto m\u011blo pro ka\u017ed\u00e9ho \u00fa\u010dastn\u00edka jin\u00fd v\u00fdznam, vyvolalo odli\u0161n\u00fd dojem a navodilo jedine\u010dnou n\u00e1ladu. Jedno v\u0161ak z\u016fst\u00e1v\u00e1 stejn\u00e9 \u2013 \u017ee jsme si Rakousko u\u017eili naplno a nejl\u00e9pe, jak to jen \u0161lo.<\/p>\n\n\n\n<p>Velk\u00e9 d\u00edky pat\u0159\u00ed pan\u00ed u\u010ditelce Foksov\u00e9 za celou organizaci v\u00fdletu a pan\u00ed u\u010ditelce Jankov\u00e9 za zp\u0159\u00edjemn\u011bn\u00ed programu.<\/p>\n\n\n\n<p class=\"has-text-align-right\"><em>Tereza Stonawsk\u00e1 &#8211; 4.B<\/em><\/p>\n\n\n\n<p class=\"has-text-align-center has-medium-font-size\"><strong><a href=\"https:\/\/photos.app.goo.gl\/YdoVJghMC1CReBz47\">FOTOALBUM<\/a><\/strong><\/p>\n","protected":false},"excerpt":{"rendered":"<p>Malebn\u00e1 vesni\u010dka Maishofen, rozprost\u00edraj\u00edc\u00ed se v \u00fadol\u00ed nedalek\u00fdch Alp, m\u00e1v\u00e1 \u017e\u00e1k\u016fm na\u0161eho karvinsk\u00e9ho gymn\u00e1zia na rozlou\u010denou. Z\u00e1jezd do Rakouska, kter\u00fd se uskute\u010dnil ve dnech 2.\u20135. 9. 2025, je u konce. V\u0161e je zase sbaleno, autobus&#46;&#46;&#46;<\/p>\n","protected":false},"author":7,"featured_media":5676,"comment_status":"closed","ping_status":"closed","sticky":false,"template":"","format":"standard","meta":{"footnotes":""},"categories":[33,13],"tags":[],"class_list":["post-5675","post","type-post","status-publish","format-standard","has-post-thumbnail","hentry","category-homepage","category-nj"],"_links":{"self":[{"href":"https:\/\/www.gym-karvina.cz\/index.php?rest_route=\/wp\/v2\/posts\/5675","targetHints":{"allow":["GET"]}}],"collection":[{"href":"https:\/\/www.gym-karvina.cz\/index.php?rest_route=\/wp\/v2\/posts"}],"about":[{"href":"https:\/\/www.gym-karvina.cz\/index.php?rest_route=\/wp\/v2\/types\/post"}],"author":[{"embeddable":true,"href":"https:\/\/www.gym-karvina.cz\/index.php?rest_route=\/wp\/v2\/users\/7"}],"replies":[{"embeddable":true,"href":"https:\/\/www.gym-karvina.cz\/index.php?rest_route=%2Fwp%2Fv2%2Fcomments&post=5675"}],"version-history":[{"count":1,"href":"https:\/\/www.gym-karvina.cz\/index.php?rest_route=\/wp\/v2\/posts\/5675\/revisions"}],"predecessor-version":[{"id":5677,"href":"https:\/\/www.gym-karvina.cz\/index.php?rest_route=\/wp\/v2\/posts\/5675\/revisions\/5677"}],"wp:featuredmedia":[{"embeddable":true,"href":"https:\/\/www.gym-karvina.cz\/index.php?rest_route=\/wp\/v2\/media\/5676"}],"wp:attachment":[{"href":"https:\/\/www.gym-karvina.cz\/index.php?rest_route=%2Fwp%2Fv2%2Fmedia&parent=5675"}],"wp:term":[{"taxonomy":"category","embeddable":true,"href":"https:\/\/www.gym-karvina.cz\/index.php?rest_route=%2Fwp%2Fv2%2Fcategories&post=5675"},{"taxonomy":"post_tag","embeddable":true,"href":"https:\/\/www.gym-karvina.cz\/index.php?rest_route=%2Fwp%2Fv2%2Ftags&post=5675"}],"curies":[{"name":"wp","href":"https:\/\/api.w.org\/{rel}","templated":true}]}}