{"id":5743,"date":"2025-10-09T19:14:44","date_gmt":"2025-10-09T17:14:44","guid":{"rendered":"https:\/\/www.gym-karvina.cz\/?p=5743"},"modified":"2025-10-10T10:31:43","modified_gmt":"2025-10-10T08:31:43","slug":"studentske-volby-do-poslanecke-snemovnny","status":"publish","type":"post","link":"https:\/\/www.gym-karvina.cz\/?p=5743","title":{"rendered":"Studentsk\u00e9 volby do Poslaneck\u00e9 sn\u011bmovny"},"content":{"rendered":"\n<p>Dne 18. z\u00e1\u0159\u00ed 2025 prob\u011bhly na na\u0161em gymn\u00e1ziu studentsk\u00e9 volby do Poslaneck\u00e9 sn\u011bmovny Parlamentu \u010cR, konan\u00e9 v&nbsp;r\u00e1mci celost\u00e1tn\u00edho projektu organizace \u010clov\u011bk v&nbsp;t\u00edsni prost\u0159ednictv\u00edm jeho programu Jeden sv\u011bt na \u0161kol\u00e1ch. Nyn\u00ed, kdy\u017e prob\u011bhly opravdov\u00e9 volby, se tedy m\u016f\u017eeme pod\u00edvat na to, jak volili na\u0161i studenti. Hlavn\u00edm z\u00e1m\u011brem akce bylo, jak student\u016fm p\u0159ibl\u00ed\u017eit fungov\u00e1n\u00ed demokratick\u00fdch voleb a umo\u017enit jim prakticky si vyzkou\u0161et cel\u00fd volebn\u00ed proces, tak sb\u011br informac\u00ed o n\u00e1zorech c\u00edlov\u00e9 skupiny a jejich interpretace.<\/p>\n\n\n\n<p>\u00da\u010dast student\u016f u n\u00e1s byla zhruba 59 %, co\u017e je, mysl\u00edm si, dobr\u00e9, obzvl\u00e1\u0161\u0165 uv\u00e1\u017e\u00edme-li, \u017ee \u00fa\u010dast ve skute\u010dn\u00fdch volb\u00e1ch byla jen asi o 10 % vy\u0161\u0161\u00ed.<\/p>\n\n\n\n<p>Co se pak t\u00fd\u010de samotn\u00fdch v\u00fdsledk\u016f, zv\u00edt\u011bzila koalice SPOLU s&nbsp;20,2 % celkov\u00fdch odevzdan\u00fdch platn\u00fdch hlas\u016f, druz\u00ed byli STAN s&nbsp;19,1 % a t\u0159et\u00ed Motorist\u00e9 s&nbsp;14,9 %.<\/p>\n\n\n\n<p>D\u011bkujeme v\u0161em voli\u010d\u016fm za \u00fa\u010dast, d\u011bkujeme taky garantovi projektu, \u010dlen\u016fm volebn\u00ed komise, v\u0161em, kte\u0159\u00ed n\u011bjak pomohli a Vyslanc\u016fm EP.<\/p>\n\n\n\n<p class=\"has-text-align-right\"><em>\u0160imon Ture\u010dek, p\u0159edseda volebn\u00ed komise<\/em><\/p>\n\n\n\n<p class=\"has-text-align-center has-medium-font-size\"><a href=\"https:\/\/photos.app.goo.gl\/rJo7VHXdrUmfuQJRA\" target=\"_blank\" rel=\"noreferrer noopener\">Fotoalbum<\/a><\/p>\n\n\n<div class=\"wp-block-image\">\n<figure class=\"aligncenter size-large is-resized\"><a href=\"https:\/\/www.gym-karvina.cz\/wp-content\/uploads\/2025\/10\/Graf-1.png\" target=\"_blank\" rel=\" noreferrer noopener\"><img loading=\"lazy\" decoding=\"async\" width=\"1024\" height=\"697\" src=\"https:\/\/www.gym-karvina.cz\/wp-content\/uploads\/2025\/10\/Graf-1-1024x697.png\" alt=\"\" class=\"wp-image-5745\" style=\"width:580px;height:auto\" srcset=\"https:\/\/www.gym-karvina.cz\/wp-content\/uploads\/2025\/10\/Graf-1-1024x697.png 1024w, https:\/\/www.gym-karvina.cz\/wp-content\/uploads\/2025\/10\/Graf-1-300x204.png 300w, https:\/\/www.gym-karvina.cz\/wp-content\/uploads\/2025\/10\/Graf-1-768x522.png 768w, https:\/\/www.gym-karvina.cz\/wp-content\/uploads\/2025\/10\/Graf-1-24x16.png 24w, https:\/\/www.gym-karvina.cz\/wp-content\/uploads\/2025\/10\/Graf-1-36x24.png 36w, https:\/\/www.gym-karvina.cz\/wp-content\/uploads\/2025\/10\/Graf-1-48x33.png 48w, https:\/\/www.gym-karvina.cz\/wp-content\/uploads\/2025\/10\/Graf-1.png 1054w\" sizes=\"auto, (max-width: 1024px) 100vw, 1024px\" \/><\/a><\/figure>\n<\/div>","protected":false},"excerpt":{"rendered":"<p>Dne 18. z\u00e1\u0159\u00ed 2025 prob\u011bhly na na\u0161em gymn\u00e1ziu studentsk\u00e9 volby do Poslaneck\u00e9 sn\u011bmovny Parlamentu \u010cR, konan\u00e9 v&nbsp;r\u00e1mci celost\u00e1tn\u00edho projektu organizace \u010clov\u011bk v&nbsp;t\u00edsni prost\u0159ednictv\u00edm jeho programu Jeden sv\u011bt na \u0161kol\u00e1ch. Nyn\u00ed, kdy\u017e prob\u011bhly opravdov\u00e9 volby, se&#46;&#46;&#46;<\/p>\n","protected":false},"author":8,"featured_media":5744,"comment_status":"closed","ping_status":"closed","sticky":false,"template":"","format":"standard","meta":{"footnotes":""},"categories":[33,42],"tags":[],"class_list":["post-5743","post","type-post","status-publish","format-standard","has-post-thumbnail","hentry","category-homepage","category-skoly-vyslanci-ep"],"_links":{"self":[{"href":"https:\/\/www.gym-karvina.cz\/index.php?rest_route=\/wp\/v2\/posts\/5743","targetHints":{"allow":["GET"]}}],"collection":[{"href":"https:\/\/www.gym-karvina.cz\/index.php?rest_route=\/wp\/v2\/posts"}],"about":[{"href":"https:\/\/www.gym-karvina.cz\/index.php?rest_route=\/wp\/v2\/types\/post"}],"author":[{"embeddable":true,"href":"https:\/\/www.gym-karvina.cz\/index.php?rest_route=\/wp\/v2\/users\/8"}],"replies":[{"embeddable":true,"href":"https:\/\/www.gym-karvina.cz\/index.php?rest_route=%2Fwp%2Fv2%2Fcomments&post=5743"}],"version-history":[{"count":3,"href":"https:\/\/www.gym-karvina.cz\/index.php?rest_route=\/wp\/v2\/posts\/5743\/revisions"}],"predecessor-version":[{"id":5748,"href":"https:\/\/www.gym-karvina.cz\/index.php?rest_route=\/wp\/v2\/posts\/5743\/revisions\/5748"}],"wp:featuredmedia":[{"embeddable":true,"href":"https:\/\/www.gym-karvina.cz\/index.php?rest_route=\/wp\/v2\/media\/5744"}],"wp:attachment":[{"href":"https:\/\/www.gym-karvina.cz\/index.php?rest_route=%2Fwp%2Fv2%2Fmedia&parent=5743"}],"wp:term":[{"taxonomy":"category","embeddable":true,"href":"https:\/\/www.gym-karvina.cz\/index.php?rest_route=%2Fwp%2Fv2%2Fcategories&post=5743"},{"taxonomy":"post_tag","embeddable":true,"href":"https:\/\/www.gym-karvina.cz\/index.php?rest_route=%2Fwp%2Fv2%2Ftags&post=5743"}],"curies":[{"name":"wp","href":"https:\/\/api.w.org\/{rel}","templated":true}]}}